{"id":52801,"date":"2026-01-21T17:31:07","date_gmt":"2026-01-21T20:31:07","guid":{"rendered":"https:\/\/guialimeira.com.br\/?p=52801"},"modified":"2026-01-21T17:31:07","modified_gmt":"2026-01-21T20:31:07","slug":"festival-de-verao-movimenta-praca-central-com-shows-e-gastronomia-em-cordeiropolis-prefeitura-municipal-de-cordeiropolis","status":"publish","type":"post","link":"https:\/\/guialimeira.com.br\/news\/festival-de-verao-movimenta-praca-central-com-shows-e-gastronomia-em-cordeiropolis-prefeitura-municipal-de-cordeiropolis\/","title":{"rendered":"Festival de Ver\u00e3o movimenta Pra\u00e7a Central com shows e gastronomia em Cordeir\u00f3polis \u2013 Prefeitura Municipal de Cordeir\u00f3polis"},"content":{"rendered":"<p> <br \/>\n<\/p>\n<div>\n<p>Cordeir\u00f3polis recebe, entre os dias 22 e 25 de janeiro, o Festival de Ver\u00e3o, na Pra\u00e7a Central \u201cComendador Jamil Abrah\u00e3o Saad\u201d. Com entrada gratuita, o evento re\u00fane m\u00fasica ao vivo, atra\u00e7\u00f5es culturais e pra\u00e7a de alimenta\u00e7\u00e3o. A iniciativa integra a programa\u00e7\u00e3o da prefeitura do Festival de F\u00e9rias, que vai at\u00e9 o final de fevereiro com diversos eventos.<\/p>\n<p>A programa\u00e7\u00e3o musical do Festival de Ver\u00e3o come\u00e7a na quinta (22), \u00e0s 20h, com show da banda Blaze \u2013 Bon Jovi Cover. Na sexta (23), \u00e0s 20h, o p\u00fablico confere Tributo Roupa Nova. J\u00e1 no s\u00e1bado (24), a partir das 16h, a atra\u00e7\u00e3o \u00e9 a banda Rental Machine. No mesmo dia, tem flashback. No domingo (25), acontece o encontro Fusca &amp; Cia 2026. \u00c0s 11h, sobe ao palco a Mandrake\u2019s Rock Band e, \u00e0s 20h, \u00e9 a vez de Paloma Cust\u00f3dio cantar.<\/p>\n<p>Al\u00e9m dos shows e da pra\u00e7a de alimenta\u00e7\u00e3o, o Festival de Ver\u00e3o ter\u00e1 espa\u00e7o kids e permite a entrada de pets. A iniciativa \u00e9 realizada pela FK Produ\u00e7\u00f5es &amp; Eventos, com apoio da Prefeitura de Cordeir\u00f3polis. Mais informa\u00e7\u00f5es podem ser obtidas pelo telefone (19) 98441-9035.<\/p>\n<p><strong>Lamana Metal Fest<\/strong><\/p>\n<p>No domingo (25), tamb\u00e9m acontece o Lamana Metal Fest, um festival de bandas de heavy metal, com exposi\u00e7\u00e3o e pra\u00e7a de alimenta\u00e7\u00e3o. Realizado no Teatro Municipal \u201cJo\u00e3o Pac\u00edfico\u201d\/Centro Cultural \u201cAtaliba Barrocas\u201d, o evento come\u00e7a \u00e0s 7h, com o primeiro show marcado para as 9h. A \u00faltima banda tocar\u00e1 \u00e0s 20h.<\/p>\n<p>No s\u00e1bado (24), como parte da programa\u00e7\u00e3o, haver\u00e1 um plantio de \u00e1rvores na Rua Zuleika, que ser\u00e1 realizado com suporte da Secretaria de Meio Ambiente. O Lamana Metal Fest tem parceria com a prefeitura e \u00e9 promovido por Alceu Guimar\u00e3es, com apoio da C\u00e1ustica, Foto Salvi e TCM Propagandas.<\/p>\n<\/p><\/div>\n<p><br \/>\n<br \/><a href=\"https:\/\/www.cordeiropolis.sp.gov.br\/festival-de-verao-movimenta-praca-central-com-shows-e-gastronomia-em-cordeiropolis\/\" rel=\"noopener\">Informa\u00e7\u00f5es Cordeir\u00f3polis <\/a><\/p>\n","protected":false},"excerpt":{"rendered":"<p>Cordeir\u00f3polis recebe, entre os dias 22 e 25 de janeiro, o Festival de Ver\u00e3o, na Pra\u00e7a Central \u201cComendador Jamil Abrah\u00e3o Saad\u201d. Com entrada gratuita, o evento re\u00fane m\u00fasica ao vivo, atra\u00e7\u00f5es culturais e pra\u00e7a de alimenta\u00e7\u00e3o. A iniciativa integra a programa\u00e7\u00e3o da prefeitura do Festival de F\u00e9rias, que vai at\u00e9 o final de fevereiro com [&hellip;]<\/p>\n","protected":false},"author":1,"featured_media":0,"comment_status":"closed","ping_status":"open","sticky":false,"template":"","format":"standard","meta":{"_jetpack_newsletter_access":"","_jetpack_dont_email_post_to_subs":false,"_jetpack_newsletter_tier_id":0,"_jetpack_memberships_contains_paywalled_content":false,"_mbp_banners":[],"_jetpack_feature_clip_id":0,"_jetpack_memberships_contains_paid_content":false,"footnotes":"","jetpack_publicize_message":"","jetpack_publicize_feature_enabled":true,"jetpack_social_post_already_shared":true,"jetpack_social_options":{"image_generator_settings":{"template":"highway","default_image_id":0,"font":"","enabled":false},"version":2},"jetpack_post_was_ever_published":false},"categories":[20],"tags":[],"class_list":["post-52801","post","type-post","status-publish","format-standard","category-regiao"],"jetpack_publicize_connections":[],"jetpack-related-posts":[],"jetpack_shortlink":"https:\/\/wp.me\/p7Eq1F-dJD","jetpack_sharing_enabled":true,"jetpack_featured_media_url":"","_links":{"self":[{"href":"https:\/\/guialimeira.com.br\/news\/wp-json\/wp\/v2\/posts\/52801","targetHints":{"allow":["GET"]}}],"collection":[{"href":"https:\/\/guialimeira.com.br\/news\/wp-json\/wp\/v2\/posts"}],"about":[{"href":"https:\/\/guialimeira.com.br\/news\/wp-json\/wp\/v2\/types\/post"}],"author":[{"embeddable":true,"href":"https:\/\/guialimeira.com.br\/news\/wp-json\/wp\/v2\/users\/1"}],"replies":[{"embeddable":true,"href":"https:\/\/guialimeira.com.br\/news\/wp-json\/wp\/v2\/comments?post=52801"}],"version-history":[{"count":1,"href":"https:\/\/guialimeira.com.br\/news\/wp-json\/wp\/v2\/posts\/52801\/revisions"}],"predecessor-version":[{"id":52802,"href":"https:\/\/guialimeira.com.br\/news\/wp-json\/wp\/v2\/posts\/52801\/revisions\/52802"}],"wp:attachment":[{"href":"https:\/\/guialimeira.com.br\/news\/wp-json\/wp\/v2\/media?parent=52801"}],"wp:term":[{"taxonomy":"category","embeddable":true,"href":"https:\/\/guialimeira.com.br\/news\/wp-json\/wp\/v2\/categories?post=52801"},{"taxonomy":"post_tag","embeddable":true,"href":"https:\/\/guialimeira.com.br\/news\/wp-json\/wp\/v2\/tags?post=52801"}],"curies":[{"name":"wp","href":"https:\/\/api.w.org\/{rel}","templated":true}]}}