{"id":5276,"date":"2024-05-16T16:54:44","date_gmt":"2024-05-16T19:54:44","guid":{"rendered":"https:\/\/guialimeira.com.br\/2024\/05\/16\/prefeitura-promove-palestra-com-foco-em-contratacao-de-talentos\/"},"modified":"2024-05-16T16:54:44","modified_gmt":"2024-05-16T19:54:44","slug":"prefeitura-promove-palestra-com-foco-em-contratacao-de-talentos","status":"publish","type":"post","link":"https:\/\/guialimeira.com.br\/news\/prefeitura-promove-palestra-com-foco-em-contratacao-de-talentos\/","title":{"rendered":"Prefeitura promove palestra com foco em contrata\u00e7\u00e3o de talentos"},"content":{"rendered":"<p> <br \/>\n<\/p>\n<div>\n            <main class=\"\">&#13;<br \/>\n                &#13;<br \/>\n&#13;<br \/>\n&#13;<br \/>\n&#13;<br \/>\n    <img data-recalc-dims=\"1\" decoding=\"async\" src=\"https:\/\/i0.wp.com\/ecrie.com.br\/sistema\/conteudos\/imagem\/m_137_0_1_16052024160422.jpg?w=696&#038;ssl=1\" alt=\"Prefeitura promove palestra com foco em contrata\u00e7\u00e3o de talentos\"\/>&#13;<br \/>\n&#13;<\/p>\n<p style=\"text-align: justify;\">A Prefeitura de Limeira, por meio da Secretaria de Desenvolvimento, Turismo e Inova\u00e7\u00e3o e a N\u00facleo RH, promovem na pr\u00f3xima quinta-feira (23), \u00e0s 19h, no Espa\u00e7o Elo, a palestra \u201cComo contratar talentos e engajar equipes\u201d, ministrada pelo Sebrae. Os interessados podem se inscrever at\u00e9 o dia 20, por meio do link <a href=\"https:\/\/bit.ly\/palestratalentos\" target=\"_blank\" rel=\"noopener\">https:\/\/bit.ly\/palestratalentos<\/a>. A iniciativa \u00e9 voltada a empreendedores que desejam aperfei\u00e7oar os seus processos de contrata\u00e7\u00e3o de novos profissionais.\u00a0<\/p>\n<p>&#13;<\/p>\n<p style=\"text-align: justify;\">Segundo a pasta, dentre os temas abordados, os participantes aprender\u00e3o t\u00e9cnicas para encontrar os melhores candidatos, desde a cria\u00e7\u00e3o de an\u00fancios atrativos at\u00e9 a utiliza\u00e7\u00e3o de ferramentas inovadoras de recrutamento. Al\u00e9m disso, os inscritos aprender\u00e3o sobre o poder da lideran\u00e7a e como manter suas equipes engajadas a partir da cria\u00e7\u00e3o e manuten\u00e7\u00e3o de uma cultura organizacional positiva.<\/p>\n<p>&#13;<\/p>\n<p style=\"text-align: justify;\">A atividade se d\u00e1 a partir do projeto Oficina do Recrutamento 2024, na qual os empres\u00e1rios participantes da palestra e demais a\u00e7\u00f5es seguintes ser\u00e3o contemplados podendo divulgar suas vagas em aberto e participar ativamente do evento previsto para julho, que visa o processo de recrutamento e sele\u00e7\u00e3o qualificado de profissionais que ser\u00e3o previamente instru\u00eddos pela N\u00facleo RH.<\/p>\n<p>&#13;<br \/>\n&#13;<br \/>\n&#13;<br \/>\n&#13;<\/p>\n<aside class=\"list-related no-print\">&#13;<br \/>\n        &#13;<br \/>\n&#13;<\/p>\n<article class=\"list-item noticias \">&#13;<br \/>\n                    <a class=\"list-item__img\" href=\"https:\/\/limeira.sp.gov.br\/imprensa\/noticias\/desenvolvimento-turismo-e-inovacao\/acoes-voltadas-a-inovacao-e-tecnologia-rendem-premio-a-limeira\" tabindex=\"-1\" aria-hidden=\"true\" rel=\"noopener\">&#13;<br \/>\n                        <img data-recalc-dims=\"1\" decoding=\"async\" src=\"https:\/\/i0.wp.com\/ecrie.com.br\/sistema\/conteudos\/imagem\/m_137_2_2_14052024150439.jpg?w=696&#038;ssl=1\" alt=\"A\u00e7\u00f5es voltadas \u00e0 inova\u00e7\u00e3o e tecnologia rendem pr\u00eamio a Limeira\"\/>&#13;<br \/>\n                    <\/a>&#13;<br \/>\n&#13;<br \/>\n                &#13;<br \/>\n            <\/article>\n<p>&#13;<\/p>\n<article class=\"list-item noticias \">&#13;<br \/>\n                    <a class=\"list-item__img\" href=\"https:\/\/limeira.sp.gov.br\/imprensa\/noticias\/desenvolvimento-turismo-e-inovacao\/acoes-em-tecnologia-e-infraestrutura-rendem-premioinovacidade-2024-para-limeira\" tabindex=\"-1\" aria-hidden=\"true\" rel=\"noopener\">&#13;<br \/>\n                        <img data-recalc-dims=\"1\" decoding=\"async\" src=\"https:\/\/i0.wp.com\/ecrie.com.br\/sistema\/conteudos\/imagem\/m_137_0_1_08052024115458.jpg?w=696&#038;ssl=1\" alt=\"A\u00e7\u00f5es em tecnologia e infraestrutura rendem pr\u00eamio\u00a0InovaCidade 2024 para Limeira\"\/>&#13;<br \/>\n                    <\/a>&#13;<br \/>\n&#13;<br \/>\n                &#13;<br \/>\n            <\/article>\n<p>&#13;<\/p>\n<article class=\"list-item noticias \">&#13;<br \/>\n                    <a class=\"list-item__img\" href=\"https:\/\/limeira.sp.gov.br\/imprensa\/noticias\/desenvolvimento-turismo-e-inovacao\/ministerio-do-turismo-abre-inscricoes-para-cursos-gratuitos\" tabindex=\"-1\" aria-hidden=\"true\" rel=\"noopener\">&#13;<br \/>\n                        <img data-recalc-dims=\"1\" decoding=\"async\" src=\"https:\/\/i0.wp.com\/ecrie.com.br\/sistema\/conteudos\/imagem\/m_137_52_123_15122022144819.jpg?w=696&#038;ssl=1\" alt=\"Minist\u00e9rio do Turismo abre inscri\u00e7\u00f5es para cursos gratuitos\"\/>&#13;<br \/>\n                    <\/a>&#13;<br \/>\n&#13;<br \/>\n                &#13;<br \/>\n            <\/article>\n<p>&#13;<br \/>\n    <\/aside>\n<p>&#13;<br \/>\n&#13;<br \/>\n            <\/main><\/p><\/div>\n<p><br \/>\n<br \/><a href=\"https:\/\/limeira.sp.gov.br\/prefeitura-promove-palestra-com-foco-em-contratacao-de-talentos\" rel=\"noopener\">Informa\u00e7\u00f5es da PML <\/a><\/p>\n","protected":false},"excerpt":{"rendered":"<p>&#13; &#13; &#13; &#13; &#13; &#13; &#13; A Prefeitura de Limeira, por meio da Secretaria de Desenvolvimento, Turismo e Inova\u00e7\u00e3o e a N\u00facleo RH, promovem na pr\u00f3xima quinta-feira (23), \u00e0s 19h, no Espa\u00e7o Elo, a palestra \u201cComo contratar talentos e engajar equipes\u201d, ministrada pelo Sebrae. Os interessados podem se inscrever at\u00e9 o dia 20, por [&hellip;]<\/p>\n","protected":false},"author":1,"featured_media":5277,"comment_status":"open","ping_status":"open","sticky":false,"template":"","format":"standard","meta":{"_jetpack_newsletter_access":"","_jetpack_dont_email_post_to_subs":false,"_jetpack_newsletter_tier_id":0,"_jetpack_memberships_contains_paywalled_content":false,"_mbp_banners":[],"_jetpack_feature_clip_id":0,"_jetpack_memberships_contains_paid_content":false,"footnotes":"","jetpack_publicize_message":"","jetpack_publicize_feature_enabled":true,"jetpack_social_post_already_shared":true,"jetpack_social_options":{"image_generator_settings":{"template":"highway","default_image_id":0,"font":"","enabled":false},"version":2},"jetpack_post_was_ever_published":false},"categories":[16],"tags":[],"class_list":["post-5276","post","type-post","status-publish","format-standard","has-post-thumbnail","category-local"],"jetpack_publicize_connections":[],"jetpack-related-posts":[],"jetpack_shortlink":"https:\/\/wp.me\/p7Eq1F-1n6","jetpack_sharing_enabled":true,"jetpack_featured_media_url":"https:\/\/i0.wp.com\/guialimeira.com.br\/news\/wp-content\/uploads\/2024\/05\/m_137_0_1_16052024160422.jpg?fit=800%2C800&ssl=1","_links":{"self":[{"href":"https:\/\/guialimeira.com.br\/news\/wp-json\/wp\/v2\/posts\/5276","targetHints":{"allow":["GET"]}}],"collection":[{"href":"https:\/\/guialimeira.com.br\/news\/wp-json\/wp\/v2\/posts"}],"about":[{"href":"https:\/\/guialimeira.com.br\/news\/wp-json\/wp\/v2\/types\/post"}],"author":[{"embeddable":true,"href":"https:\/\/guialimeira.com.br\/news\/wp-json\/wp\/v2\/users\/1"}],"replies":[{"embeddable":true,"href":"https:\/\/guialimeira.com.br\/news\/wp-json\/wp\/v2\/comments?post=5276"}],"version-history":[{"count":0,"href":"https:\/\/guialimeira.com.br\/news\/wp-json\/wp\/v2\/posts\/5276\/revisions"}],"wp:featuredmedia":[{"embeddable":true,"href":"https:\/\/guialimeira.com.br\/news\/wp-json\/wp\/v2\/media\/5277"}],"wp:attachment":[{"href":"https:\/\/guialimeira.com.br\/news\/wp-json\/wp\/v2\/media?parent=5276"}],"wp:term":[{"taxonomy":"category","embeddable":true,"href":"https:\/\/guialimeira.com.br\/news\/wp-json\/wp\/v2\/categories?post=5276"},{"taxonomy":"post_tag","embeddable":true,"href":"https:\/\/guialimeira.com.br\/news\/wp-json\/wp\/v2\/tags?post=5276"}],"curies":[{"name":"wp","href":"https:\/\/api.w.org\/{rel}","templated":true}]}}