{"id":5274,"date":"2024-05-16T16:42:56","date_gmt":"2024-05-16T19:42:56","guid":{"rendered":"https:\/\/guialimeira.com.br\/2024\/05\/16\/vestibular-2025-fuvest-recebe-pedidos-de-isencao-e-reducao-de-taxa-de-inscricao\/"},"modified":"2024-05-16T16:42:56","modified_gmt":"2024-05-16T19:42:56","slug":"vestibular-2025-fuvest-recebe-pedidos-de-isencao-e-reducao-de-taxa-de-inscricao","status":"publish","type":"post","link":"https:\/\/guialimeira.com.br\/news\/vestibular-2025-fuvest-recebe-pedidos-de-isencao-e-reducao-de-taxa-de-inscricao\/","title":{"rendered":"Vestibular 2025: Fuvest recebe pedidos de isen\u00e7\u00e3o e redu\u00e7\u00e3o de taxa de inscri\u00e7\u00e3o"},"content":{"rendered":"<p> <br \/>\n<\/p>\n<div id=\"\">&#13;<br \/>\n                                <!-- Title -->&#13;<br \/>\n                                &#13;<br \/>\n&#13;<br \/>\n                                <!-- Excerpt -->&#13;<\/p>\n<p class=\"excerpt\">Estudantes com renda insuficiente podem fazer o pedido on-line de redu\u00e7\u00e3o ou isen\u00e7\u00e3o da taxa de inscri\u00e7\u00e3o at\u00e9 o dia 12 de julho&#13;\n<\/p>\n<p>&#13;<br \/>\n&#13;<br \/>\n                                &#13;\n                            <\/p><\/div>\n<div id=\"\">&#13;<\/p>\n<figure id=\"attachment_5885843\" style=\"width: 100%;max-width: 800px\" class=\"wp-caption alignnone\"><img data-recalc-dims=\"1\" decoding=\"async\" loading=\"lazy\" class=\"size-full wp-image-5885843\" src=\"https:\/\/i0.wp.com\/www.saopaulo.sp.gov.br\/wp-content\/uploads\/2024\/05\/20240514_00_fuvest2025_vestibular.jpg?resize=696%2C365&#038;ssl=1\" alt=\"\" width=\"696\" height=\"365\" srcset=\"https:\/\/www.saopaulo.sp.gov.br\/wp-content\/uploads\/2024\/05\/20240514_00_fuvest2025_vestibular.jpg 800w, https:\/\/www.saopaulo.sp.gov.br\/wp-content\/uploads\/2024\/05\/20240514_00_fuvest2025_vestibular-300x158.jpg 300w, https:\/\/www.saopaulo.sp.gov.br\/wp-content\/uploads\/2024\/05\/20240514_00_fuvest2025_vestibular-768x403.jpg 768w\" sizes=\"auto, (max-width: 800px) 100vw, 800px\"\/><figcaption class=\"wp-caption-text\">Concurso vestibular da Fuvest 2025 aceita pedidos para redu\u00e7\u00e3o ou isen\u00e7\u00e3o da taxa de inscri\u00e7\u00e3o<\/figcaption><\/figure>\n<p>Quem pretende tentar uma vaga para ingresso na USP em 2025 e tem condi\u00e7\u00e3o de vulnerabilidade socioecon\u00f4mica j\u00e1 pode fazer o pedido de redu\u00e7\u00e3o ou isen\u00e7\u00e3o de taxa de inscri\u00e7\u00e3o para o concurso vestibular da Fuvest (Funda\u00e7\u00e3o Universit\u00e1ria para o Vestibular), que \u00e9 de R$ 211,00. Os pedidos de redu\u00e7\u00e3o ou isen\u00e7\u00e3o podem ser feitos at\u00e9 o dia 12 de julho de 2024 pelo site <a href=\"http:\/\/www.fuvest.br\/\" target=\"_blank\" rel=\"noopener noreferrer\">www.fuvest.br,<\/a>\u00a0ao clicar em \u201cvestibular\u201d e depois efetuar o login ou ao se cadastrar no site, preencher o formul\u00e1rio com os dados solicitados e anexar vers\u00e3o digitalizada de todos os documentos requeridos.<\/p>\n<p>Os resultados dos pedidos de redu\u00e7\u00e3o e isen\u00e7\u00e3o de taxa de inscri\u00e7\u00e3o ser\u00e3o divulgados no dia 5 de agosto e o prazo para interposi\u00e7\u00e3o de recursos ser\u00e1 entre 5 e 12 de agosto<strong>\u00a0<\/strong>por meio da<a href=\"https:\/\/app.fuvest.br\/login\" target=\"_blank\" rel=\"noopener noreferrer\">\u00a0\u00e1rea do candidato do site da Fuvest<\/a>.<\/p>\n<p>Podem se candidatar \u00e0 isen\u00e7\u00e3o ou redu\u00e7\u00e3o da taxa aqueles que tiverem cursado ou conclu\u00eddo todo o ensino m\u00e9dio em escola do sistema p\u00fablico de ensino do Brasil, bem como o ensino m\u00e9dio por meio de exames nacionais de certifica\u00e7\u00e3o, como o Exame Nacional do Ensino M\u00e9dio (Enem) e o Exame Nacional para Certifica\u00e7\u00e3o de Compet\u00eancias de Jovens e Adultos (Encceja).<\/p>\n<p>Tamb\u00e9m est\u00e3o aptos a solicitar o benef\u00edcio candidatos provenientes de escolas n\u00e3o pertencentes \u00e0 rede p\u00fablica de ensino, mas que mantenham educa\u00e7\u00e3o gratuita; escolas pertencentes ao Sistema Senai, Sesi ou Senac; ou escola particular ou privada, quando o candidato tiver obtido bolsa de estudos integral ou superior a 50% do valor da mensalidade.<\/p>\n<p>A renda de at\u00e9 R$ 2.118,00 (pessoal bruta do candidato ou per capita familiar) pode dar direito \u00e0 isen\u00e7\u00e3o total da taxa de inscri\u00e7\u00e3o, concedida pelo Conselho Curador, desde que o candidato atenda \u00e0s exig\u00eancias do regulamento. Faixas de renda maiores at\u00e9 R$ 4.236,00 podem dar direito \u00e0 redu\u00e7\u00e3o de 50% conforme itens do regulamento.<\/p>\n<p>As inscri\u00e7\u00f5es para o Concurso Vestibular Fuvest 2025 estar\u00e3o abertas entre 19 de agosto e 8 de outubro. A 1\u00aa fase do exame est\u00e1 agendada para 17 de novembro, e a 2\u00aa fase, para os dias 15 e 16 de dezembro de 2024.<\/p>\n<p>Para mais informa\u00e7\u00f5es, acesse\u00a0<a href=\"https:\/\/www.fuvest.br\/vestibular-da-usp\/\" rel=\"noopener\">www.fuvest.br<\/a>.<\/p>\n<p>Siga o canal \u201cGoverno de S\u00e3o Paulo\u201d no WhatsApp:<br \/><a href=\"https:\/\/bit.ly\/govspnozap\" target=\"_blank\" rel=\"noopener noreferrer\">https:\/\/bit.ly\/govspnozap<\/a><\/p>\n<\/p><\/div>\n<p><br \/>\n<br \/><a href=\"https:\/\/www.saopaulo.sp.gov.br\/spnoticias\/ultimas-noticias\/vestibular-2025-fuvest-recebe-pedidos-de-isencao-e-reducao-de-taxa-de-inscricao\/\" rel=\"noopener\">Informa\u00e7\u00f5es GOV.SP<\/a><\/p>\n","protected":false},"excerpt":{"rendered":"<p>&#13; &#13; &#13; &#13; &#13; Estudantes com renda insuficiente podem fazer o pedido on-line de redu\u00e7\u00e3o ou isen\u00e7\u00e3o da taxa de inscri\u00e7\u00e3o at\u00e9 o dia 12 de julho&#13; &#13; &#13; &#13; &#13; Concurso vestibular da Fuvest 2025 aceita pedidos para redu\u00e7\u00e3o ou isen\u00e7\u00e3o da taxa de inscri\u00e7\u00e3o Quem pretende tentar uma vaga para ingresso na [&hellip;]<\/p>\n","protected":false},"author":1,"featured_media":5275,"comment_status":"open","ping_status":"open","sticky":false,"template":"","format":"standard","meta":{"_jetpack_newsletter_access":"","_jetpack_dont_email_post_to_subs":false,"_jetpack_newsletter_tier_id":0,"_jetpack_memberships_contains_paywalled_content":false,"_mbp_banners":[],"_jetpack_feature_clip_id":0,"_jetpack_memberships_contains_paid_content":false,"footnotes":"","jetpack_publicize_message":"","jetpack_publicize_feature_enabled":true,"jetpack_social_post_already_shared":true,"jetpack_social_options":{"image_generator_settings":{"template":"highway","default_image_id":0,"font":"","enabled":false},"version":2},"jetpack_post_was_ever_published":false},"categories":[21],"tags":[],"class_list":["post-5274","post","type-post","status-publish","format-standard","has-post-thumbnail","category-sp-news"],"jetpack_publicize_connections":[],"jetpack-related-posts":[],"jetpack_shortlink":"https:\/\/wp.me\/p7Eq1F-1n4","jetpack_sharing_enabled":true,"jetpack_featured_media_url":"https:\/\/i0.wp.com\/guialimeira.com.br\/news\/wp-content\/uploads\/2024\/05\/Vestibular-2025-Fuvest-recebe-pedidos-de-isencao-e-reducao-de.jpg?fit=800%2C420&ssl=1","_links":{"self":[{"href":"https:\/\/guialimeira.com.br\/news\/wp-json\/wp\/v2\/posts\/5274","targetHints":{"allow":["GET"]}}],"collection":[{"href":"https:\/\/guialimeira.com.br\/news\/wp-json\/wp\/v2\/posts"}],"about":[{"href":"https:\/\/guialimeira.com.br\/news\/wp-json\/wp\/v2\/types\/post"}],"author":[{"embeddable":true,"href":"https:\/\/guialimeira.com.br\/news\/wp-json\/wp\/v2\/users\/1"}],"replies":[{"embeddable":true,"href":"https:\/\/guialimeira.com.br\/news\/wp-json\/wp\/v2\/comments?post=5274"}],"version-history":[{"count":0,"href":"https:\/\/guialimeira.com.br\/news\/wp-json\/wp\/v2\/posts\/5274\/revisions"}],"wp:featuredmedia":[{"embeddable":true,"href":"https:\/\/guialimeira.com.br\/news\/wp-json\/wp\/v2\/media\/5275"}],"wp:attachment":[{"href":"https:\/\/guialimeira.com.br\/news\/wp-json\/wp\/v2\/media?parent=5274"}],"wp:term":[{"taxonomy":"category","embeddable":true,"href":"https:\/\/guialimeira.com.br\/news\/wp-json\/wp\/v2\/categories?post=5274"},{"taxonomy":"post_tag","embeddable":true,"href":"https:\/\/guialimeira.com.br\/news\/wp-json\/wp\/v2\/tags?post=5274"}],"curies":[{"name":"wp","href":"https:\/\/api.w.org\/{rel}","templated":true}]}}