{"id":5271,"date":"2024-05-16T16:40:51","date_gmt":"2024-05-16T19:40:51","guid":{"rendered":"https:\/\/guialimeira.com.br\/2024\/05\/16\/morre-antero-greco-referencia-do-jornalismo-esportivo-brasileiro\/"},"modified":"2024-05-16T16:40:51","modified_gmt":"2024-05-16T19:40:51","slug":"morre-antero-greco-referencia-do-jornalismo-esportivo-brasileiro","status":"publish","type":"post","link":"https:\/\/guialimeira.com.br\/news\/morre-antero-greco-referencia-do-jornalismo-esportivo-brasileiro\/","title":{"rendered":"Morre Antero Greco, refer\u00eancia do jornalismo esportivo brasileiro"},"content":{"rendered":"<p> <br \/>\n<\/p>\n<div>\n<p>A comunica\u00e7\u00e3o esportiva brasileira perdeu Antero Greco. O jornalista faleceu na madrugada desta quinta-feira (16), aos 69 anos, em S\u00e3o Paulo, devido \u00e0 complica\u00e7\u00f5es de um tumor cerebral contra o qual lutava desde junho de 2022. Ele estava internado na unidade Mirante do Hospital Benefic\u00eancia Portuguesa, na Bela Vista, regi\u00e3o central da capital paulista.<img data-recalc-dims=\"1\" decoding=\"async\" src=\"https:\/\/i0.wp.com\/agenciabrasil.ebc.com.br\/ebc.png?w=696&#038;ssl=1\" style=\"width:1px; height:1px; display:inline;\"\/><img data-recalc-dims=\"1\" decoding=\"async\" src=\"https:\/\/i0.wp.com\/agenciabrasil.ebc.com.br\/ebc.gif?w=696&#038;ssl=1\" style=\"width:1px; height:1px; display:inline;\"\/><\/p>\n<p>A informa\u00e7\u00e3o sobre a morte de Antero foi confirmada pelo canal ESPN, onde o jornalista trabalhava como comentarista desde 1994. Ele \u00e9 velado no Cemit\u00e9rio do Redentor, no Sumar\u00e9, zona oeste de S\u00e3o Paulo, onde ser\u00e1 enterrado \u00e0s 16h (hor\u00e1rio de Bras\u00edlia).<\/p>\n<blockquote class=\"twitter-tweet\">\n<p dir=\"ltr\" lang=\"pt\" xml:lang=\"pt\">N\u00e3o h\u00e1 not\u00edcia mais triste a dar hoje do que dizer que Antero Greco nos deixou. Que perdemos o camisa 10 das reda\u00e7\u00f5es esportivas.<\/p>\n<p>Obrigado, Antero. <a href=\"https:\/\/t.co\/VYFbJEnkdW\">pic.twitter.com\/VYFbJEnkdW<\/a><\/p>\n<p>\u2014 ESPN Brasil (@ESPNBrasil) <a href=\"https:\/\/twitter.com\/ESPNBrasil\/status\/1791084475255837067?ref_src=twsrc%5Etfw\" rel=\"noopener\">May 16, 2024<\/a><\/p><\/blockquote>\n<p>O falecimento de Antero repercutiu no meio esportivo, com jornalistas e clubes de futebol do pa\u00eds, al\u00e9m da Confedera\u00e7\u00e3o Brasileira de Futebol (CBF), manifestando-se pelas redes sociais. Entre eles, o Palmeiras, time do cora\u00e7\u00e3o do comentarista. O presidente Luiz In\u00e1cio Lula da Silva tamb\u00e9m se pronunciou, no<a href=\"https:\/\/twitter.com\/LulaOficial\/status\/1791123463035404550\" rel=\"noopener\"><strong> X (antigo Twitter).<\/strong><\/a><\/p>\n<blockquote>\n<p>&#8220;Uma trajet\u00f3ria profissional brilhante, e sempre um defensor da democracia. Filho de imigrantes italianos, Antero Greco deixa a esposa, Leila, e seus dois filhos. Meus sentimentos e meu abra\u00e7o solid\u00e1rio aos familiares, amigos e admiradores do trabalho de Antero Greco&#8221;, escreveu Lula.\u00a0<\/p>\n<\/blockquote>\n<p>Antero Greco nasceu em 2 de junho de 1954, em S\u00e3o Paulo. Formado em Jornalismo pela Universidade de S\u00e3o Paulo (USP), iniciou-se na profiss\u00e3o h\u00e1 50 anos, no jornal O Estado de S. Paulo, onde atuou como revisor, rep\u00f3rter, chefe de reportagem e editor. Trabalhou, ainda, nos jornais Di\u00e1rio Popular, Popular da Tarde e Folha de S. Paulo.<\/p>\n<blockquote class=\"twitter-tweet\">\n<p dir=\"ltr\" lang=\"pt\" xml:lang=\"pt\">A Sociedade Esportiva Palmeiras lamenta a morte de Antero Greco, um dos principais jornalistas do Brasil. Profissional exemplar e palestrino de cora\u00e7\u00e3o, Antero deixa um legado de amor ao futebol e \u00e0 vida que perdurar\u00e1 para sempre em nossos cora\u00e7\u00f5es. Prestamos condol\u00eancias aos\u2026 <a href=\"https:\/\/t.co\/tZQSaAKNnM\">pic.twitter.com\/tZQSaAKNnM<\/a><\/p>\n<p>\u2014 SE Palmeiras (@Palmeiras) <a href=\"https:\/\/twitter.com\/Palmeiras\/status\/1791079213136486828?ref_src=twsrc%5Etfw\" rel=\"noopener\">May 16, 2024<\/a><\/p><\/blockquote>\n<p>Na televis\u00e3o, passou por SBT e Band, mas ficou marcado pelos 30 anos dedicados \u00e0 ESPN, especialmente pela parceria com Paulo Soares, conhecido como Amig\u00e3o, na apresenta\u00e7\u00e3o da edi\u00e7\u00e3o noturna do telejornal SportsCenter. A dupla fez sucesso pela maneira bem humorada com a qual transmitiam e comentavam as not\u00edcias esportivas do dia.<\/p>\n<p>O jornalista ainda cobriu sete Copas do Mundo entre 1982 e 2014. Ele deixa a esposa Leila, os filhos Jo\u00e3o Paulo e Maria Cristina e os netos Pedro e Carolina.<\/p>\n<\/p><\/div>\n<p><script async src=\"\/\/platform.twitter.com\/widgets.js\" charset=\"utf-8\"><\/script><br \/>\n<br \/><br \/>\n<br \/><a href=\"https:\/\/agenciabrasil.ebc.com.br\/esportes\/noticia\/2024-05\/morre-antero-greco-referencia-do-jornalismo-esportivo-brasileiro\" rel=\"noopener\">Ag\u00eancia Brasil<\/a><\/p>\n","protected":false},"excerpt":{"rendered":"<p>A comunica\u00e7\u00e3o esportiva brasileira perdeu Antero Greco. O jornalista faleceu na madrugada desta quinta-feira (16), aos 69 anos, em S\u00e3o Paulo, devido \u00e0 complica\u00e7\u00f5es de um tumor cerebral contra o qual lutava desde junho de 2022. Ele estava internado na unidade Mirante do Hospital Benefic\u00eancia Portuguesa, na Bela Vista, regi\u00e3o central da capital paulista. A [&hellip;]<\/p>\n","protected":false},"author":1,"featured_media":5272,"comment_status":"open","ping_status":"open","sticky":false,"template":"","format":"standard","meta":{"_jetpack_newsletter_access":"","_jetpack_dont_email_post_to_subs":false,"_jetpack_newsletter_tier_id":0,"_jetpack_memberships_contains_paywalled_content":false,"_mbp_banners":[],"_jetpack_feature_clip_id":0,"_jetpack_memberships_contains_paid_content":false,"footnotes":"","jetpack_publicize_message":"","jetpack_publicize_feature_enabled":true,"jetpack_social_post_already_shared":true,"jetpack_social_options":{"image_generator_settings":{"template":"highway","default_image_id":0,"font":"","enabled":false},"version":2},"jetpack_post_was_ever_published":false},"categories":[23],"tags":[],"class_list":["post-5271","post","type-post","status-publish","format-standard","has-post-thumbnail","category-esportes"],"jetpack_publicize_connections":[],"jetpack-related-posts":[],"jetpack_shortlink":"https:\/\/wp.me\/p7Eq1F-1n1","jetpack_sharing_enabled":true,"jetpack_featured_media_url":"https:\/\/i0.wp.com\/guialimeira.com.br\/news\/wp-content\/uploads\/2024\/05\/antero_greco_jornalista_2.jpg?fit=1600%2C800&ssl=1","_links":{"self":[{"href":"https:\/\/guialimeira.com.br\/news\/wp-json\/wp\/v2\/posts\/5271","targetHints":{"allow":["GET"]}}],"collection":[{"href":"https:\/\/guialimeira.com.br\/news\/wp-json\/wp\/v2\/posts"}],"about":[{"href":"https:\/\/guialimeira.com.br\/news\/wp-json\/wp\/v2\/types\/post"}],"author":[{"embeddable":true,"href":"https:\/\/guialimeira.com.br\/news\/wp-json\/wp\/v2\/users\/1"}],"replies":[{"embeddable":true,"href":"https:\/\/guialimeira.com.br\/news\/wp-json\/wp\/v2\/comments?post=5271"}],"version-history":[{"count":0,"href":"https:\/\/guialimeira.com.br\/news\/wp-json\/wp\/v2\/posts\/5271\/revisions"}],"wp:featuredmedia":[{"embeddable":true,"href":"https:\/\/guialimeira.com.br\/news\/wp-json\/wp\/v2\/media\/5272"}],"wp:attachment":[{"href":"https:\/\/guialimeira.com.br\/news\/wp-json\/wp\/v2\/media?parent=5271"}],"wp:term":[{"taxonomy":"category","embeddable":true,"href":"https:\/\/guialimeira.com.br\/news\/wp-json\/wp\/v2\/categories?post=5271"},{"taxonomy":"post_tag","embeddable":true,"href":"https:\/\/guialimeira.com.br\/news\/wp-json\/wp\/v2\/tags?post=5271"}],"curies":[{"name":"wp","href":"https:\/\/api.w.org\/{rel}","templated":true}]}}