{"id":5267,"date":"2024-05-16T15:53:47","date_gmt":"2024-05-16T18:53:47","guid":{"rendered":"https:\/\/guialimeira.com.br\/2024\/05\/16\/trecho-da-rua-cedro-passa-a-ter-sentido-unico-de-circulacao\/"},"modified":"2024-05-16T15:53:47","modified_gmt":"2024-05-16T18:53:47","slug":"trecho-da-rua-cedro-passa-a-ter-sentido-unico-de-circulacao","status":"publish","type":"post","link":"https:\/\/guialimeira.com.br\/news\/trecho-da-rua-cedro-passa-a-ter-sentido-unico-de-circulacao\/","title":{"rendered":"Trecho da Rua Cedro passa a ter sentido \u00fanico de circula\u00e7\u00e3o"},"content":{"rendered":"<p> <br \/>\n<\/p>\n<div>\n            <main class=\"\">&#13;<br \/>\n                &#13;<br \/>\n&#13;<br \/>\n&#13;<br \/>\n&#13;<br \/>\n    <img data-recalc-dims=\"1\" decoding=\"async\" src=\"https:\/\/i0.wp.com\/ecrie.com.br\/sistema\/conteudos\/imagem\/m_137_0_1_16052024145231.jpg?w=696&#038;ssl=1\" alt=\"Trecho da Rua Cedro passa a ter sentido \u00fanico de circula\u00e7\u00e3o\"\/>&#13;<br \/>\n&#13;<\/p>\n<p class=\"western\" style=\"text-align: justify;\" align=\"justify\">A Secretaria de Mobilidade Urbana informa que a Rua Cedro, no trecho entre as ruas Baianinha e Limeira, passar\u00e1 a ter sentido \u00fanico de circula\u00e7\u00e3o. Atualmente, a via localizada na Vila Queiroz tem sentido duplo. A mudan\u00e7a acontece a partir de ter\u00e7a-feira (21) e atende a uma solicita\u00e7\u00e3o do vereador Elias Barbosa.<\/p>\n<p>&#13;<\/p>\n<p class=\"western\" style=\"text-align: justify;\" align=\"justify\">Segundo a pasta, o sentido de circula\u00e7\u00e3o ser\u00e1 da Rua Baianinha para a Rua Limeira. Al\u00e9m disso, quem trafega pela Avenida Laranjeiras, sentido Rua Cedro, poder\u00e1 virar \u00e0 esquerda no sem\u00e1foro do cruzamento com a Rua Tangerina e <span style=\"color: #000000;\"><span style=\"font-family: Arial, sans-serif;\"><span style=\"font-size: medium;\"><span lang=\"pt-BR\">entrar n<\/span><\/span><\/span><\/span>a Rua Baianinha \u2013 que d\u00e1 acesso aos bairros Jd. Planalto e Jd. Santa Cec\u00edlia<\/p>\n<p>&#13;<\/p>\n<p class=\"western\" style=\"text-align: justify;\" align=\"justify\">A secretaria ressalta que os motoristas devem se atentar \u00e0 nova sinaliza\u00e7\u00e3o nos locais mencionados para evitar acidentes. Agentes de tr\u00e2nsito poder\u00e3o ser acionados, se necess\u00e1rio, pelos contatos 3441-5469 ou 3441-2816.<\/p>\n<p>&#13;<br \/>\n&#13;<br \/>\n&#13;<br \/>\n&#13;<\/p>\n<aside class=\"list-related no-print\">&#13;<br \/>\n        &#13;<br \/>\n&#13;<\/p>\n<article class=\"list-item noticias \">&#13;<br \/>\n                    <a class=\"list-item__img\" href=\"https:\/\/limeira.sp.gov.br\/imprensa\/noticias\/mobilidade-urbana\/passeiosde-bike-incentivampratica-de-ciclismo-e-conscientizam-sobretransito-seguro\" tabindex=\"-1\" aria-hidden=\"true\" rel=\"noopener\">&#13;<br \/>\n                        <img data-recalc-dims=\"1\" decoding=\"async\" src=\"https:\/\/i0.wp.com\/ecrie.com.br\/sistema\/conteudos\/imagem\/m_137_0_1_14052024170531.jpg?w=696&#038;ssl=1\" alt=\"Passeios\u00a0de bike incentivam\u00a0pr\u00e1tica de ciclismo e conscientizam sobre\u00a0tr\u00e2nsito seguro\"\/>&#13;<br \/>\n                    <\/a>&#13;<br \/>\n&#13;<br \/>\n                &#13;<br \/>\n            <\/article>\n<p>&#13;<\/p>\n<article class=\"list-item noticias \">&#13;<br \/>\n                    <a class=\"list-item__img\" href=\"https:\/\/limeira.sp.gov.br\/imprensa\/noticias\/mobilidade-urbana\/barao-de-campinas-e-liberada-apos-interdicao-por-obras\" tabindex=\"-1\" aria-hidden=\"true\" rel=\"noopener\">&#13;<br \/>\n                        <img data-recalc-dims=\"1\" decoding=\"async\" src=\"https:\/\/i0.wp.com\/ecrie.com.br\/sistema\/conteudos\/imagem\/m_137_0_1_13052024170608.jpeg?w=696&#038;ssl=1\" alt=\"Bar\u00e3o de Campinas \u00e9 liberada ap\u00f3s interdi\u00e7\u00e3o por obras\"\/>&#13;<br \/>\n                    <\/a>&#13;<br \/>\n&#13;<br \/>\n                &#13;<br \/>\n            <\/article>\n<p>&#13;<\/p>\n<article class=\"list-item noticias \">&#13;<br \/>\n                    <a class=\"list-item__img\" href=\"https:\/\/limeira.sp.gov.br\/imprensa\/noticias\/mobilidade-urbana\/acoes-em-tecnologia-e-infraestrutura-rendem-premioinovacidade-2024-para-limeira\" tabindex=\"-1\" aria-hidden=\"true\" rel=\"noopener\">&#13;<br \/>\n                        <img data-recalc-dims=\"1\" decoding=\"async\" src=\"https:\/\/i0.wp.com\/ecrie.com.br\/sistema\/conteudos\/imagem\/m_137_0_1_08052024115458.jpg?w=696&#038;ssl=1\" alt=\"A\u00e7\u00f5es em tecnologia e infraestrutura rendem pr\u00eamio\u00a0InovaCidade 2024 para Limeira\"\/>&#13;<br \/>\n                    <\/a>&#13;<br \/>\n&#13;<br \/>\n                &#13;<br \/>\n            <\/article>\n<p>&#13;<br \/>\n    <\/aside>\n<p>&#13;<br \/>\n&#13;<br \/>\n            <\/main><\/p><\/div>\n<p><br \/>\n<br \/><a href=\"https:\/\/limeira.sp.gov.br\/trecho-da-rua-cedro-passa-a-ter-sentido-unico-de-circulacao\" rel=\"noopener\">Informa\u00e7\u00f5es da PML <\/a><\/p>\n","protected":false},"excerpt":{"rendered":"<p>&#13; &#13; &#13; &#13; &#13; &#13; &#13; A Secretaria de Mobilidade Urbana informa que a Rua Cedro, no trecho entre as ruas Baianinha e Limeira, passar\u00e1 a ter sentido \u00fanico de circula\u00e7\u00e3o. Atualmente, a via localizada na Vila Queiroz tem sentido duplo. A mudan\u00e7a acontece a partir de ter\u00e7a-feira (21) e atende a uma solicita\u00e7\u00e3o [&hellip;]<\/p>\n","protected":false},"author":1,"featured_media":5268,"comment_status":"open","ping_status":"open","sticky":false,"template":"","format":"standard","meta":{"_jetpack_newsletter_access":"","_jetpack_dont_email_post_to_subs":false,"_jetpack_newsletter_tier_id":0,"_jetpack_memberships_contains_paywalled_content":false,"_mbp_banners":[],"_jetpack_feature_clip_id":0,"_jetpack_memberships_contains_paid_content":false,"footnotes":"","jetpack_publicize_message":"","jetpack_publicize_feature_enabled":true,"jetpack_social_post_already_shared":true,"jetpack_social_options":{"image_generator_settings":{"template":"highway","default_image_id":0,"font":"","enabled":false},"version":2},"jetpack_post_was_ever_published":false},"categories":[16],"tags":[],"class_list":["post-5267","post","type-post","status-publish","format-standard","has-post-thumbnail","category-local"],"jetpack_publicize_connections":[],"jetpack-related-posts":[],"jetpack_shortlink":"https:\/\/wp.me\/p7Eq1F-1mX","jetpack_sharing_enabled":true,"jetpack_featured_media_url":"https:\/\/i0.wp.com\/guialimeira.com.br\/news\/wp-content\/uploads\/2024\/05\/m_137_0_1_16052024145231.jpg?fit=1280%2C852&ssl=1","_links":{"self":[{"href":"https:\/\/guialimeira.com.br\/news\/wp-json\/wp\/v2\/posts\/5267","targetHints":{"allow":["GET"]}}],"collection":[{"href":"https:\/\/guialimeira.com.br\/news\/wp-json\/wp\/v2\/posts"}],"about":[{"href":"https:\/\/guialimeira.com.br\/news\/wp-json\/wp\/v2\/types\/post"}],"author":[{"embeddable":true,"href":"https:\/\/guialimeira.com.br\/news\/wp-json\/wp\/v2\/users\/1"}],"replies":[{"embeddable":true,"href":"https:\/\/guialimeira.com.br\/news\/wp-json\/wp\/v2\/comments?post=5267"}],"version-history":[{"count":0,"href":"https:\/\/guialimeira.com.br\/news\/wp-json\/wp\/v2\/posts\/5267\/revisions"}],"wp:featuredmedia":[{"embeddable":true,"href":"https:\/\/guialimeira.com.br\/news\/wp-json\/wp\/v2\/media\/5268"}],"wp:attachment":[{"href":"https:\/\/guialimeira.com.br\/news\/wp-json\/wp\/v2\/media?parent=5267"}],"wp:term":[{"taxonomy":"category","embeddable":true,"href":"https:\/\/guialimeira.com.br\/news\/wp-json\/wp\/v2\/categories?post=5267"},{"taxonomy":"post_tag","embeddable":true,"href":"https:\/\/guialimeira.com.br\/news\/wp-json\/wp\/v2\/tags?post=5267"}],"curies":[{"name":"wp","href":"https:\/\/api.w.org\/{rel}","templated":true}]}}