{"id":5266,"date":"2024-05-16T15:41:52","date_gmt":"2024-05-16T18:41:52","guid":{"rendered":"https:\/\/guialimeira.com.br\/2024\/05\/16\/fim-de-semana-tem-revelando-sp-e-exposicao-inedita-no-museu-casa-mario-de-andrade\/"},"modified":"2024-05-16T15:41:52","modified_gmt":"2024-05-16T18:41:52","slug":"fim-de-semana-tem-revelando-sp-e-exposicao-inedita-no-museu-casa-mario-de-andrade","status":"publish","type":"post","link":"https:\/\/guialimeira.com.br\/news\/fim-de-semana-tem-revelando-sp-e-exposicao-inedita-no-museu-casa-mario-de-andrade\/","title":{"rendered":"Fim de semana tem Revelando SP e exposi\u00e7\u00e3o in\u00e9dita no Museu Casa M\u00e1rio de Andrade"},"content":{"rendered":"<p> <br \/>\n<\/p>\n<div id=\"\">&#13;<br \/>\n                                <!-- Title -->&#13;<br \/>\n                                &#13;<br \/>\n&#13;<br \/>\n                                <!-- Excerpt -->&#13;<\/p>\n<p class=\"excerpt\">Confira as dicas de atividades culturais para aproveitar na capital paulista e no interior do estado<\/p>\n<p>&#13;<br \/>\n&#13;<br \/>\n                                &#13;\n                            <\/p><\/div>\n<div id=\"\">&#13;<\/p>\n<p><iframe loading=\"lazy\" title=\"Fim de semana tem Revelando SP em Barretos e exposi\u00e7\u00e3o in\u00e9dita no Museu Casa M\u00e1rio de Andrade by Governo do Estado de S\u00e3o Paulo\" width=\"587\" height=\"330\" scrolling=\"no\" frameborder=\"no\" src=\"https:\/\/w.soundcloud.com\/player\/?visual=true&amp;url=https%3A%2F%2Fapi.soundcloud.com%2Ftracks%2F1823410107&amp;show_artwork=true&amp;maxheight=330&amp;maxwidth=587\"><\/iframe><\/p>\n<p>\u00a0<\/p>\n<p>Acontece neste fim de semana, em Barretos, interior do estado, o maior festival da valoriza\u00e7\u00e3o da cultura tradicional paulista, o Revelando SP. A iniciativa do Governo do Estado de S\u00e3o Paulo, por meio de sua Secretaria da Cultura, Economia e Ind\u00fastria Criativas, visa promover um grande encontro das express\u00f5es culturais tradicionais.<\/p>\n<p><a href=\"https:\/\/www.cultura.sp.gov.br\/confira-a-programacao-completa-do-revelando-sp-em-barretos-2\/\" rel=\"noopener\">\u00c9 a primeira vez que a cidade recebe o evento<\/a>, que ocorre de forma gratuita entre os dias 17 e 19. O p\u00fablico poder\u00e1 conferir a culin\u00e1ria aut\u00eantica do estado, explorar o artesanato tradicional e assistir \u00e0s apresenta\u00e7\u00f5es musicais, de dan\u00e7a e outras manifesta\u00e7\u00f5es culturais.<\/p>\n<p>J\u00e1 na capital paulista, a dica cultural vai para a reabertura do <a href=\"https:\/\/www.cultura.sp.gov.br\/museu-casa-mario-de-andrade-reabre-ampliado-com-novo-espaco-expositivo-e-totalmente-acessivel\/\" rel=\"noopener\">Museu Casa M\u00e1rio de Andrade<\/a>. O espa\u00e7o reabriu com uma exposi\u00e7\u00e3o in\u00e9dita e imersiva \u201cA origem de Macuna\u00edma\u201d, focada no personagem que inspirou uma das principais obras liter\u00e1rias do modernismo, escrita pelo escritor M\u00e1rio de Andrade.<\/p>\n<p>Ainda na capital paulista acontece a Virada Cultural. Tem equipamento da Secretaria da Cultura, Economia e Ind\u00fastria Criativas na programa\u00e7\u00e3o especial do fim de semana, como o Museu das Favelas, que oferecer\u00e1 exposi\u00e7\u00f5es e oficina de dan\u00e7a.<\/p>\n<p>Falando em dan\u00e7a, o espa\u00e7o Oswald de Andrade continua com as oficinas gratuitas. As aulas ser\u00e3o oferecidas at\u00e9 julho, com dan\u00e7a cl\u00e1ssica e contempor\u00e2nea. As vagas s\u00e3o limitadas e as inscri\u00e7\u00f5es devem ser feitas no site da S\u00e3o Paulo Companhia de Dan\u00e7a: <a href=\"http:\/\/spcd.com.br\" rel=\"noopener\">spcd.com.br<\/a><\/p>\n<\/p><\/div>\n<p><br \/>\n<br \/><a href=\"https:\/\/www.saopaulo.sp.gov.br\/spnoticias\/ultimas-noticias\/fim-de-semana-tem-revelando-sp-e-exposicao-inedita-no-museu-casa-mario-de-andrade\/\" rel=\"noopener\">Informa\u00e7\u00f5es GOV.SP<\/a><\/p>\n","protected":false},"excerpt":{"rendered":"<p>&#13; &#13; &#13; &#13; &#13; Confira as dicas de atividades culturais para aproveitar na capital paulista e no interior do estado &#13; &#13; &#13; &#13; \u00a0 Acontece neste fim de semana, em Barretos, interior do estado, o maior festival da valoriza\u00e7\u00e3o da cultura tradicional paulista, o Revelando SP. A iniciativa do Governo do Estado de [&hellip;]<\/p>\n","protected":false},"author":1,"featured_media":238,"comment_status":"open","ping_status":"open","sticky":false,"template":"","format":"standard","meta":{"_jetpack_newsletter_access":"","_jetpack_dont_email_post_to_subs":false,"_jetpack_newsletter_tier_id":0,"_jetpack_memberships_contains_paywalled_content":false,"_mbp_banners":[],"_jetpack_feature_clip_id":0,"_jetpack_memberships_contains_paid_content":false,"footnotes":"","jetpack_publicize_message":"","jetpack_publicize_feature_enabled":true,"jetpack_social_post_already_shared":true,"jetpack_social_options":{"image_generator_settings":{"template":"highway","default_image_id":0,"font":"","enabled":false},"version":2},"jetpack_post_was_ever_published":false},"categories":[21],"tags":[],"class_list":["post-5266","post","type-post","status-publish","format-standard","has-post-thumbnail","category-sp-news"],"jetpack_publicize_connections":[],"jetpack-related-posts":[],"jetpack_shortlink":"https:\/\/wp.me\/p7Eq1F-1mW","jetpack_sharing_enabled":true,"jetpack_featured_media_url":"https:\/\/i0.wp.com\/guialimeira.com.br\/news\/wp-content\/uploads\/2024\/03\/cover.png?fit=650%2C650&ssl=1","_links":{"self":[{"href":"https:\/\/guialimeira.com.br\/news\/wp-json\/wp\/v2\/posts\/5266","targetHints":{"allow":["GET"]}}],"collection":[{"href":"https:\/\/guialimeira.com.br\/news\/wp-json\/wp\/v2\/posts"}],"about":[{"href":"https:\/\/guialimeira.com.br\/news\/wp-json\/wp\/v2\/types\/post"}],"author":[{"embeddable":true,"href":"https:\/\/guialimeira.com.br\/news\/wp-json\/wp\/v2\/users\/1"}],"replies":[{"embeddable":true,"href":"https:\/\/guialimeira.com.br\/news\/wp-json\/wp\/v2\/comments?post=5266"}],"version-history":[{"count":0,"href":"https:\/\/guialimeira.com.br\/news\/wp-json\/wp\/v2\/posts\/5266\/revisions"}],"wp:featuredmedia":[{"embeddable":true,"href":"https:\/\/guialimeira.com.br\/news\/wp-json\/wp\/v2\/media\/238"}],"wp:attachment":[{"href":"https:\/\/guialimeira.com.br\/news\/wp-json\/wp\/v2\/media?parent=5266"}],"wp:term":[{"taxonomy":"category","embeddable":true,"href":"https:\/\/guialimeira.com.br\/news\/wp-json\/wp\/v2\/categories?post=5266"},{"taxonomy":"post_tag","embeddable":true,"href":"https:\/\/guialimeira.com.br\/news\/wp-json\/wp\/v2\/tags?post=5266"}],"curies":[{"name":"wp","href":"https:\/\/api.w.org\/{rel}","templated":true}]}}