{"id":5260,"date":"2024-05-16T15:39:10","date_gmt":"2024-05-16T18:39:10","guid":{"rendered":"https:\/\/guialimeira.com.br\/2024\/05\/16\/fazenda-aumenta-para-25-estimativa-de-crescimento-do-pib-em-2024\/"},"modified":"2024-05-16T15:39:10","modified_gmt":"2024-05-16T18:39:10","slug":"fazenda-aumenta-para-25-estimativa-de-crescimento-do-pib-em-2024","status":"publish","type":"post","link":"https:\/\/guialimeira.com.br\/news\/fazenda-aumenta-para-25-estimativa-de-crescimento-do-pib-em-2024\/","title":{"rendered":"Fazenda aumenta para 2,5% estimativa de crescimento do PIB em 2024"},"content":{"rendered":"<p> <br \/>\n<\/p>\n<div>\n<p>A Secretaria de Pol\u00edtica Econ\u00f4mica (SPE) do Minist\u00e9rio da Fazenda aumentou, de 2,2% para 2,5%, a estimativa de crescimento do Produto Interno Bruto (PIB, soma das riquezas produzidas) em 2024. As previs\u00f5es est\u00e3o no Boletim Macrofiscal, divulgado nesta quinta-feira (16).<img data-recalc-dims=\"1\" decoding=\"async\" src=\"https:\/\/i0.wp.com\/agenciabrasil.ebc.com.br\/ebc.png?w=696&#038;ssl=1\" style=\"width:1px; height:1px; display:inline;\"\/><img data-recalc-dims=\"1\" decoding=\"async\" src=\"https:\/\/i0.wp.com\/agenciabrasil.ebc.com.br\/ebc.gif?w=696&#038;ssl=1\" style=\"width:1px; height:1px; display:inline;\"\/><\/p>\n<p>Em rela\u00e7\u00e3o \u00e0 infla\u00e7\u00e3o, o documento elevou, de 3,5% para 3,7%, a proje\u00e7\u00e3o para o \u00cdndice Nacional de Pre\u00e7os ao Consumidor Amplo (IPCA) neste ano. O resultado est\u00e1 dentro da meta de infla\u00e7\u00e3o para o ano, definida pelo Conselho Monet\u00e1rio Nacional (CMN) em 3%, com intervalo de toler\u00e2ncia de 1,5 ponto percentual para cima ou para baixo. Ou seja, o limite inferior \u00e9 1,5% e o superior \u00e9 4,5%. Para 2025, a estimativa avan\u00e7ou de 3,1% para 3,2%.<\/p>\n<p>Segundo a SPE, contribu\u00edram para o crescimento das estimativas para o PIB o avan\u00e7o robusto das vendas no varejo e dos servi\u00e7os prestados \u00e0s fam\u00edlias, o aumento na cria\u00e7\u00e3o l\u00edquida de postos de trabalho e a expans\u00e3o das concess\u00f5es de cr\u00e9dito. De acordo com o \u00f3rg\u00e3o, os sinais de recupera\u00e7\u00e3o do investimento, baseados na expans\u00e3o da constru\u00e7\u00e3o civil e no crescimento das importa\u00e7\u00f5es de bens de capitais (bens usados na produ\u00e7\u00e3o), tamb\u00e9m ajudaram a elevar a proje\u00e7\u00e3o.<\/p>\n<p>Outro fator que contribuiu para a eleva\u00e7\u00e3o das estimativas do PIB s\u00e3o as exporta\u00e7\u00f5es. Segundo a SPE, a recente alta do d\u00f3lar contribui para melhorar as vendas externas em 2024.<\/p>\n<h2>Setores<\/h2>\n<p>Em rela\u00e7\u00e3o aos setores da economia, a SPE considera que a expans\u00e3o projetada para servi\u00e7os no ano mais que compensou as revis\u00f5es para baixo nas estimativas de crescimento da agropecu\u00e1ria e da ind\u00fastria. Para a agropecu\u00e1ria, a estimativa passou de queda de 1,3% para queda de 1,4%, refletindo principalmente a redu\u00e7\u00e3o nos progn\u00f3sticos para a safra de soja e de milho em 2024.<\/p>\n<p>Em contrapartida, a proje\u00e7\u00e3o de crescimento para a ind\u00fastria em 2024 passou de 2,5% para 2,4%. A revis\u00e3o para baixo decorre de dados mais fracos observados no primeiro trimestre para ind\u00fastria extrativa e para a produ\u00e7\u00e3o de bens de capital. Em contrapartida, a proje\u00e7\u00e3o de crescimento dos servi\u00e7os em 2024 subiu de 2,4% para 2,7%.<\/p>\n<h2>Rio Grande do Sul<\/h2>\n<p>A SPE ressaltou que as estimativas para o PIB n\u00e3o consideram os impactos das enchentes no Rio Grande do Sul na atividade econ\u00f4mica. Segundo o \u00f3rg\u00e3o, a magnitude do impacto depende da ocorr\u00eancia de novos eventos clim\u00e1ticos, de transbordamentos desses impactos para estados pr\u00f3ximos e do efeito de programas de aux\u00edlio fiscal e de cr\u00e9dito nas cidades atingidas pelas chuvas.<\/p>\n<p>Com peso de cerca de 6,5% do PIB brasileiro, o Rio Grande do Sul dever\u00e1 registrar perdas principalmente no segundo trimestre, parcialmente compensadas nos trimestres seguintes. Atividades ligadas \u00e0 agropecu\u00e1ria e \u00e0 ind\u00fastria de transforma\u00e7\u00e3o dever\u00e3o ser as mais afetadas a n\u00edvel nacional, por serem mais representativas no PIB do estado que no PIB brasileiro.<\/p>\n<h2>Alimentos<\/h2>\n<p>Em rela\u00e7\u00e3o \u00e0 infla\u00e7\u00e3o, a SPE destacou que a alta na estimativa para o IPCA decorre tanto da alta do d\u00f3lar sobre os pre\u00e7os livres como dos impactos das fortes chuvas no Rio Grande do Sul na oferta de alimentos in natura, arroz, carnes e aves. Segundo o boletim, o pre\u00e7o desses alimentos deve subir mais intensamente nos pr\u00f3ximos dois meses, mas parte relevante desse aumento deve ser devolvida nos meses seguintes, com a normaliza\u00e7\u00e3o da oferta.<\/p>\n<p>O \u00cdndice Nacional de Pre\u00e7os ao Consumidor (INPC), utilizado para estabelecer o valor do sal\u00e1rio m\u00ednimo e corrigir aposentadorias, dever\u00e1 encerrar este ano com varia\u00e7\u00e3o de 3,5%, um pouco mais alto que os 3,25% divulgados no boletim anterior, em mar\u00e7o. A proje\u00e7\u00e3o para o \u00cdndice Geral de Pre\u00e7os \u2013 Disponibilidade Interna (IGP-DI), que inclui o setor atacadista, o custo da constru\u00e7\u00e3o civil e o consumidor final, foi mantida em 3,5% este ano.<\/p>\n<p>Os n\u00fameros do Boletim Macrofiscal s\u00e3o usados no Relat\u00f3rio de Avalia\u00e7\u00e3o de Receitas e Despesas, que ser\u00e1 divulgado no pr\u00f3ximo dia 22. Publicado a cada dois meses, o relat\u00f3rio traz previs\u00f5es para a execu\u00e7\u00e3o do Or\u00e7amento com base no desempenho das receitas e da previs\u00e3o de gastos do governo, com o PIB e a infla\u00e7\u00e3o entrando em alguns c\u00e1lculos. Com base no cumprimento da meta de d\u00e9ficit prim\u00e1rio e do limite de gastos do novo arcabou\u00e7o fiscal, o governo bloqueia alguns gastos n\u00e3o obrigat\u00f3rios.<\/p>\n<\/p><\/div>\n<p><br \/>\n<br \/><a href=\"https:\/\/agenciabrasil.ebc.com.br\/economia\/noticia\/2024-05\/fazenda-aumenta-para-25-estimativa-de-crescimento-do-pib-em-2024\" rel=\"noopener\">Ag\u00eancia Brasil<\/a><\/p>\n","protected":false},"excerpt":{"rendered":"<p>A Secretaria de Pol\u00edtica Econ\u00f4mica (SPE) do Minist\u00e9rio da Fazenda aumentou, de 2,2% para 2,5%, a estimativa de crescimento do Produto Interno Bruto (PIB, soma das riquezas produzidas) em 2024. As previs\u00f5es est\u00e3o no Boletim Macrofiscal, divulgado nesta quinta-feira (16). Em rela\u00e7\u00e3o \u00e0 infla\u00e7\u00e3o, o documento elevou, de 3,5% para 3,7%, a proje\u00e7\u00e3o para o [&hellip;]<\/p>\n","protected":false},"author":1,"featured_media":5261,"comment_status":"open","ping_status":"open","sticky":false,"template":"","format":"standard","meta":{"_jetpack_newsletter_access":"","_jetpack_dont_email_post_to_subs":false,"_jetpack_newsletter_tier_id":0,"_jetpack_memberships_contains_paywalled_content":false,"_mbp_banners":[],"_jetpack_feature_clip_id":0,"_jetpack_memberships_contains_paid_content":false,"footnotes":"","jetpack_publicize_message":"","jetpack_publicize_feature_enabled":true,"jetpack_social_post_already_shared":true,"jetpack_social_options":{"image_generator_settings":{"template":"highway","default_image_id":0,"font":"","enabled":false},"version":2},"jetpack_post_was_ever_published":false},"categories":[24],"tags":[],"class_list":["post-5260","post","type-post","status-publish","format-standard","has-post-thumbnail","category-economia"],"jetpack_publicize_connections":[],"jetpack-related-posts":[],"jetpack_shortlink":"https:\/\/wp.me\/p7Eq1F-1mQ","jetpack_sharing_enabled":true,"jetpack_featured_media_url":"https:\/\/i0.wp.com\/guialimeira.com.br\/news\/wp-content\/uploads\/2024\/05\/fachada-ministerio_mcamgo_abr_100420231818-28.jpg?fit=1600%2C800&ssl=1","_links":{"self":[{"href":"https:\/\/guialimeira.com.br\/news\/wp-json\/wp\/v2\/posts\/5260","targetHints":{"allow":["GET"]}}],"collection":[{"href":"https:\/\/guialimeira.com.br\/news\/wp-json\/wp\/v2\/posts"}],"about":[{"href":"https:\/\/guialimeira.com.br\/news\/wp-json\/wp\/v2\/types\/post"}],"author":[{"embeddable":true,"href":"https:\/\/guialimeira.com.br\/news\/wp-json\/wp\/v2\/users\/1"}],"replies":[{"embeddable":true,"href":"https:\/\/guialimeira.com.br\/news\/wp-json\/wp\/v2\/comments?post=5260"}],"version-history":[{"count":0,"href":"https:\/\/guialimeira.com.br\/news\/wp-json\/wp\/v2\/posts\/5260\/revisions"}],"wp:featuredmedia":[{"embeddable":true,"href":"https:\/\/guialimeira.com.br\/news\/wp-json\/wp\/v2\/media\/5261"}],"wp:attachment":[{"href":"https:\/\/guialimeira.com.br\/news\/wp-json\/wp\/v2\/media?parent=5260"}],"wp:term":[{"taxonomy":"category","embeddable":true,"href":"https:\/\/guialimeira.com.br\/news\/wp-json\/wp\/v2\/categories?post=5260"},{"taxonomy":"post_tag","embeddable":true,"href":"https:\/\/guialimeira.com.br\/news\/wp-json\/wp\/v2\/tags?post=5260"}],"curies":[{"name":"wp","href":"https:\/\/api.w.org\/{rel}","templated":true}]}}