{"id":5255,"date":"2024-05-16T14:41:08","date_gmt":"2024-05-16T17:41:08","guid":{"rendered":"https:\/\/guialimeira.com.br\/2024\/05\/16\/governo-de-sp-lanca-novo-portal-infosiga-e-reforca-acoes-para-reduzir-morte-no-transito\/"},"modified":"2024-05-16T14:41:08","modified_gmt":"2024-05-16T17:41:08","slug":"governo-de-sp-lanca-novo-portal-infosiga-e-reforca-acoes-para-reduzir-morte-no-transito","status":"publish","type":"post","link":"https:\/\/guialimeira.com.br\/news\/governo-de-sp-lanca-novo-portal-infosiga-e-reforca-acoes-para-reduzir-morte-no-transito\/","title":{"rendered":"Governo de SP lan\u00e7a novo portal Infosiga e refor\u00e7a a\u00e7\u00f5es para reduzir morte no tr\u00e2nsito"},"content":{"rendered":"<p> <br \/>\n<\/p>\n<div id=\"\">&#13;<\/p>\n<figure id=\"attachment_5885802\" style=\"width: 100%;max-width: 2048px\" class=\"wp-caption alignnone caption-hide\"><img data-recalc-dims=\"1\" decoding=\"async\" loading=\"lazy\" class=\"wp-image-5885802 size-full\" src=\"https:\/\/i0.wp.com\/www.saopaulo.sp.gov.br\/wp-content\/uploads\/2024\/05\/53724406012_a563fea9a6_k.jpg?resize=696%2C471&#038;ssl=1\" alt=\"\" width=\"696\" height=\"471\" srcset=\"https:\/\/www.saopaulo.sp.gov.br\/wp-content\/uploads\/2024\/05\/53724406012_a563fea9a6_k.jpg 2048w, https:\/\/www.saopaulo.sp.gov.br\/wp-content\/uploads\/2024\/05\/53724406012_a563fea9a6_k-300x203.jpg 300w, https:\/\/www.saopaulo.sp.gov.br\/wp-content\/uploads\/2024\/05\/53724406012_a563fea9a6_k-1024x694.jpg 1024w, https:\/\/www.saopaulo.sp.gov.br\/wp-content\/uploads\/2024\/05\/53724406012_a563fea9a6_k-100x69.jpg 100w, https:\/\/www.saopaulo.sp.gov.br\/wp-content\/uploads\/2024\/05\/53724406012_a563fea9a6_k-768x520.jpg 768w, https:\/\/www.saopaulo.sp.gov.br\/wp-content\/uploads\/2024\/05\/53724406012_a563fea9a6_k-1536x1040.jpg 1536w\" sizes=\"auto, (max-width: 2048px) 100vw, 2048px\"\/><\/figure>\n<p>O governador em exerc\u00edcio Felicio Ramuth lan\u00e7ou nesta quinta-feira (16), em evento no Pal\u00e1cio dos Bandeirantes, o novo portal de dados do Sistema de Informa\u00e7\u00f5es Gerenciais de Sinistros de Tr\u00e2nsito, Infosiga, do Detran-SP. A plataforma traz investimentos em inova\u00e7\u00e3o e tecnologia para auxiliar com dados o direcionamento de pol\u00edticas p\u00fablicas de seguran\u00e7a vi\u00e1ria dos 645 munic\u00edpios paulistas e reduzir mortes no tr\u00e2nsito.<\/p>\n<p>Na ocasi\u00e3o, foram apresentados tamb\u00e9m o novo Anu\u00e1rio Rodovi\u00e1rio de Acidentes, que volta a ser editado pelo DER (Departamento de Estradas de Rodagem), depois de oito anos, e a nova campanha de m\u00eddia para conscientiza\u00e7\u00e3o no tr\u00e2nsito paulista. Todas as a\u00e7\u00f5es integram o evento Maio Amarelo 2024, Gest\u00e3o Eficaz e Integrada do Tr\u00e2nsito em Todo o Estado de S\u00e3o Paulo.<\/p>\n<p>\u201c\u00c9 um privil\u00e9gio para mim estar aqui neste momento quando n\u00f3s estamos falando de salvar vidas, e dar mais destaque as a\u00e7\u00f5es que ocorrem ao longo de todo o ano. Eu, que j\u00e1 fui secret\u00e1rio municipal de transportes e prefeito da minha cidade, sei como \u00e9 importante as a\u00e7\u00f5es do Governo de Estado no apoio aos munic\u00edpios e \u00e0s prefeituras para que a gente, em conjunto, evitar mortes no tr\u00e2nsito\u201d, afirmou o governador em exerc\u00edcio.<\/p>\n<p>\u201cO Infosiga \u00e9 uma ferramenta que d\u00e1 transpar\u00eancia e acesso irrestrito, para que todos possam acompanhar o que tem acontecido nas nossas rodovias estaduais e nas cidades. Quando se t\u00eam dados e informa\u00e7\u00e3o, se tem assertividade e economia de recursos. Por isso a import\u00e2ncia dessa moderniza\u00e7\u00e3o do Infosiga, que precisava estar mais atualizado com a realidade que vivemos\u201d, acrescentou Felicio.<\/p>\n<p>Participaram da cerim\u00f4nia o superintendente do Departamento de Estradas e Rodagem (DER), Sergio Codelo, o presidente do Detran-SP, Eduardo Aggio, al\u00e9m de secret\u00e1rios de estado, representantes de autarquias, institui\u00e7\u00f5es entre outras autoridades.<\/p>\n<p>Moderno, intuitivo e eficiente, a nova plataforma Infosiga \u00e9 resultado de 14 meses de desenvolvimento e investimentos de R$ 9 milh\u00f5es pelo Governo de S\u00e3o Paulo. O projeto do Detran-SP contou com apoio da Bloomberg para Seguran\u00e7a Vi\u00e1ria Global (BIGRS, na sigla em ingl\u00eas), institui\u00e7\u00e3o que j\u00e1 investiu mais de US$ 500 milh\u00f5es na gest\u00e3o de dados de seguran\u00e7a vi\u00e1ria em todo o mundo. O novo Infosiga est\u00e1 dispon\u00edvel em <a href=\"http:\/\/detran.sp.gov.br\/infosiga\" rel=\"noopener\">detran.sp.gov.br\/infosiga<\/a><\/p>\n<p>\u201cO novo Infosiga \u00e9 uma das frentes da transforma\u00e7\u00e3o digital do Detran-SP, voltada a produzir evid\u00eancias para subsidiar gestores p\u00fablicos na tomada de decis\u00e3o no estado e nas cidades, com vistas \u00e0 redu\u00e7\u00e3o das mortes no tr\u00e2nsito\u201d, afirmou o Diretor-Presidente do Detran-SP, Eduardo Aggio.<\/p>\n<figure id=\"attachment_5885803\" style=\"width: 100%;max-width: 2048px\" class=\"wp-caption alignnone caption-hide\"><img data-recalc-dims=\"1\" decoding=\"async\" loading=\"lazy\" class=\"wp-image-5885803 size-full\" src=\"https:\/\/i0.wp.com\/www.saopaulo.sp.gov.br\/wp-content\/uploads\/2024\/05\/53725851165_1a88cb03ee_k.jpg?resize=696%2C476&#038;ssl=1\" alt=\"\" width=\"696\" height=\"476\" srcset=\"https:\/\/www.saopaulo.sp.gov.br\/wp-content\/uploads\/2024\/05\/53725851165_1a88cb03ee_k.jpg 2048w, https:\/\/www.saopaulo.sp.gov.br\/wp-content\/uploads\/2024\/05\/53725851165_1a88cb03ee_k-300x205.jpg 300w, https:\/\/www.saopaulo.sp.gov.br\/wp-content\/uploads\/2024\/05\/53725851165_1a88cb03ee_k-1024x701.jpg 1024w, https:\/\/www.saopaulo.sp.gov.br\/wp-content\/uploads\/2024\/05\/53725851165_1a88cb03ee_k-100x69.jpg 100w, https:\/\/www.saopaulo.sp.gov.br\/wp-content\/uploads\/2024\/05\/53725851165_1a88cb03ee_k-768x526.jpg 768w, https:\/\/www.saopaulo.sp.gov.br\/wp-content\/uploads\/2024\/05\/53725851165_1a88cb03ee_k-1536x1052.jpg 1536w, https:\/\/www.saopaulo.sp.gov.br\/wp-content\/uploads\/2024\/05\/53725851165_1a88cb03ee_k-620x424.jpg 620w\" sizes=\"auto, (max-width: 2048px) 100vw, 2048px\"\/><\/figure>\n<p><strong>Anu\u00e1rio Rodovi\u00e1rio de Acidentes<\/strong><\/p>\n<p>O apoio aos munic\u00edpios paulistas para reduzir as mortes de tr\u00e2nsito tamb\u00e9m conta com o novo Anu\u00e1rio Rodovi\u00e1rio de Acidentes, que \u00e9 publicado pelo DER, vinculado \u00e0 Secretaria de Meio Ambiente, Infraestrutura e Log\u00edstica (Semil). O governo paulista volta a editar o material que traz estat\u00edsticas e dados relativos a acidentes registrados na malha vi\u00e1ria estadual em 2023 e servir\u00e1 para orientar a formula\u00e7\u00e3o do Plano de Seguran\u00e7a Vi\u00e1ria do Estado de S\u00e3o Paulo.<\/p>\n<p>\u201cFoi um trabalho feito pelas equipes do DER e a custo zero. E que ele sirva para a\u00e7\u00f5es concretas, e uma delas \u00e9 o nosso Plano de Seguran\u00e7a, para que a gente consiga dentro do nosso objetivo reduzir em at\u00e9 50% a quantidade de mortes e v\u00edtimas no estado de S\u00e3o Paulo\u201d, afirmou o superintendente do DER, Sergio Codelo.<\/p>\n<p>Com o anu\u00e1rio, os gestores municipais v\u00e3o encontrar um raio-x dos 22 mil quil\u00f4metros da malha vi\u00e1ria estadual, sendo 13 mil quil\u00f4metros est\u00e3o sob jurisdi\u00e7\u00e3o do DER, a evolu\u00e7\u00e3o e perfil da frota atual paulista de 33,3 milh\u00f5es de ve\u00edculos, al\u00e9m de toda a estrutura operacional paulista de presta\u00e7\u00e3o de servi\u00e7o 24h aos usu\u00e1rios.<\/p>\n<p><strong>Campanha de comunica\u00e7\u00e3o<\/strong><\/p>\n<p>Para conscientizar os usu\u00e1rios sobre a import\u00e2ncia da defesa da vida e da redu\u00e7\u00e3o das mortes no tr\u00e2nsito, o governo paulista lan\u00e7a tamb\u00e9m a campanha de m\u00eddia \u201cZero a sem em um piscar de olhos\u201d. As pe\u00e7as publicit\u00e1rias que v\u00e3o ao ar pela TV, r\u00e1dio, internet, cinema e mobili\u00e1rio urbano, v\u00e3o explorar o conceito \u201cDe zero a sem\u201d, em que \u201csem\u201d se refere \u00e0 perda da vida.<\/p>\n<p>As imagens veiculadas comprovam que dire\u00e7\u00e3o n\u00e3o combina com distra\u00e7\u00e3o e que as regras de tr\u00e2nsito precisam ser respeitadas pelos diferentes personagens que trafegam pelas vias urbanas. O slogan que fecha a sequ\u00eancia \u00e9 \u201cPaz no tr\u00e2nsito come\u00e7a com voc\u00ea\u201d, escolhido em vota\u00e7\u00e3o popular realizada pelo Minist\u00e9rio do Transporte para todo o m\u00eas.<\/p>\n<p>Os pedestres s\u00e3o o alvo principal da campanha educativa, j\u00e1 que s\u00e3o os mais vulner\u00e1veis e numerosos no tr\u00e2nsito. Estima-se, a partir de dados do IBGE, que S\u00e3o Paulo conte com 44 milh\u00f5es de pedestres, 24 milh\u00f5es de motoristas de carro, 12 milh\u00f5es de motociclistas e 9 milh\u00f5es de ciclistas. Caminhoneiros somam 900 mil.<\/p>\n<p>O aumento de 14,5% nos \u00f3bitos no tr\u00e2nsito paulista, no primeiro trimestre deste ano, em compara\u00e7\u00e3o ao mesmo per\u00edodo de 2023 e em paralelo ao aumento dos sinistros com v\u00edtimas n\u00e3o fatais (1,1%), confirma a import\u00e2ncia das a\u00e7\u00f5es frequentes de conscientiza\u00e7\u00e3o sobre o respeito \u00e0s leis de tr\u00e2nsito, com vistas \u00e0 preserva\u00e7\u00e3o da vida.<\/p>\n<p>Todas as a\u00e7\u00f5es do governo paulista integram o Maio Amarelo, que \u00e9 um movimento em defesa da vida e da redu\u00e7\u00e3o das mortes no tr\u00e2nsito. Lan\u00e7ado em 2011 pela Organiza\u00e7\u00e3o das Na\u00e7\u00f5es Unidas (ONU), com apoio da Organiza\u00e7\u00e3o Mundial de Sa\u00fade (OMS), ele \u00e9 realizado no Brasil desde 2014.<\/p>\n<p><strong>Sistran-SP<\/strong><\/p>\n<p>Em S\u00e3o Paulo, nas iniciativas para um tr\u00e2nsito mais integrado, organizado e seguro, o Sistran \u00e9 pe\u00e7a-chave para garantir uma atua\u00e7\u00e3o uniforme e coordenada entre os \u00f3rg\u00e3os de tr\u00e2nsito nas esferas federal, estadual e municipal.<\/p>\n<p>O \u00f3rg\u00e3o \u00e9 um colegiado, com distintas entidades em sua composi\u00e7\u00e3o: Conselho Estadual de Tr\u00e2nsito (Cetran-SP), Departamento Estadual de Tr\u00e2nsito (Detran-SP), Departamento de Estradas de Rodagem de S\u00e3o Paulo (DER-SP), Ag\u00eancia de Transporte do Estado de S\u00e3o Paulo (Artesp), diversas Secretarias Estaduais (como a de Meio Ambiente, Infraestrutura e Log\u00edstica e Desenvolvimento Econ\u00f4mico), Dnit, ANTT, Pol\u00edcia Rodovi\u00e1ria Federal (PRF) e os 59 munic\u00edpios paulistas j\u00e1 integrados ao sistema.<\/p>\n<p>Dentro do escopo de trabalho desenvolvido em linha com a defesa da vida no tr\u00e2nsito, est\u00e3o in\u00fameros programas e treinamentos de fiscaliza\u00e7\u00e3o. O objetivo principal \u00e9 estabelecer padr\u00f5es operacionais em a\u00e7\u00f5es focadas em comportamentos de maior risco: excesso de velocidade, bebida e dire\u00e7\u00e3o e uso correto de capacete e cinto de seguran\u00e7a.<\/p>\n<\/p><\/div>\n<p><br \/>\n<br \/><a href=\"https:\/\/www.saopaulo.sp.gov.br\/spnoticias\/ultimas-noticias\/governo-de-sp-lanca-novo-portal-infosiga-e-reforca-acoes-para-reduzir-morte-no-transito\/\" rel=\"noopener\">Informa\u00e7\u00f5es GOV.SP<\/a><\/p>\n","protected":false},"excerpt":{"rendered":"<p>&#13; O governador em exerc\u00edcio Felicio Ramuth lan\u00e7ou nesta quinta-feira (16), em evento no Pal\u00e1cio dos Bandeirantes, o novo portal de dados do Sistema de Informa\u00e7\u00f5es Gerenciais de Sinistros de Tr\u00e2nsito, Infosiga, do Detran-SP. A plataforma traz investimentos em inova\u00e7\u00e3o e tecnologia para auxiliar com dados o direcionamento de pol\u00edticas p\u00fablicas de seguran\u00e7a vi\u00e1ria dos [&hellip;]<\/p>\n","protected":false},"author":1,"featured_media":5256,"comment_status":"open","ping_status":"open","sticky":false,"template":"","format":"standard","meta":{"_jetpack_newsletter_access":"","_jetpack_dont_email_post_to_subs":false,"_jetpack_newsletter_tier_id":0,"_jetpack_memberships_contains_paywalled_content":false,"_mbp_banners":[],"_jetpack_feature_clip_id":0,"_jetpack_memberships_contains_paid_content":false,"footnotes":"","jetpack_publicize_message":"","jetpack_publicize_feature_enabled":true,"jetpack_social_post_already_shared":true,"jetpack_social_options":{"image_generator_settings":{"template":"highway","default_image_id":0,"font":"","enabled":false},"version":2},"jetpack_post_was_ever_published":false},"categories":[21],"tags":[],"class_list":["post-5255","post","type-post","status-publish","format-standard","has-post-thumbnail","category-sp-news"],"jetpack_publicize_connections":[],"jetpack-related-posts":[],"jetpack_shortlink":"https:\/\/wp.me\/p7Eq1F-1mL","jetpack_sharing_enabled":true,"jetpack_featured_media_url":"https:\/\/i0.wp.com\/guialimeira.com.br\/news\/wp-content\/uploads\/2024\/05\/Governo-de-SP-lanca-novo-portal-Infosiga-e-reforca-acoes.jpg?fit=2048%2C1387&ssl=1","_links":{"self":[{"href":"https:\/\/guialimeira.com.br\/news\/wp-json\/wp\/v2\/posts\/5255","targetHints":{"allow":["GET"]}}],"collection":[{"href":"https:\/\/guialimeira.com.br\/news\/wp-json\/wp\/v2\/posts"}],"about":[{"href":"https:\/\/guialimeira.com.br\/news\/wp-json\/wp\/v2\/types\/post"}],"author":[{"embeddable":true,"href":"https:\/\/guialimeira.com.br\/news\/wp-json\/wp\/v2\/users\/1"}],"replies":[{"embeddable":true,"href":"https:\/\/guialimeira.com.br\/news\/wp-json\/wp\/v2\/comments?post=5255"}],"version-history":[{"count":0,"href":"https:\/\/guialimeira.com.br\/news\/wp-json\/wp\/v2\/posts\/5255\/revisions"}],"wp:featuredmedia":[{"embeddable":true,"href":"https:\/\/guialimeira.com.br\/news\/wp-json\/wp\/v2\/media\/5256"}],"wp:attachment":[{"href":"https:\/\/guialimeira.com.br\/news\/wp-json\/wp\/v2\/media?parent=5255"}],"wp:term":[{"taxonomy":"category","embeddable":true,"href":"https:\/\/guialimeira.com.br\/news\/wp-json\/wp\/v2\/categories?post=5255"},{"taxonomy":"post_tag","embeddable":true,"href":"https:\/\/guialimeira.com.br\/news\/wp-json\/wp\/v2\/tags?post=5255"}],"curies":[{"name":"wp","href":"https:\/\/api.w.org\/{rel}","templated":true}]}}