{"id":52544,"date":"2026-01-15T17:20:21","date_gmt":"2026-01-15T20:20:21","guid":{"rendered":"https:\/\/guialimeira.com.br\/?p=52544"},"modified":"2026-01-15T17:20:21","modified_gmt":"2026-01-15T20:20:21","slug":"centro-de-lazer-de-cordeiropolis-recebe-festival-de-volei-e-shows-durante-luau-prefeitura-municipal-de-cordeiropolis","status":"publish","type":"post","link":"https:\/\/guialimeira.com.br\/news\/centro-de-lazer-de-cordeiropolis-recebe-festival-de-volei-e-shows-durante-luau-prefeitura-municipal-de-cordeiropolis\/","title":{"rendered":"Centro de Lazer de Cordeir\u00f3polis recebe festival de v\u00f4lei e shows durante luau \u2013 Prefeitura Municipal de Cordeir\u00f3polis"},"content":{"rendered":"<p> <br \/>\n<\/p>\n<div>\n<p>Acontece nesta sexta-feira (16) uma programa\u00e7\u00e3o esportiva e cultural no Centro de Lazer de Cordeir\u00f3polis. A partir das 14h, a prefeitura promove o Festival de V\u00f4lei de Areia. \u00c0 noite, ser\u00e1 a vez de um luau. A programa\u00e7\u00e3o come\u00e7a \u00e0s 19h, com show da banda Gera Rock. Na sequ\u00eancia, \u00e0s 21h, Kal\u00fa assume o microfone.<\/p>\n<p>A iniciativa integra o Festival de F\u00e9rias, realizada pelas secretarias de Cultura e de Esporte e Lazer. At\u00e9 28 de fevereiro, as piscinas do Jardim Progresso e do Centro de Lazer funcionam em hor\u00e1rio estendido. Progresso, de sexta a domingo, das 13h \u00e0s 18h; Centro de Lazer, de ter\u00e7a a sexta-feira, das 13h \u00e0s 18h, s\u00e1bado e domingo, das 10h \u00e0s 18h.<\/p>\n<p>Ainda nesta sexta-feira, das 15h \u00e0s 17h, atividades recreativas ser\u00e3o realizadas para crian\u00e7as de 7 a 12 anos no Jardim Eldorado. Na pr\u00f3xima quarta-feira, a a\u00e7\u00e3o acontece, no mesmo hor\u00e1rio, no Jardim Progresso. A programa\u00e7\u00e3o dessas atividades ocorre at\u00e9 6 de fevereiro, de quarta e de sexta. O Festival de F\u00e9rias continua na pr\u00f3xima semana com o Festival de Ver\u00e3o, na Pra\u00e7a Central \u201cComendador Jamil Abrah\u00e3o Saad\u201d, de 22 a 25; e o Lamana Metal Fest, no Teatro Municipal \u201cJo\u00e3o Pac\u00edfico\u201d, no dia 25. A programa\u00e7\u00e3o completa pode ser conferida nos canais oficiais da Prefeitura de Cordeir\u00f3polis.<\/p>\n<\/p><\/div>\n<p><br \/>\n<br \/><a href=\"https:\/\/www.cordeiropolis.sp.gov.br\/centro-de-lazer-de-cordeiropolis-recebe-festival-de-volei-e-shows-durante-luau\/\" rel=\"noopener\">Informa\u00e7\u00f5es Cordeir\u00f3polis <\/a><\/p>\n","protected":false},"excerpt":{"rendered":"<p>Acontece nesta sexta-feira (16) uma programa\u00e7\u00e3o esportiva e cultural no Centro de Lazer de Cordeir\u00f3polis. A partir das 14h, a prefeitura promove o Festival de V\u00f4lei de Areia. \u00c0 noite, ser\u00e1 a vez de um luau. A programa\u00e7\u00e3o come\u00e7a \u00e0s 19h, com show da banda Gera Rock. Na sequ\u00eancia, \u00e0s 21h, Kal\u00fa assume o microfone. [&hellip;]<\/p>\n","protected":false},"author":1,"featured_media":0,"comment_status":"closed","ping_status":"open","sticky":false,"template":"","format":"standard","meta":{"_jetpack_newsletter_access":"","_jetpack_dont_email_post_to_subs":false,"_jetpack_newsletter_tier_id":0,"_jetpack_memberships_contains_paywalled_content":false,"_mbp_banners":[],"_jetpack_feature_clip_id":0,"_jetpack_memberships_contains_paid_content":false,"footnotes":"","jetpack_publicize_message":"","jetpack_publicize_feature_enabled":true,"jetpack_social_post_already_shared":true,"jetpack_social_options":{"image_generator_settings":{"template":"highway","default_image_id":0,"font":"","enabled":false},"version":2},"jetpack_post_was_ever_published":false},"categories":[20],"tags":[],"class_list":["post-52544","post","type-post","status-publish","format-standard","category-regiao"],"jetpack_publicize_connections":[],"jetpack-related-posts":[],"jetpack_shortlink":"https:\/\/wp.me\/p7Eq1F-dFu","jetpack_sharing_enabled":true,"jetpack_featured_media_url":"","_links":{"self":[{"href":"https:\/\/guialimeira.com.br\/news\/wp-json\/wp\/v2\/posts\/52544","targetHints":{"allow":["GET"]}}],"collection":[{"href":"https:\/\/guialimeira.com.br\/news\/wp-json\/wp\/v2\/posts"}],"about":[{"href":"https:\/\/guialimeira.com.br\/news\/wp-json\/wp\/v2\/types\/post"}],"author":[{"embeddable":true,"href":"https:\/\/guialimeira.com.br\/news\/wp-json\/wp\/v2\/users\/1"}],"replies":[{"embeddable":true,"href":"https:\/\/guialimeira.com.br\/news\/wp-json\/wp\/v2\/comments?post=52544"}],"version-history":[{"count":1,"href":"https:\/\/guialimeira.com.br\/news\/wp-json\/wp\/v2\/posts\/52544\/revisions"}],"predecessor-version":[{"id":52545,"href":"https:\/\/guialimeira.com.br\/news\/wp-json\/wp\/v2\/posts\/52544\/revisions\/52545"}],"wp:attachment":[{"href":"https:\/\/guialimeira.com.br\/news\/wp-json\/wp\/v2\/media?parent=52544"}],"wp:term":[{"taxonomy":"category","embeddable":true,"href":"https:\/\/guialimeira.com.br\/news\/wp-json\/wp\/v2\/categories?post=52544"},{"taxonomy":"post_tag","embeddable":true,"href":"https:\/\/guialimeira.com.br\/news\/wp-json\/wp\/v2\/tags?post=52544"}],"curies":[{"name":"wp","href":"https:\/\/api.w.org\/{rel}","templated":true}]}}