{"id":5251,"date":"2024-05-16T14:38:59","date_gmt":"2024-05-16T17:38:59","guid":{"rendered":"https:\/\/guialimeira.com.br\/2024\/05\/16\/silvio-luiz-icone-da-narracao-esportiva-morre-aos-89-anos-em-sp\/"},"modified":"2024-05-16T14:38:59","modified_gmt":"2024-05-16T17:38:59","slug":"silvio-luiz-icone-da-narracao-esportiva-morre-aos-89-anos-em-sp","status":"publish","type":"post","link":"https:\/\/guialimeira.com.br\/news\/silvio-luiz-icone-da-narracao-esportiva-morre-aos-89-anos-em-sp\/","title":{"rendered":"S\u00edlvio Luiz, \u00edcone da narra\u00e7\u00e3o esportiva, morre aos 89 anos, em SP"},"content":{"rendered":"<p> <br \/>\n<\/p>\n<div>\n<p>Refer\u00eancia do jornalismo esportivo, o locutor S\u00edlvio Luiz morreu na manh\u00e3 desta quinta-feira (16), aos 89 anos, em S\u00e3o Paulo. Segundo nota do Hospital Oswaldo Cruz, ele estava internado em uma Unidade de Terapia Intensiva (UTI) desde o \u00faltimo dia 8 e faleceu hoje por fal\u00eancia m\u00faltiplas dos \u00f3rg\u00e3os.<img data-recalc-dims=\"1\" decoding=\"async\" src=\"https:\/\/i0.wp.com\/agenciabrasil.ebc.com.br\/ebc.png?w=696&#038;ssl=1\" style=\"width:1px; height:1px; display:inline;\"\/><img data-recalc-dims=\"1\" decoding=\"async\" src=\"https:\/\/i0.wp.com\/agenciabrasil.ebc.com.br\/ebc.gif?w=696&#038;ssl=1\" style=\"width:1px; height:1px; display:inline;\"\/><\/p>\n<p>H\u00e1 pouco mais de um m\u00eas, S\u00edlvio Luiz estava em plena atividade na TV Record. Ele comandava a transmiss\u00e3o da final do Campeonato Paulista no dia 7 de abril, para canais digitais, ao lado dos humoristas Carioca e Bola, quando passou mal e foi levado \u00e0s pressas para o hospital.<\/p>\n<blockquote>\n<p>\u201cSeu legado e contribui\u00e7\u00e3o para a televis\u00e3o brasileira, para o jornalismo e para o esporte s\u00e3o inestim\u00e1veis. Nossos mais profundos sentimentos a sua esposa M\u00e1rcia, seus filhos Alexandre, Andr\u00e9a e Andr\u00e9, seus netos e amigos\u201d,<a href=\"https:\/\/twitter.com\/recordtvoficial\/status\/1791113005935009863\" rel=\"noopener\"><strong> lamentou\u00a0\u00a0a Record.<\/strong><\/a><\/p>\n<\/blockquote>\n<p>A como\u00e7\u00e3o pela morte do locutor, \u00edcone da irrever\u00eancia durante as\u00a0transmiss\u00f5es,\u00a0tomou conta das redes sociais, com in\u00fameras publica\u00e7\u00f5es de clubes (<a href=\"https:\/\/twitter.com\/SantosFC\/status\/1791101225271734711\" rel=\"noopener\"><strong>Santos<\/strong><\/a>, <strong><a href=\"http:\/\/&lt;blockquote class=&quot;twitter-tweet&quot;&gt;&lt;p lang=&quot;pt&quot; dir=&quot;ltr&quot;&gt;OLHO NO LANCE! \ud83d\udc9a&lt;br&gt;&lt;br&gt;Ic\u00f4nico, irreverente e com um estilo \u00fanico. Silvio Luiz marcou a narra\u00e7\u00e3o brasileira e participou de grandes momentos da nossa hist\u00f3ria.&lt;a href=&quot;https:\/\/twitter.com\/hashtag\/AvantiPalestra?src=hash&amp;ref_src=twsrc%5Etfw&quot;&gt;#AvantiPalestra&lt;\/a&gt; &lt;a href=&quot;https:\/\/t.co\/CiHRdiu0b5&quot;&gt;pic.twitter.com\/CiHRdiu0b5&lt;\/a&gt;&lt;\/p&gt;\u2014 SE Palmeiras (@Palmeiras) &lt;a href=&quot;https:\/\/twitter.com\/Palmeiras\/status\/1791118100831605068?ref_src=twsrc%5Etfw&quot;&gt;May 16, 2024&lt;\/a&gt;&lt;\/blockquote&gt; &lt;script async src=&quot;https:\/\/platform.twitter.com\/widgets.js&quot; charset=&quot;utf-8&quot;&gt;&lt;\/script&gt;\">Palmeiras<\/a><\/strong>, <a href=\"https:\/\/twitter.com\/Cruzeiro\/status\/1791114027453592045\" rel=\"noopener\"><strong>Cruzeiro <\/strong><\/a>e <a href=\"https:\/\/twitter.com\/Flamengo\/status\/1791107816435908819\" rel=\"noopener\"><strong>Flamengo<\/strong><\/a>) al\u00e9m de personalidades do esporte (<strong><a href=\"https:\/\/twitter.com\/denilsonshow\/status\/1791124426970268036\" rel=\"noopener\">Denilson<\/a><\/strong>,\u00a0<a href=\"https:\/\/twitter.com\/everaldomarques\/status\/1791096630826958980\" rel=\"noopener\"><strong>Everaldo Marques,<\/strong><\/a>\u00a0<a href=\"https:\/\/twitter.com\/andrizek\/status\/1791102870013558819\" rel=\"noopener\"><strong>Andre Rizek<\/strong><\/a>).<\/p>\n<blockquote class=\"twitter-tweet\">\n<p dir=\"ltr\" lang=\"pt\" xml:lang=\"pt\">OLHO NO LAAANCE! \ud83d\udda4\ud83c\udf99\ufe0f<\/p>\n<p>Foi de Silvio Luiz, craque da locu\u00e7\u00e3o e botafoguense declarado, a voz que embalou um dos momentos mais gloriosos da hist\u00f3ria alvinegra. Obrigado, lenda! Voc\u00ea est\u00e1 marcado na hist\u00f3ria do esporte e da TV brasileira como um dos maiores! \ud83d\udcfa\u26bd\ufe0f <a href=\"https:\/\/twitter.com\/hashtag\/BFR?src=hash&amp;ref_src=twsrc%5Etfw\" rel=\"noopener\">#BFR<\/a> <a href=\"https:\/\/t.co\/vKWWT01Pqh\">pic.twitter.com\/vKWWT01Pqh<\/a><\/p>\n<p>\u2014 Botafogo F.R. (@Botafogo) <a href=\"https:\/\/twitter.com\/Botafogo\/status\/1791120739514425577?ref_src=twsrc%5Etfw\" rel=\"noopener\">May 16, 2024<\/a><\/p><\/blockquote>\n<p>Autor de grandes bord\u00f5es durante a narra\u00e7\u00e3o de partidas de futebol \u2013 entre eles \u201cOlho no lance\u201d e \u201cPelas barbas do profeta\u201d -, Silvio Luiz Peres Machado de Souza nasceu na capital paulista em 14 de julho de 1934. A trajet\u00f3ria do jornalista come\u00e7ou aos 18 anos, na R\u00e1dio S\u00e3o Paulo, e logo no ano seguinte foi contratado pelo TV Record. Foi na emissora que ele se tornou o primeiro rep\u00f3rter em campo da tev\u00ea brasileira.<\/p>\n<p>Antes mesmo de abra\u00e7ar a carreira de locutor esportivo, S\u00edlvio Luiz esteve em campo, atuando como \u00e1rbitro de futebol na d\u00e9cada de 1960 e 1970. Mas foi como locutor esportivo que ele conquistou milhares de f\u00e3s de esporte por todo o pa\u00eds. Narrou v\u00e1rias Copas do Mundos e ficou conhecido como \u201clegendador de imagens\u201d, por seu estilo \u00fanico de enxergar a partida. Optou por n\u00e3o narrar &#8220;gol&#8221; no momento m\u00e1gico da bola balan\u00e7ando a rede, para fugir da mesmice. Quando o futebol em campo era sofr\u00edvel de se ver, Silvio Luiz aproveitava da irrever\u00eancia para dar receitas durante a transmiss\u00e3o. Ao longo da carreira trabalhou na R\u00e1dio Bandeirantes, SBT, TV Excelsior e TV Paulista, entre outros ve\u00edculos.<\/p>\n<blockquote class=\"twitter-tweet\">\n<p dir=\"ltr\" lang=\"pt\" xml:lang=\"pt\">\ud835\udcde\ud835\udcf5\ud835\udcf1\ud835\udcf8 \ud835\udcf7\ud835\udcf8 \ud835\udcf5\ud835\udcea\ud835\udcea\ud835\udcea\ud835\udcea\ud835\udcea\ud835\udcf7\ud835\udcf7\ud835\udcec\ud835\udcee\ud835\udcee\ud835\udcee!<\/p>\n<p>Em homenagem ao Silvio Luiz, grande s\u00e3o-paulino que nos deixou hoje, \ud835\ude58\ud835\ude64\ud835\ude63\ud835\ude5b\ud835\ude5e\ud835\ude67\ud835\ude56 \ud835\ude58\ud835\ude64\ud835\ude62\ud835\ude5e\ud835\ude5c\ud835\ude64 \ud835\ude63\ud835\ude64 \ud835\ude67\ud835\ude5a\ud835\ude65\ud835\ude61\ud835\ude56\ud835\ude6e alguns gols do Tricolor na voz desse ic\u00f4nico narrador.<\/p>\n<p>Obrigado, Silvio! \u2764\ufe0f<a href=\"https:\/\/twitter.com\/hashtag\/VamosS%C3%A3oPaulo?src=hash&amp;ref_src=twsrc%5Etfw\" rel=\"noopener\">#VamosS\u00e3oPaulo<\/a> \ud83c\uddfe\ud83c\uddea <a href=\"https:\/\/t.co\/wMeQyAQpZ6\">pic.twitter.com\/wMeQyAQpZ6<\/a><\/p>\n<p>\u2014 S\u00e3o Paulo FC (@SaoPauloFC) <a href=\"https:\/\/twitter.com\/SaoPauloFC\/status\/1791140059803951396?ref_src=twsrc%5Etfw\" rel=\"noopener\">May 16, 2024<\/a><\/p><\/blockquote>\n<h2>Bord\u00f5es que se tornaram cl\u00e1ssicos<\/h2>\n<p>Est\u00e1 valendo&#8221;<\/p>\n<p>&#8220;Acerta o seu da\u00ed que eu arredondo o meu daqui&#8221;<\/p>\n<p>&#8220;Pelas barbas do profeta&#8221;<\/p>\n<p>&#8220;Olho no lance&#8221;<\/p>\n<p>&#8220;Pelo amor dos meus filhinhos&#8221;<\/p>\n<p>&#8220;O que eu vou dizer l\u00e1 em casa?&#8221;<\/p>\n<p>&#8220;Confira comigo no replay&#8221;<\/p>\n<p>&#8220;Balan\u00e7ou o capim no fundo do gol&#8221;<\/p>\n<p>&#8220;Foi, foi, foi, foi ele&#8230; o craque da camisa n\u00famero&#8230;&#8221;<\/p>\n<\/p><\/div>\n<p><br \/>\n<br \/><a href=\"https:\/\/agenciabrasil.ebc.com.br\/esportes\/noticia\/2024-05\/silvio-luiz-icone-da-narracao-esportiva-morre-aos-89-anos-em-sp\" rel=\"noopener\">Ag\u00eancia Brasil<\/a><\/p>\n","protected":false},"excerpt":{"rendered":"<p>Refer\u00eancia do jornalismo esportivo, o locutor S\u00edlvio Luiz morreu na manh\u00e3 desta quinta-feira (16), aos 89 anos, em S\u00e3o Paulo. Segundo nota do Hospital Oswaldo Cruz, ele estava internado em uma Unidade de Terapia Intensiva (UTI) desde o \u00faltimo dia 8 e faleceu hoje por fal\u00eancia m\u00faltiplas dos \u00f3rg\u00e3os. H\u00e1 pouco mais de um m\u00eas, [&hellip;]<\/p>\n","protected":false},"author":1,"featured_media":5252,"comment_status":"open","ping_status":"open","sticky":false,"template":"","format":"standard","meta":{"_jetpack_newsletter_access":"","_jetpack_dont_email_post_to_subs":false,"_jetpack_newsletter_tier_id":0,"_jetpack_memberships_contains_paywalled_content":false,"_mbp_banners":[],"_jetpack_feature_clip_id":0,"_jetpack_memberships_contains_paid_content":false,"footnotes":"","jetpack_publicize_message":"","jetpack_publicize_feature_enabled":true,"jetpack_social_post_already_shared":true,"jetpack_social_options":{"image_generator_settings":{"template":"highway","default_image_id":0,"font":"","enabled":false},"version":2},"jetpack_post_was_ever_published":false},"categories":[23],"tags":[],"class_list":["post-5251","post","type-post","status-publish","format-standard","has-post-thumbnail","category-esportes"],"jetpack_publicize_connections":[],"jetpack-related-posts":[],"jetpack_shortlink":"https:\/\/wp.me\/p7Eq1F-1mH","jetpack_sharing_enabled":true,"jetpack_featured_media_url":"https:\/\/i0.wp.com\/guialimeira.com.br\/news\/wp-content\/uploads\/2024\/05\/gntfeafxcaahdq0-aa.jpg?fit=1600%2C800&ssl=1","_links":{"self":[{"href":"https:\/\/guialimeira.com.br\/news\/wp-json\/wp\/v2\/posts\/5251","targetHints":{"allow":["GET"]}}],"collection":[{"href":"https:\/\/guialimeira.com.br\/news\/wp-json\/wp\/v2\/posts"}],"about":[{"href":"https:\/\/guialimeira.com.br\/news\/wp-json\/wp\/v2\/types\/post"}],"author":[{"embeddable":true,"href":"https:\/\/guialimeira.com.br\/news\/wp-json\/wp\/v2\/users\/1"}],"replies":[{"embeddable":true,"href":"https:\/\/guialimeira.com.br\/news\/wp-json\/wp\/v2\/comments?post=5251"}],"version-history":[{"count":0,"href":"https:\/\/guialimeira.com.br\/news\/wp-json\/wp\/v2\/posts\/5251\/revisions"}],"wp:featuredmedia":[{"embeddable":true,"href":"https:\/\/guialimeira.com.br\/news\/wp-json\/wp\/v2\/media\/5252"}],"wp:attachment":[{"href":"https:\/\/guialimeira.com.br\/news\/wp-json\/wp\/v2\/media?parent=5251"}],"wp:term":[{"taxonomy":"category","embeddable":true,"href":"https:\/\/guialimeira.com.br\/news\/wp-json\/wp\/v2\/categories?post=5251"},{"taxonomy":"post_tag","embeddable":true,"href":"https:\/\/guialimeira.com.br\/news\/wp-json\/wp\/v2\/tags?post=5251"}],"curies":[{"name":"wp","href":"https:\/\/api.w.org\/{rel}","templated":true}]}}