{"id":52498,"date":"2026-01-14T17:46:09","date_gmt":"2026-01-14T20:46:09","guid":{"rendered":"https:\/\/guialimeira.com.br\/?p=52498"},"modified":"2026-01-14T17:46:09","modified_gmt":"2026-01-14T20:46:09","slug":"prefeitura-prorroga-vencimento-da-primeira-parcela-do-iptu-2026-em-cordeiropolis-prefeitura-municipal-de-cordeiropolis","status":"publish","type":"post","link":"https:\/\/guialimeira.com.br\/news\/prefeitura-prorroga-vencimento-da-primeira-parcela-do-iptu-2026-em-cordeiropolis-prefeitura-municipal-de-cordeiropolis\/","title":{"rendered":"Prefeitura prorroga vencimento da primeira parcela do IPTU 2026 em Cordeir\u00f3polis \u2013 Prefeitura Municipal de Cordeir\u00f3polis"},"content":{"rendered":"<p> <br \/>\n<\/p>\n<div>\n<p>A Prefeitura de Cordeir\u00f3polis prorrogou o vencimento da primeira parcela do IPTU 2026, bem como do pagamento \u00e0 vista com desconto. A medida est\u00e1 prevista em decreto assinado pela prefeita Cristina Saad e atende a uma solicita\u00e7\u00e3o dos vereadores Paulo C\u00e9sar Morais, Vilson Caleffi, Valmir Sanches, C\u00edcero da Silva Saraiva, Deize Bettin, Sidnei Gambaro e Rozimar Rodrigues.<\/p>\n<p>O novo prazo \u00e9 30 de janeiro de 2026. As demais parcelas permanecem com os vencimentos j\u00e1 estabelecidos, todo dia 15. Segundo o departamento Tribut\u00e1rio, o pagamento pode ser feito via bancos conveniados \u2013 internet ou caixa eletr\u00f4nico e nas casas lot\u00e9ricas. No site da prefeitura (www.cordeiropolis.sp.gov.br) \u00e9 poss\u00edvel emitir a segunda via do tributo municipal.<\/p>\n<\/p><\/div>\n<p><br \/>\n<br \/><a href=\"https:\/\/www.cordeiropolis.sp.gov.br\/prefeitura-prorroga-vencimento-da-primeira-parcela-do-iptu-2026-em-cordeiropolis\/\" rel=\"noopener\">Informa\u00e7\u00f5es Cordeir\u00f3polis <\/a><\/p>\n","protected":false},"excerpt":{"rendered":"<p>A Prefeitura de Cordeir\u00f3polis prorrogou o vencimento da primeira parcela do IPTU 2026, bem como do pagamento \u00e0 vista com desconto. A medida est\u00e1 prevista em decreto assinado pela prefeita Cristina Saad e atende a uma solicita\u00e7\u00e3o dos vereadores Paulo C\u00e9sar Morais, Vilson Caleffi, Valmir Sanches, C\u00edcero da Silva Saraiva, Deize Bettin, Sidnei Gambaro e [&hellip;]<\/p>\n","protected":false},"author":1,"featured_media":0,"comment_status":"closed","ping_status":"open","sticky":false,"template":"","format":"standard","meta":{"_jetpack_newsletter_access":"","_jetpack_dont_email_post_to_subs":false,"_jetpack_newsletter_tier_id":0,"_jetpack_memberships_contains_paywalled_content":false,"_mbp_banners":[],"_jetpack_feature_clip_id":0,"_jetpack_memberships_contains_paid_content":false,"footnotes":"","jetpack_publicize_message":"","jetpack_publicize_feature_enabled":true,"jetpack_social_post_already_shared":true,"jetpack_social_options":{"image_generator_settings":{"template":"highway","default_image_id":0,"font":"","enabled":false},"version":2},"jetpack_post_was_ever_published":false},"categories":[20],"tags":[],"class_list":["post-52498","post","type-post","status-publish","format-standard","category-regiao"],"jetpack_publicize_connections":[],"jetpack-related-posts":[],"jetpack_shortlink":"https:\/\/wp.me\/p7Eq1F-dEK","jetpack_sharing_enabled":true,"jetpack_featured_media_url":"","_links":{"self":[{"href":"https:\/\/guialimeira.com.br\/news\/wp-json\/wp\/v2\/posts\/52498","targetHints":{"allow":["GET"]}}],"collection":[{"href":"https:\/\/guialimeira.com.br\/news\/wp-json\/wp\/v2\/posts"}],"about":[{"href":"https:\/\/guialimeira.com.br\/news\/wp-json\/wp\/v2\/types\/post"}],"author":[{"embeddable":true,"href":"https:\/\/guialimeira.com.br\/news\/wp-json\/wp\/v2\/users\/1"}],"replies":[{"embeddable":true,"href":"https:\/\/guialimeira.com.br\/news\/wp-json\/wp\/v2\/comments?post=52498"}],"version-history":[{"count":1,"href":"https:\/\/guialimeira.com.br\/news\/wp-json\/wp\/v2\/posts\/52498\/revisions"}],"predecessor-version":[{"id":52499,"href":"https:\/\/guialimeira.com.br\/news\/wp-json\/wp\/v2\/posts\/52498\/revisions\/52499"}],"wp:attachment":[{"href":"https:\/\/guialimeira.com.br\/news\/wp-json\/wp\/v2\/media?parent=52498"}],"wp:term":[{"taxonomy":"category","embeddable":true,"href":"https:\/\/guialimeira.com.br\/news\/wp-json\/wp\/v2\/categories?post=52498"},{"taxonomy":"post_tag","embeddable":true,"href":"https:\/\/guialimeira.com.br\/news\/wp-json\/wp\/v2\/tags?post=52498"}],"curies":[{"name":"wp","href":"https:\/\/api.w.org\/{rel}","templated":true}]}}