{"id":5249,"date":"2024-05-16T13:51:46","date_gmt":"2024-05-16T16:51:46","guid":{"rendered":"https:\/\/guialimeira.com.br\/2024\/05\/16\/eja-recebe-inscricoes-de-pessoas-interessadas-em-fazer-ou-concluir-ensino-fundamental\/"},"modified":"2024-05-16T13:51:46","modified_gmt":"2024-05-16T16:51:46","slug":"eja-recebe-inscricoes-de-pessoas-interessadas-em-fazer-ou-concluir-ensino-fundamental","status":"publish","type":"post","link":"https:\/\/guialimeira.com.br\/news\/eja-recebe-inscricoes-de-pessoas-interessadas-em-fazer-ou-concluir-ensino-fundamental\/","title":{"rendered":"EJA recebe inscri\u00e7\u00f5es de pessoas interessadas em fazer ou concluir Ensino Fundamental"},"content":{"rendered":"<p> <br \/>\n<\/p>\n<div>\n            <main class=\"\">&#13;<br \/>\n                &#13;<br \/>\n&#13;<br \/>\n&#13;<br \/>\n&#13;<br \/>\n    <img data-recalc-dims=\"1\" decoding=\"async\" src=\"https:\/\/i0.wp.com\/ecrie.com.br\/sistema\/conteudos\/imagem\/m_137_0_1_16052024131000.png?w=696&#038;ssl=1\" alt=\"EJA recebe inscri\u00e7\u00f5es de pessoas interessadas em fazer ou concluir Ensino Fundamental\"\/>&#13;<br \/>\n&#13;<\/p>\n<p>A Secretaria de Educa\u00e7\u00e3o de Limeira est\u00e1 com inscri\u00e7\u00f5es abertas para a Educa\u00e7\u00e3o de Jovens e Adultos (EJA), nos per\u00edodos manh\u00e3, tarde e noite. As aulas s\u00e3o voltadas a pessoas de 15 anos ou mais, que n\u00e3o tiveram acesso \u00e0 escolaridade ou n\u00e3o completaram o Ensino Fundamental. Para informa\u00e7\u00f5es, basta que os interessados procurem a escola municipal mais pr\u00f3xima de casa.<\/p>\n<p>&#13;<\/p>\n<p>H\u00e1 turmas em diferentes regi\u00f5es da cidade, incluindo uma sala de aula no N\u00facleo de Atendimento ao Cidad\u00e3o (NAC). Ana Paula Tetzner, de 29 anos, \u00e9 uma das alunas da EJA. Ela disse que, quando crian\u00e7a, frequentou a escola, por\u00e9m n\u00e3o conseguiu alfabetizar-se. Atualmente, ela estuda na EJA, especificamente, na sala de aula do NAC. \u201cQuero aprender a ler, a escrever, a fazer mais coisas\u201d, disse.<\/p>\n<p>&#13;<\/p>\n<p>A colega de classe Rita de C\u00e1ssia Oliveira, de 54 anos, com quem Ana Paula divide a mesa, apresenta uma hist\u00f3ria semelhante: estudou alguns anos, mas n\u00e3o domina a escrita e a leitura. \u201cN\u00e3o quero depender de ningu\u00e9m\u201d, comentou, sobre os motivos que a levaram de volta \u00e0 escola.<\/p>\n<p>&#13;<\/p>\n<p>Professora-formadora da Secretaria de Educa\u00e7\u00e3o, Helenice Magalh\u00e3es Guedes destacou a import\u00e2ncia da escolariza\u00e7\u00e3o para as pessoas adultas. \u201cVoltar \u00e0 escola \u00e9 um direito essencial da pessoa, que se reflete na autonomia, na qualidade de vida e na seguran\u00e7a social do indiv\u00edduo\u201d, enfatizou. \u201cN\u00e3o existe idade certa para estudar, aprendemos continuamente ao longo da vida. Portanto, convido todas as pessoas que n\u00e3o tiveram oportunidade de estudar ou de concluir o Ensino Fundamental a fazer parte da EJA\u201d, completou.<\/p>\n<p>&#13;<\/p>\n<p>De acordo o Ceprosom (2024), h\u00e1 663 inscritos no Cadastro \u00danico (Cad\u00danico), com 18 anos ou mais, que se autodeclararam \u201canalfabetas\u201d. Desse total, 312 t\u00eam idade igual ou superior a 60 anos. Nesse sentido, Helenice conclama a popula\u00e7\u00e3o a colaborar na identifica\u00e7\u00e3o dessas pessoas, orientando-as ou acompanhando-as \u00e0 escola municipal mais pr\u00f3xima para solicitar informa\u00e7\u00f5es sobre a EJA.<\/p>\n<p>&#13;<br \/>\n&#13;<br \/>\n&#13;<br \/>\n&#13;<\/p>\n<aside class=\"list-related no-print\">&#13;<br \/>\n        &#13;<br \/>\n&#13;<\/p>\n<article class=\"list-item noticias \">&#13;<br \/>\n                    <a class=\"list-item__img\" href=\"https:\/\/limeira.sp.gov.br\/imprensa\/noticias\/educacao\/acoes-voltadas-a-inovacao-e-tecnologia-rendem-premio-a-limeira\" tabindex=\"-1\" aria-hidden=\"true\" rel=\"noopener\">&#13;<br \/>\n                        <img data-recalc-dims=\"1\" decoding=\"async\" src=\"https:\/\/i0.wp.com\/ecrie.com.br\/sistema\/conteudos\/imagem\/m_137_2_2_14052024150439.jpg?w=696&#038;ssl=1\" alt=\"A\u00e7\u00f5es voltadas \u00e0 inova\u00e7\u00e3o e tecnologia rendem pr\u00eamio a Limeira\"\/>&#13;<br \/>\n                    <\/a>&#13;<br \/>\n&#13;<br \/>\n                &#13;<br \/>\n            <\/article>\n<p>&#13;<\/p>\n<article class=\"list-item noticias \">&#13;<br \/>\n                    <a class=\"list-item__img\" href=\"https:\/\/limeira.sp.gov.br\/imprensa\/noticias\/educacao\/acoes-em-tecnologia-e-infraestrutura-rendem-premioinovacidade-2024-para-limeira\" tabindex=\"-1\" aria-hidden=\"true\" rel=\"noopener\">&#13;<br \/>\n                        <img data-recalc-dims=\"1\" decoding=\"async\" src=\"https:\/\/i0.wp.com\/ecrie.com.br\/sistema\/conteudos\/imagem\/m_137_0_1_08052024115458.jpg?w=696&#038;ssl=1\" alt=\"A\u00e7\u00f5es em tecnologia e infraestrutura rendem pr\u00eamio\u00a0InovaCidade 2024 para Limeira\"\/>&#13;<br \/>\n                    <\/a>&#13;<br \/>\n&#13;<br \/>\n                &#13;<br \/>\n            <\/article>\n<p>&#13;<\/p>\n<article class=\"list-item noticias \">&#13;<br \/>\n                    <a class=\"list-item__img\" href=\"https:\/\/limeira.sp.gov.br\/imprensa\/noticias\/educacao\/mais-de-800-monitores-da-rede-de-ensino-de-limeira-participam-de-formacao\" tabindex=\"-1\" aria-hidden=\"true\" rel=\"noopener\">&#13;<br \/>\n                        <img data-recalc-dims=\"1\" decoding=\"async\" src=\"https:\/\/i0.wp.com\/ecrie.com.br\/sistema\/conteudos\/imagem\/m_137_1_1_06052024164847.jpg?w=696&#038;ssl=1\" alt=\"Mais de 800 monitores da rede de ensino de Limeira participam de forma\u00e7\u00e3o\"\/>&#13;<br \/>\n                    <\/a>&#13;<br \/>\n&#13;<br \/>\n                &#13;<br \/>\n            <\/article>\n<p>&#13;<br \/>\n    <\/aside>\n<p>&#13;<br \/>\n&#13;<br \/>\n            <\/main><\/p><\/div>\n<p><br \/>\n<br \/><a href=\"https:\/\/limeira.sp.gov.br\/eja-recebe-inscricoes-de-pessoas-interessadas-em-fazer-ou-concluir-ensino-fundamental\" rel=\"noopener\">Informa\u00e7\u00f5es da PML <\/a><\/p>\n","protected":false},"excerpt":{"rendered":"<p>&#13; &#13; &#13; &#13; &#13; &#13; &#13; A Secretaria de Educa\u00e7\u00e3o de Limeira est\u00e1 com inscri\u00e7\u00f5es abertas para a Educa\u00e7\u00e3o de Jovens e Adultos (EJA), nos per\u00edodos manh\u00e3, tarde e noite. As aulas s\u00e3o voltadas a pessoas de 15 anos ou mais, que n\u00e3o tiveram acesso \u00e0 escolaridade ou n\u00e3o completaram o Ensino Fundamental. Para [&hellip;]<\/p>\n","protected":false},"author":1,"featured_media":5250,"comment_status":"open","ping_status":"open","sticky":false,"template":"","format":"standard","meta":{"_jetpack_newsletter_access":"","_jetpack_dont_email_post_to_subs":false,"_jetpack_newsletter_tier_id":0,"_jetpack_memberships_contains_paywalled_content":false,"_mbp_banners":[],"_jetpack_feature_clip_id":0,"_jetpack_memberships_contains_paid_content":false,"footnotes":"","jetpack_publicize_message":"","jetpack_publicize_feature_enabled":true,"jetpack_social_post_already_shared":true,"jetpack_social_options":{"image_generator_settings":{"template":"highway","default_image_id":0,"font":"","enabled":false},"version":2},"jetpack_post_was_ever_published":false},"categories":[16],"tags":[],"class_list":["post-5249","post","type-post","status-publish","format-standard","has-post-thumbnail","category-local"],"jetpack_publicize_connections":[],"jetpack-related-posts":[],"jetpack_shortlink":"https:\/\/wp.me\/p7Eq1F-1mF","jetpack_sharing_enabled":true,"jetpack_featured_media_url":"https:\/\/i0.wp.com\/guialimeira.com.br\/news\/wp-content\/uploads\/2024\/05\/m_137_0_1_16052024131000.png?fit=1280%2C852&ssl=1","_links":{"self":[{"href":"https:\/\/guialimeira.com.br\/news\/wp-json\/wp\/v2\/posts\/5249","targetHints":{"allow":["GET"]}}],"collection":[{"href":"https:\/\/guialimeira.com.br\/news\/wp-json\/wp\/v2\/posts"}],"about":[{"href":"https:\/\/guialimeira.com.br\/news\/wp-json\/wp\/v2\/types\/post"}],"author":[{"embeddable":true,"href":"https:\/\/guialimeira.com.br\/news\/wp-json\/wp\/v2\/users\/1"}],"replies":[{"embeddable":true,"href":"https:\/\/guialimeira.com.br\/news\/wp-json\/wp\/v2\/comments?post=5249"}],"version-history":[{"count":0,"href":"https:\/\/guialimeira.com.br\/news\/wp-json\/wp\/v2\/posts\/5249\/revisions"}],"wp:featuredmedia":[{"embeddable":true,"href":"https:\/\/guialimeira.com.br\/news\/wp-json\/wp\/v2\/media\/5250"}],"wp:attachment":[{"href":"https:\/\/guialimeira.com.br\/news\/wp-json\/wp\/v2\/media?parent=5249"}],"wp:term":[{"taxonomy":"category","embeddable":true,"href":"https:\/\/guialimeira.com.br\/news\/wp-json\/wp\/v2\/categories?post=5249"},{"taxonomy":"post_tag","embeddable":true,"href":"https:\/\/guialimeira.com.br\/news\/wp-json\/wp\/v2\/tags?post=5249"}],"curies":[{"name":"wp","href":"https:\/\/api.w.org\/{rel}","templated":true}]}}