{"id":5247,"date":"2024-05-16T13:40:06","date_gmt":"2024-05-16T16:40:06","guid":{"rendered":"https:\/\/guialimeira.com.br\/2024\/05\/16\/confira-a-programacao-completa-do-festival-em-barretos\/"},"modified":"2024-05-16T13:40:06","modified_gmt":"2024-05-16T16:40:06","slug":"confira-a-programacao-completa-do-festival-em-barretos","status":"publish","type":"post","link":"https:\/\/guialimeira.com.br\/news\/confira-a-programacao-completa-do-festival-em-barretos\/","title":{"rendered":"Confira a programa\u00e7\u00e3o completa do festival em Barretos"},"content":{"rendered":"<p> <br \/>\n<\/p>\n<div id=\"\">&#13;<\/p>\n<figure id=\"attachment_5885244\" style=\"width: 100%;max-width: 773px\" class=\"wp-caption alignnone\"><img data-recalc-dims=\"1\" decoding=\"async\" loading=\"lazy\" class=\" wp-image-5885244\" src=\"https:\/\/i0.wp.com\/www.saopaulo.sp.gov.br\/wp-content\/uploads\/2024\/05\/revelando-sp-barretos-300x198.jpeg?resize=696%2C459&#038;ssl=1\" alt=\"\" width=\"696\" height=\"459\" srcset=\"https:\/\/www.saopaulo.sp.gov.br\/wp-content\/uploads\/2024\/05\/revelando-sp-barretos-300x198.jpeg 300w, https:\/\/www.saopaulo.sp.gov.br\/wp-content\/uploads\/2024\/05\/revelando-sp-barretos-768x506.jpeg 768w, https:\/\/www.saopaulo.sp.gov.br\/wp-content\/uploads\/2024\/05\/revelando-sp-barretos.jpeg 850w\" sizes=\"auto, (max-width: 773px) 100vw, 773px\"\/><figcaption class=\"wp-caption-text\">Dupla Cezar &amp; Paulinho fazem parte da programa\u00e7\u00e3o do Revelando SP<\/figcaption><\/figure>\n<p>Foi divulgada a programa\u00e7\u00e3o completa para a edi\u00e7\u00e3o de Barretos do Revelando SP em 2024, iniciativa do Governo do Estado de S\u00e3o Paulo, por meio de sua Secretaria da Cultura, Economia e Ind\u00fastria Criativas, com gest\u00e3o e produ\u00e7\u00e3o da Associa\u00e7\u00e3o Paulista dos Amigos da Arte. O evento em Barretos \u00e9 correalizado pela Prefeitura da Est\u00e2ncia Tur\u00edstica de Barretos. Maior festival da valoriza\u00e7\u00e3o da cultura tradicional paulista, o Revelando SP acontece na cidade entre 17 e 19 de maio. A entrada \u00e9 gratuita.<\/p>\n<p>O festival promove um grande encontro das express\u00f5es culturais tradicionais que formam a identidade paulista. Barretos recebe durante o evento, que ser\u00e1 realizado no Recinto Paula de Lima Correa, mais de 60 participantes, entre culinaristas, artes\u00e3os e representantes das mais diversas manifesta\u00e7\u00f5es culturais do estado de S\u00e3o Paulo.<\/p>\n<p>No artesanato, o p\u00fablico poder\u00e1 conferir produ\u00e7\u00f5es elaboradas com as mais variadas t\u00e9cnicas e materiais, como brinquedos, pe\u00e7as ornamentais, tapetes, mantas, colchas, pinturas, utens\u00edlios dom\u00e9sticos, objetos decorativos, bordados, gamelas, instrumentos de percuss\u00e3o, objetos confeccionados a partir de retalhos de couro, macram\u00ea, entalhes em madeira, estamparia e imagens sacras.<\/p>\n<p>A riqueza da culin\u00e1ria paulista est\u00e1 representada no Revelando SP Barretos com produtos \u00e0 base de milho e do cambuci, biscoitos, lingui\u00e7a, arroz vermelho com su\u00e3, feij\u00e3o tropeiro, arroz carreteiro, torresmo tropeiro, carne na lata, pa\u00e7oca de carne, peixe, queijos, doces, farofa de i\u00e7\u00e1, caf\u00e9, cacha\u00e7a e vinho. E, como n\u00e3o poderia faltar em Barretos, a queima do alho, tradi\u00e7\u00e3o absoluta da cidade, tem seu lugar cativo.<\/p>\n<p>Nas manifesta\u00e7\u00f5es culturais tamb\u00e9m n\u00e3o falta variedade. Tem catira, folia de reis, modas de viola, congada, fandango de tamancos, fanfarra, mo\u00e7ambique, cururu, jongo e muito mais.<\/p>\n<p>Tamb\u00e9m fazem parte da programa\u00e7\u00e3o do Revelando SP shows com grandes nomes da m\u00fasica brasileira. A dupla Cezar &amp; Paulinho, que est\u00e1 completando 50 anos de atividades, e os cantores sertanejos Thiago Carvalho e S\u00e9rgio Marques se apresentam no dia 17 de maio. O m\u00fasico Guito, que ficou conhecido por ter feito o papel de Tib\u00e9rio na novela \u201cPantanal\u201d (2023), e a cantora santista Carolina Soares, int\u00e9rprete de samba e outras vertentes da m\u00fasica brasileira, sobem ao palco no dia 18. No domingo, dia 19, tocam no festival o grupo Dem\u00f4nios da Garoa, com mais de 80 anos de trajet\u00f3ria, e a Orquestra Sinf\u00f4nica Municipal de Barretos, que far\u00e1 um show especial, tocando cl\u00e1ssicos do sertanejo.<\/p>\n<p>\u201cPossu\u00edmos uma ind\u00fastria criativa robusta no estado de S\u00e3o Paulo e o Revelando SP \u00e9 um exemplo disso. Um evento, que engloba gastronomia, dan\u00e7a e artesanato, \u00e9 uma oportunidade perfeita para fomentarmos e preservarmos a ess\u00eancia da cultura paulista\u201d, destaca a secret\u00e1ria de Cultura, Economia e Ind\u00fastria Criativa do Estado de S\u00e3o Paulo, Mar\u00edlia Marton.<\/p>\n<p><strong>Programa\u00e7\u00e3o completa:<\/strong><\/p>\n<p><strong>Artesanato<\/strong><\/p>\n<p>Am\u00e9rico Brasiliense \u2013 Brinquedos de Madeira<br \/>Ava\u00ed \u2013 Artesanato Ind\u00edgena Ekeru\u00e1<br \/>Barra Bonita \u2013 Associarte \u2013 tapetes e mantas de sof\u00e1 no tear e croch\u00ea feito a m\u00e3o<br \/>Bom Sucesso de Itarar\u00e9 \u2013 Artesanato em barro de Bom Sucesso<br \/>Bom Sucesso de Itarar\u00e9 \u2013 M\u00e3os do Barro<br \/>C\u00e2ndido Mota \u2013 Artesanato em couro de boi e til\u00e1pia<br \/>Cordeir\u00f3polis \u2013 Vasos Horizonte \u2013 arte em cer\u00e2mica<br \/>Getulina \u2013 Casa do Artes\u00e3o de Getulina<br \/>Guapiara \u2013 Associa\u00e7\u00e3o das Mulheres Artes\u00e3s de Guapiara \u2013 artesanato em palhas e bordados<br \/>Guararema \u2013 Gamelas em mosaico de azulejo<br \/>Ibitinga \u2013 Cult-borda SP \u2013 bordado<br \/>Iguape \u2013 Kintao Artesanal \u2013 instrumentos confeccionados com elementos naturais<br \/>Itarar\u00e9 \u2013 Arte Sacra em Palha de Milho \u2013 artesanato em palha de milho<br \/>Ja\u00fa \u2013 Nozinhos M\u00e1gicos<br \/>Mau\u00e1 \u2013 Conex\u00e3o Cultural Cigana<br \/>Nuporanga \u2013 Artesanato<br \/>Ourinhos \u2013 A Arte dos Fios<br \/>Ourinhos \u2013 Art Roni Placas Entalhadas<br \/>Piracaia \u2013 Os Filhos do Emilio \u2013 arte em madeira<br \/>Potim \u2013 M\u00e3os Que Tecem \u2013 artesanato sustent\u00e1vel em taboa<br \/>Presidente Prudente \u2013 Enxoval da Vov\u00f3<br \/>Rinc\u00e3o \u2013 Tear, Pente Li\u00e7o e Croch\u00ea<br \/>Salto de Pirapora \u2013 Abayomi, a boneca que traz felicidade<br \/>Salto de Pirapora \u2013 Eco Print Quilombola \u2013 impress\u00e3o bot\u00e2nica<br \/>Silveiras \u2013 P\u00e1ssaro de Madeira<br \/>Votorantim \u2013 Chico Santeiro de Votorantim \u2013 arte sacra em madeira<\/p>\n<p><strong>Culin\u00e1ria<\/strong><\/p>\n<p>Bariri \u2013 Cacha\u00e7a Artesanal<br \/>Barretos \u2013 Ad\u00e9lia \u2013 del\u00edcias do milho \u2013 pamonha, curau, bolo e suco de milho<br \/>Barretos \u2013 Comitiva Ant\u00f4nio \u00c2ngelo \u2013 queima do alho<br \/>Batatais \u2013 Cacha\u00e7a Artesanal Jo\u00e3o Roberto<br \/>Bragan\u00e7a Paulista \u2013 Lingui\u00e7a Bragantina com Polenta Crocante<br \/>Ca\u00e7apava \u2013 Doce Maria Rapadura e Suco Z\u00e9 Taiada<br \/>Cruzeiro \u2013 Arroz Vermelho com Su\u00e3<br \/>Guararema \u2013 Alambique do D\u00e9cio<br \/>Guaratinguet\u00e1 \u2013 Doces Caseiros Especiais<br \/>Guarulhos \u2013 Culin\u00e1ria Regional \u2013 feij\u00e3o tropeiro, arroz carreteiro e caldos feitos no fog\u00e3o a lenha<br \/>Itapira \u2013 Vinhos Canivezzi \u2013 vinhos artesanais, p\u00e3es, bolos, roscas e produtos do Recanto das Videiras<br \/>Jacare\u00ed \u2013 Patrim\u00f4nio Imaterial de Jacare\u00ed \u2013 Bolinho Caipira<br \/>Jambeiro \u2013 Rancho Tropeiro \u2013 comida tropeira<br \/>Mogi das Cruzes \u2013 Derivados de Cambuci \u2013 frutos nativos da Mata Atl\u00e2ntica<br \/>Nazar\u00e9 Paulista \u2013 Pa\u00e7oca Divina<br \/>Novo Horizonte \u2013 Queijaria Irm\u00e3os Caipira \u2013 queijaria artesanal<br \/>Pitangueiras \u2013 Emp\u00f3rio e Engenho Verga e Filhos \u2013 Cacha\u00e7a Artesanal<br \/>Reden\u00e7\u00e3o da Serra \u2013 Banca Batista \u2013 produtos da ro\u00e7a<br \/>Reden\u00e7\u00e3o da Serra \u2013 Carne na Lata<br \/>Santa F\u00e9 do Sul \u2013 Cacha\u00e7a Sabor da Est\u00e2ncia \u2013 cacha\u00e7a artesanal<br \/>Santa F\u00e9 do Sul \u2013 Peixe Zoiudo \u2013 peixe t\u00edpico da regi\u00e3o<br \/>Sarapu\u00ed \u2013 Bolinho de Frango Caipira<br \/>Sarapu\u00ed \u2013 Vinhedos Divina Ess\u00eancia \u2013 vinhos artesanais e suco de uva<br \/>Silveiras \u2013 Farofa e I\u00e7\u00e1 e Torresmo Tropeiro<br \/>Tarum\u00e3 \u2013 Tradi\u00e7\u00e3o Caipira<\/p>\n<p><strong>Manifesta\u00e7\u00f5es culturais<\/strong><\/p>\n<p><strong>Todos os dias<\/strong><br \/>Piquete \u2013 Rancho Tropeiro<\/p>\n<p><strong>17 de maio, sexta<\/strong><br \/>Ara\u00e7atuba \u2013 Grupo de Catira Ara\u00e7atuba<\/p>\n<p><strong>18 de maio, s\u00e1bado<\/strong><br \/>Barretos \u2013 Cia Folia de Reis Santa Izabel<br \/>Barretos \u2013 Fam\u00edlia S\u00e3o Gon\u00e7alo<br \/>Palestina \u2013 Fanfarra Municipal de Palestina<br \/>Piraju \u2013 Grupo de Mo\u00e7ambique Leal Bahia<br \/>Pitangueiras \u2013 Orquestra de Viola Frutos da Terra<br \/>Porto Feliz \u2013 Cururureiros de Aratiguaba<\/p>\n<p><strong>19 de maio, domingo<\/strong><br \/>Barretos \u2013 Doni &amp; L\u00e9o Viola<br \/>Itaoca \u2013 Fandango de Tamancos de Itaoca<br \/>Itapira \u2013 Congada Mineira de Itapira<br \/>Len\u00e7\u00f3is Paulista \u2013 Orquestra de Viola e Viol\u00e3o Boca do Sert\u00e3o<br \/>Ribeir\u00e3o Preto \u2013 Companhia de Reis Irm\u00e3os Adolfo<br \/>Salto de Pirapora \u2013 Jongo Turivimba \u2013 Quilombo Cafund\u00f3<\/p>\n<p><strong>Shows<\/strong><\/p>\n<p><strong>17 de maio, sexta<\/strong><br \/>Das 9h30 \u00e0s 20h30 \u2013 DJ Thomazini<br \/>13h \u2013 S\u00e9rgio Marques<br \/>19h \u2013 Thiago Carvalho<br \/>20h30 \u2013 Cezar &amp; Paulinho<\/p>\n<p><strong>18 de maio, s\u00e1bado<\/strong><br \/>Das 10h \u00e0s 20h30 \u2013 DJ Ronaldo<br \/>17h \u2013 Carolina Soares<br \/>20h \u2013 Guito<\/p>\n<p><strong>19 de maio, domingo<\/strong><br \/>Das 10h \u00e0s 20h30 \u2013 DJ Thomazini<br \/>12h \u2013 Orquestra Sinf\u00f4nica Municipal de Barretos tocando cl\u00e1ssicos sertanejos<br \/>18h \u2013 Dem\u00f4nios da Garoa<\/p>\n<p><strong>Experi\u00eancia Revelando SP<\/strong><\/p>\n<p><strong>17 de maio, sexta<\/strong><br \/>Das 9h30 \u00e0s 20h \u2013 Jogos do Mundo<br \/>Das 9h30 \u00e0s 20h \u2013 Trupe Revelando SP<\/p>\n<p><strong>18 de maio, s\u00e1bado<\/strong><br \/>Das 10h \u00e0s 20h \u2013 Jogos do Mundo<br \/>Das 10h \u00e0s 20h30 \u2013 Trupe Revelando SP<\/p>\n<p><strong>19 de maio, domingo<\/strong><br \/>Das 10h \u00e0s 20h \u2013 Jogos do Mundo<br \/>Das 10h \u00e0s 20h30 \u2013 Trupe Revelando SP<\/p>\n<p><strong>Mais quatro edi\u00e7\u00f5es em 2024<\/strong><\/p>\n<p>Ap\u00f3s sua passagem por Barretos, o Revelando SP ainda ter\u00e1 mais quatro edi\u00e7\u00f5es, levando a cultura tradicional paulista a mais regi\u00f5es do estado:<\/p>\n<ul>\n<li>Iguape \u2013 13 a 16 de junho<\/li>\n<li>S\u00e3o Jos\u00e9 dos Campos \u2013 4 a 7 de julho<\/li>\n<li>Presidente Prudente \u2013 8 a 11 de agosto<\/li>\n<li>S\u00e3o Paulo \u2013 12 a 15 de setembro<\/li>\n<\/ul>\n<p><strong>Apoio \u00e0 realiza\u00e7\u00e3o de eventos culturais nos munic\u00edpios<\/strong><\/p>\n<p>A Secretaria da Cultura, Economia e Ind\u00fastria Criativas do Estado de S\u00e3o Paulo, em parceria com a Associa\u00e7\u00e3o Paulista dos Amigos da Arte, est\u00e1 com editais abertos para que os munic\u00edpios paulistas inscrevam projetos de eventos culturais. Os aprovados recebem apoio, que pode ser dado tanto em forma de pagamento de cach\u00eas art\u00edsticos quanto no fornecimento de infraestrutura \u2013 palco, banheiros qu\u00edmicos, gradis etc.<\/p>\n<p>Munic\u00edpios que querem receber apoio do Governo para a realiza\u00e7\u00e3o de festas de anivers\u00e1rio da cidade, festa junina, festas relacionadas a colheitas ou mesmo para a grafitagem de muros podem se inscrever em editais como o Difus\u00e3o CultSP no site da Amigos da Arte:<a href=\"https:\/\/amigosdaarte.org.br\/\" target=\"_blank\" rel=\"noopener noreferrer\"> www.amigosdaarte.org.br.<\/a><\/p>\n<p>Siga o canal \u201cGoverno de S\u00e3o Paulo\u201d no WhatsApp:<br \/><a href=\"https:\/\/bit.ly\/govspnozap\" target=\"_blank\" rel=\"noopener noreferrer\">https:\/\/bit.ly\/govspnozap<\/a><\/p>\n<\/p><\/div>\n<p><br \/>\n<br \/><a href=\"https:\/\/www.saopaulo.sp.gov.br\/spnoticias\/revelando-sp-confira-a-programacao-completa-do-festival-em-barretos\/\" rel=\"noopener\">Informa\u00e7\u00f5es GOV.SP<\/a><\/p>\n","protected":false},"excerpt":{"rendered":"<p>&#13; Dupla Cezar &amp; Paulinho fazem parte da programa\u00e7\u00e3o do Revelando SP Foi divulgada a programa\u00e7\u00e3o completa para a edi\u00e7\u00e3o de Barretos do Revelando SP em 2024, iniciativa do Governo do Estado de S\u00e3o Paulo, por meio de sua Secretaria da Cultura, Economia e Ind\u00fastria Criativas, com gest\u00e3o e produ\u00e7\u00e3o da Associa\u00e7\u00e3o Paulista dos Amigos [&hellip;]<\/p>\n","protected":false},"author":1,"featured_media":5248,"comment_status":"open","ping_status":"open","sticky":false,"template":"","format":"standard","meta":{"_jetpack_newsletter_access":"","_jetpack_dont_email_post_to_subs":false,"_jetpack_newsletter_tier_id":0,"_jetpack_memberships_contains_paywalled_content":false,"_mbp_banners":[],"_jetpack_feature_clip_id":0,"_jetpack_memberships_contains_paid_content":false,"footnotes":"","jetpack_publicize_message":"","jetpack_publicize_feature_enabled":true,"jetpack_social_post_already_shared":true,"jetpack_social_options":{"image_generator_settings":{"template":"highway","default_image_id":0,"font":"","enabled":false},"version":2},"jetpack_post_was_ever_published":false},"categories":[21],"tags":[],"class_list":["post-5247","post","type-post","status-publish","format-standard","has-post-thumbnail","category-sp-news"],"jetpack_publicize_connections":[],"jetpack-related-posts":[],"jetpack_shortlink":"https:\/\/wp.me\/p7Eq1F-1mD","jetpack_sharing_enabled":true,"jetpack_featured_media_url":"https:\/\/i0.wp.com\/guialimeira.com.br\/news\/wp-content\/uploads\/2024\/05\/Confira-a-programacao-completa-do-festival-em-Barretos.jpeg?fit=300%2C198&ssl=1","_links":{"self":[{"href":"https:\/\/guialimeira.com.br\/news\/wp-json\/wp\/v2\/posts\/5247","targetHints":{"allow":["GET"]}}],"collection":[{"href":"https:\/\/guialimeira.com.br\/news\/wp-json\/wp\/v2\/posts"}],"about":[{"href":"https:\/\/guialimeira.com.br\/news\/wp-json\/wp\/v2\/types\/post"}],"author":[{"embeddable":true,"href":"https:\/\/guialimeira.com.br\/news\/wp-json\/wp\/v2\/users\/1"}],"replies":[{"embeddable":true,"href":"https:\/\/guialimeira.com.br\/news\/wp-json\/wp\/v2\/comments?post=5247"}],"version-history":[{"count":0,"href":"https:\/\/guialimeira.com.br\/news\/wp-json\/wp\/v2\/posts\/5247\/revisions"}],"wp:featuredmedia":[{"embeddable":true,"href":"https:\/\/guialimeira.com.br\/news\/wp-json\/wp\/v2\/media\/5248"}],"wp:attachment":[{"href":"https:\/\/guialimeira.com.br\/news\/wp-json\/wp\/v2\/media?parent=5247"}],"wp:term":[{"taxonomy":"category","embeddable":true,"href":"https:\/\/guialimeira.com.br\/news\/wp-json\/wp\/v2\/categories?post=5247"},{"taxonomy":"post_tag","embeddable":true,"href":"https:\/\/guialimeira.com.br\/news\/wp-json\/wp\/v2\/tags?post=5247"}],"curies":[{"name":"wp","href":"https:\/\/api.w.org\/{rel}","templated":true}]}}