{"id":5243,"date":"2024-05-16T13:29:42","date_gmt":"2024-05-16T16:29:42","guid":{"rendered":"https:\/\/guialimeira.com.br\/2024\/05\/16\/abrigados-no-rio-grande-do-sul-serao-imunizadas-contra-a-gripe\/"},"modified":"2024-05-16T13:29:42","modified_gmt":"2024-05-16T16:29:42","slug":"abrigados-no-rio-grande-do-sul-serao-imunizadas-contra-a-gripe","status":"publish","type":"post","link":"https:\/\/guialimeira.com.br\/news\/abrigados-no-rio-grande-do-sul-serao-imunizadas-contra-a-gripe\/","title":{"rendered":"Abrigados no Rio Grande do Sul ser\u00e3o imunizadas contra a gripe"},"content":{"rendered":"<p> <br \/>\n<\/p>\n<div>\n<p>Toda a popula\u00e7\u00e3o com mais de 6 meses de idade que precisou ser acolhida em abrigos em raz\u00e3o das enchentes que atingem o Rio Grande do Sul ser\u00e1 imunizada contra a gripe. A meta, de acordo com o governo do estado, \u00e9 vacinar todo o grupo at\u00e9 a pr\u00f3xima segunda-feira (20).<img data-recalc-dims=\"1\" decoding=\"async\" src=\"https:\/\/i0.wp.com\/agenciabrasil.ebc.com.br\/ebc.png?w=696&#038;ssl=1\" style=\"width:1px; height:1px; display:inline;\"\/><img data-recalc-dims=\"1\" decoding=\"async\" src=\"https:\/\/i0.wp.com\/agenciabrasil.ebc.com.br\/ebc.gif?w=696&#038;ssl=1\" style=\"width:1px; height:1px; display:inline;\"\/><\/p>\n<p>A Defesa Civil do Rio Grande do Sul contabiliza 76.580 pessoas em abrigos distribu\u00eddos em 103 munic\u00edpios ga\u00fachos, conforme dados atualizados at\u00e9 ter\u00e7a-feira (14).<\/p>\n<p>Ainda de acordo com o governo do estado, uma nota t\u00e9cnica do Minist\u00e9rio da Sa\u00fade vai orientar sobre outras a\u00e7\u00f5es de vacina\u00e7\u00e3o no estado, incluindo esquemas contra hepatite A, t\u00e9tano e raiva humana em \u00e1reas atingidas pelas enchentes.<\/p>\n<p>\u201cUm levantamento sobre o assunto est\u00e1 sendo realizado e munic\u00edpios que necessitam de doses de vacina contra influenza ir\u00e3o receber os imunizantes a partir do fluxo log\u00edstico da Central Estadual de Armazenamento e Distribui\u00e7\u00e3o de Imunobiol\u00f3gicos\u201d, informou o governo do Rio Grande do Sul.\u00a0<\/p>\n<h2>Campanha<\/h2>\n<p>A campanha de vacina\u00e7\u00e3o contra a gripe no Rio Grande do Sul come\u00e7ou em mar\u00e7o, direcionada, \u00e0 \u00e9poca, somente para grupos priorit\u00e1rios. No come\u00e7o de maio, j\u00e1 em meio \u00e0s enchentes, a campanha foi ampliada para a popula\u00e7\u00e3o em geral com as doses remanescentes.<\/p>\n<p>Foram vacinados at\u00e9 o momento, em todo o estado, 38% do p\u00fablico priorit\u00e1rio, composto por gestantes, pu\u00e9rperas, idosos, crian\u00e7as e povos ind\u00edgenas. Ao todo, j\u00e1 foram aplicadas mais de 1,8 milh\u00e3o de doses contra a doen\u00e7a.<\/p>\n<h2>Preven\u00e7\u00e3o<\/h2>\n<p>O governo do Rio Grande do Sul alerta que ambientes fechados e com aglomera\u00e7\u00e3o de pessoas s\u00e3o prop\u00edcios ao aparecimento de doen\u00e7as infecciosas respirat\u00f3rias e cita algumas medidas de preven\u00e7\u00e3o:<\/p>\n<ul>\n<li>proteger a boca e o nariz ao tossir e ao espirrar com um len\u00e7o de papel (na falta de um len\u00e7o, a recomenda\u00e7\u00e3o \u00e9 usar a dobra interna do cotovelo);\u00a0<\/li>\n<li>evitar tocar olhos, nariz ou boca com as m\u00e3os ap\u00f3s contato com superf\u00edcies;<\/li>\n<li>fazer a higiene das m\u00e3os com \u00e1gua e sab\u00e3o (caso n\u00e3o dispon\u00edveis, pode ser utilizado \u00e1lcool em gel e, nesse caso, deixar as m\u00e3os secarem naturalmente) ap\u00f3s tossir ou espirrar e antes de tocar olhos, boca e nariz.<\/li>\n<\/ul><\/div>\n<p><br \/>\n<br \/><a href=\"https:\/\/agenciabrasil.ebc.com.br\/saude\/noticia\/2024-05\/abrigados-no-rio-grande-do-sul-serao-imunizadas-contra-gripe\" rel=\"noopener\">Ag\u00eancia Brasil <\/a><\/p>\n","protected":false},"excerpt":{"rendered":"<p>Toda a popula\u00e7\u00e3o com mais de 6 meses de idade que precisou ser acolhida em abrigos em raz\u00e3o das enchentes que atingem o Rio Grande do Sul ser\u00e1 imunizada contra a gripe. A meta, de acordo com o governo do estado, \u00e9 vacinar todo o grupo at\u00e9 a pr\u00f3xima segunda-feira (20). A Defesa Civil do [&hellip;]<\/p>\n","protected":false},"author":1,"featured_media":4579,"comment_status":"open","ping_status":"open","sticky":false,"template":"","format":"standard","meta":{"_jetpack_newsletter_access":"","_jetpack_dont_email_post_to_subs":false,"_jetpack_newsletter_tier_id":0,"_jetpack_memberships_contains_paywalled_content":false,"_mbp_banners":[],"_jetpack_feature_clip_id":0,"_jetpack_memberships_contains_paid_content":false,"footnotes":"","jetpack_publicize_message":"","jetpack_publicize_feature_enabled":true,"jetpack_social_post_already_shared":true,"jetpack_social_options":{"image_generator_settings":{"template":"highway","default_image_id":0,"font":"","enabled":false},"version":2},"jetpack_post_was_ever_published":false},"categories":[15],"tags":[],"class_list":["post-5243","post","type-post","status-publish","format-standard","has-post-thumbnail","category-saude"],"jetpack_publicize_connections":[],"jetpack-related-posts":[],"jetpack_shortlink":"https:\/\/wp.me\/p7Eq1F-1mz","jetpack_sharing_enabled":true,"jetpack_featured_media_url":"https:\/\/i0.wp.com\/guialimeira.com.br\/news\/wp-content\/uploads\/2024\/05\/ft_2.jpeg?fit=1600%2C800&ssl=1","_links":{"self":[{"href":"https:\/\/guialimeira.com.br\/news\/wp-json\/wp\/v2\/posts\/5243","targetHints":{"allow":["GET"]}}],"collection":[{"href":"https:\/\/guialimeira.com.br\/news\/wp-json\/wp\/v2\/posts"}],"about":[{"href":"https:\/\/guialimeira.com.br\/news\/wp-json\/wp\/v2\/types\/post"}],"author":[{"embeddable":true,"href":"https:\/\/guialimeira.com.br\/news\/wp-json\/wp\/v2\/users\/1"}],"replies":[{"embeddable":true,"href":"https:\/\/guialimeira.com.br\/news\/wp-json\/wp\/v2\/comments?post=5243"}],"version-history":[{"count":0,"href":"https:\/\/guialimeira.com.br\/news\/wp-json\/wp\/v2\/posts\/5243\/revisions"}],"wp:featuredmedia":[{"embeddable":true,"href":"https:\/\/guialimeira.com.br\/news\/wp-json\/wp\/v2\/media\/4579"}],"wp:attachment":[{"href":"https:\/\/guialimeira.com.br\/news\/wp-json\/wp\/v2\/media?parent=5243"}],"wp:term":[{"taxonomy":"category","embeddable":true,"href":"https:\/\/guialimeira.com.br\/news\/wp-json\/wp\/v2\/categories?post=5243"},{"taxonomy":"post_tag","embeddable":true,"href":"https:\/\/guialimeira.com.br\/news\/wp-json\/wp\/v2\/tags?post=5243"}],"curies":[{"name":"wp","href":"https:\/\/api.w.org\/{rel}","templated":true}]}}