{"id":52413,"date":"2026-01-13T11:03:28","date_gmt":"2026-01-13T14:03:28","guid":{"rendered":"https:\/\/guialimeira.com.br\/?p=52413"},"modified":"2026-01-13T11:03:28","modified_gmt":"2026-01-13T14:03:28","slug":"cordeiropolis-recebe-acao-de-castracao-gratuita-nos-dias-5-e-6-de-fevereiro-prefeitura-municipal-de-cordeiropolis","status":"publish","type":"post","link":"https:\/\/guialimeira.com.br\/news\/cordeiropolis-recebe-acao-de-castracao-gratuita-nos-dias-5-e-6-de-fevereiro-prefeitura-municipal-de-cordeiropolis\/","title":{"rendered":"Cordeir\u00f3polis recebe a\u00e7\u00e3o de castra\u00e7\u00e3o gratuita nos dias 5 e 6 de fevereiro \u2013 Prefeitura Municipal de Cordeir\u00f3polis"},"content":{"rendered":"<p> <br \/>\n<\/p>\n<div>\n<p>Um novo mutir\u00e3o de castra\u00e7\u00e3o, com 400 vagas, chegar\u00e1 a Cordeir\u00f3polis em fevereiro, nos dias 5 e 6. A iniciativa foi intermediada pela prefeita Cristina Saad, pelo vice-prefeito Anderson Hespanhol Pique, pelo chefe de Gabinete, Denis Suidedos, pela secret\u00e1ria de Meio Ambiente, Bruna Vidoretti, junto aos deputados Rafael Saraiva, do Uni\u00e3o Brasil, e F\u00e1bio Faria de S\u00e1, do Podemos \u2013 que teve tratativa, tamb\u00e9m, da vereadora Deize Bettin.<\/p>\n<p>Para participar, \u00e9 necess\u00e1rio realizar protocolo pr\u00e9vio pelo Poupatempo ou entrar em contato diretamente com o Departamento de Bem-Estar Animal pelo telefone\/WhatsApp (19) 99966-1804. No momento do cadastro, o tutor dever\u00e1 informar nome completo, RG e CPF, endere\u00e7o, telefone para contato, al\u00e9m dos dados do animal, como nome, ra\u00e7a, cor e idade.<\/p>\n<p>No dia da a\u00e7\u00e3o, \u00e9 obrigat\u00f3rio o acompanhamento do tutor junto ao animal. Animais de ra\u00e7as pequenas e de focinho curto passar\u00e3o por avalia\u00e7\u00e3o veterin\u00e1ria no local. Nesses casos, o protocolo pode ser realizado normalmente, mas a castra\u00e7\u00e3o somente ser\u00e1 realizada com aval da equipe veterin\u00e1ria respons\u00e1vel. \u201cNosso compromisso com a causa animal \u00e9 s\u00e9rio. Por isso, vamos realizar o segundo grande mutir\u00e3o de castra\u00e7\u00e3o em Cordeir\u00f3polis. A primeira a\u00e7\u00e3o teve o apoio fundamental do deputado Rafael Saraiva. Esta segunda iniciativa tamb\u00e9m tem seu apoio, al\u00e9m do deputado F\u00e1bio Faria de S\u00e1. Minha gratid\u00e3o a ambos por essa parceria\u201d, afirmou a prefeita Cristina Saad.<\/p>\n<\/p><\/div>\n<p><br \/>\n<br \/><a href=\"https:\/\/www.cordeiropolis.sp.gov.br\/cordeiropolis-recebe-acao-de-castracao-gratuita-nos-dias-5-e-6-de-fevereiro\/\" rel=\"noopener\">Informa\u00e7\u00f5es Cordeir\u00f3polis <\/a><\/p>\n","protected":false},"excerpt":{"rendered":"<p>Um novo mutir\u00e3o de castra\u00e7\u00e3o, com 400 vagas, chegar\u00e1 a Cordeir\u00f3polis em fevereiro, nos dias 5 e 6. A iniciativa foi intermediada pela prefeita Cristina Saad, pelo vice-prefeito Anderson Hespanhol Pique, pelo chefe de Gabinete, Denis Suidedos, pela secret\u00e1ria de Meio Ambiente, Bruna Vidoretti, junto aos deputados Rafael Saraiva, do Uni\u00e3o Brasil, e F\u00e1bio Faria [&hellip;]<\/p>\n","protected":false},"author":1,"featured_media":0,"comment_status":"closed","ping_status":"open","sticky":false,"template":"","format":"standard","meta":{"_jetpack_newsletter_access":"","_jetpack_dont_email_post_to_subs":false,"_jetpack_newsletter_tier_id":0,"_jetpack_memberships_contains_paywalled_content":false,"_mbp_banners":[],"_jetpack_feature_clip_id":0,"_jetpack_memberships_contains_paid_content":false,"footnotes":"","jetpack_publicize_message":"","jetpack_publicize_feature_enabled":true,"jetpack_social_post_already_shared":true,"jetpack_social_options":{"image_generator_settings":{"template":"highway","default_image_id":0,"font":"","enabled":false},"version":2},"jetpack_post_was_ever_published":false},"categories":[20],"tags":[],"class_list":["post-52413","post","type-post","status-publish","format-standard","category-regiao"],"jetpack_publicize_connections":[],"jetpack-related-posts":[],"jetpack_shortlink":"https:\/\/wp.me\/p7Eq1F-dDn","jetpack_sharing_enabled":true,"jetpack_featured_media_url":"","_links":{"self":[{"href":"https:\/\/guialimeira.com.br\/news\/wp-json\/wp\/v2\/posts\/52413","targetHints":{"allow":["GET"]}}],"collection":[{"href":"https:\/\/guialimeira.com.br\/news\/wp-json\/wp\/v2\/posts"}],"about":[{"href":"https:\/\/guialimeira.com.br\/news\/wp-json\/wp\/v2\/types\/post"}],"author":[{"embeddable":true,"href":"https:\/\/guialimeira.com.br\/news\/wp-json\/wp\/v2\/users\/1"}],"replies":[{"embeddable":true,"href":"https:\/\/guialimeira.com.br\/news\/wp-json\/wp\/v2\/comments?post=52413"}],"version-history":[{"count":1,"href":"https:\/\/guialimeira.com.br\/news\/wp-json\/wp\/v2\/posts\/52413\/revisions"}],"predecessor-version":[{"id":52414,"href":"https:\/\/guialimeira.com.br\/news\/wp-json\/wp\/v2\/posts\/52413\/revisions\/52414"}],"wp:attachment":[{"href":"https:\/\/guialimeira.com.br\/news\/wp-json\/wp\/v2\/media?parent=52413"}],"wp:term":[{"taxonomy":"category","embeddable":true,"href":"https:\/\/guialimeira.com.br\/news\/wp-json\/wp\/v2\/categories?post=52413"},{"taxonomy":"post_tag","embeddable":true,"href":"https:\/\/guialimeira.com.br\/news\/wp-json\/wp\/v2\/tags?post=52413"}],"curies":[{"name":"wp","href":"https:\/\/api.w.org\/{rel}","templated":true}]}}