{"id":524,"date":"2024-03-30T07:08:47","date_gmt":"2024-03-30T10:08:47","guid":{"rendered":"https:\/\/guialimeira.com.br\/2024\/03\/30\/prefeitura-municipal-de-americana-18\/"},"modified":"2024-03-30T07:08:47","modified_gmt":"2024-03-30T10:08:47","slug":"prefeitura-municipal-de-americana-18","status":"publish","type":"post","link":"https:\/\/guialimeira.com.br\/news\/prefeitura-municipal-de-americana-18\/","title":{"rendered":"Prefeitura Municipal de Americana"},"content":{"rendered":"<p> <br \/>\n<\/p>\n<div>\n<div class=\"row d-flex align-items-center mb-4\">\n<div class=\"col-md-6\">\n<p>\n\t\t\t\t\t\t\t\t\t\tPublicada em 26 de Mar\u00e7o de 2024 \u00e0s 16h05\n\t\t\t\t\t\t\t\t\t<\/p>\n<\/p><\/div>\n<\/p><\/div>\n<div class=\"mb-5\">O Pa\u00e7o Municipal recebeu, nesta ter\u00e7a-feira (26), a exposi\u00e7\u00e3o de desenhos e quadros com o tema &#8220;\u00c1gua&#8221;, uma a\u00e7\u00e3o da Secretaria de Meio Ambiente (SMA) que faz parte da programa\u00e7\u00e3o do Dia Mundial da \u00c1gua. O trabalho re\u00fane uma mostra dos desenhos vencedores do concurso do Programa de Educa\u00e7\u00e3o Ambiental do ano passado.<\/p>\n<p>&#8220;Os trabalhos feitos pelos alunos referente ao Programa de Educa\u00e7\u00e3o Ambiental de 2023 e um painel com todos os parceiros da revitaliza\u00e7\u00e3o da Casa da Agricultura e Unidade de Educa\u00e7\u00e3o Ambiental far\u00e3o parte da exposi\u00e7\u00e3o. A abordagem sobre o tema \u00c1gua foi retratada sob o olhar de cada participante, enriquecendo os trabalhos&#8221;, explica a diretora de Educa\u00e7\u00e3o Ambiental, Planejamento, Projetos e Agricultura, K\u00e1tia Birke. <\/p>\n<p>Tamb\u00e9m nesta ter\u00e7a-feira, como parte da programa\u00e7\u00e3o, foi promovida uma aula com o tema &#8220;Res\u00edduos&#8221;, ministrada pela equipe de educa\u00e7\u00e3o ambiental da empresa Papirus, na Casa da Agricultura &#8211; Unidade de Educa\u00e7\u00e3o Ambiental. Na ocasi\u00e3o, foram feitas atividades com a cartilha educativa &#8220;Os amigos do Meio Ambiente contra a polui\u00e7\u00e3o&#8221;, junto aos alunos.  <\/p>\n<p>No encerramento da programa\u00e7\u00e3o, nesta quarta-feira (27), a partir das 9h, ser\u00e1 lan\u00e7ado o concurso do Programa de Educa\u00e7\u00e3o Ambiental 2024 e o curso online para educadores e parceiros da FEAMA (Feira Ambiental Municipal de Americana), na Casa da Agricultura, na Rua dos Estudantes, 292, bairro Cordenonsi.<\/p>\n<p>Texto: Daniela Alves (MTb 23.611)\n                            <\/p>\n<\/div><\/div>\n<p><script async defer crossorigin=\"anonymous\" src=\"https:\/\/connect.facebook.net\/pt_BR\/sdk.js#xfbml=1&#038;version=v5.0\"><\/script><br \/>\n<br \/><br \/>\n<br \/><a href=\"https:\/\/www.americana.sp.gov.br\/americana-index.php?a=noticia&#038;id=30448\" rel=\"noopener\">Informa\u00e7\u00f5es PMA<\/a><\/p>\n","protected":false},"excerpt":{"rendered":"<p>Publicada em 26 de Mar\u00e7o de 2024 \u00e0s 16h05 O Pa\u00e7o Municipal recebeu, nesta ter\u00e7a-feira (26), a exposi\u00e7\u00e3o de desenhos e quadros com o tema &#8220;\u00c1gua&#8221;, uma a\u00e7\u00e3o da Secretaria de Meio Ambiente (SMA) que faz parte da programa\u00e7\u00e3o do Dia Mundial da \u00c1gua. O trabalho re\u00fane uma mostra dos desenhos vencedores do concurso do [&hellip;]<\/p>\n","protected":false},"author":1,"featured_media":0,"comment_status":"open","ping_status":"open","sticky":false,"template":"","format":"standard","meta":{"_jetpack_newsletter_access":"","_jetpack_dont_email_post_to_subs":false,"_jetpack_newsletter_tier_id":0,"_jetpack_memberships_contains_paywalled_content":false,"_mbp_banners":[],"_jetpack_feature_clip_id":0,"_jetpack_memberships_contains_paid_content":false,"footnotes":"","jetpack_publicize_message":"","jetpack_publicize_feature_enabled":true,"jetpack_social_post_already_shared":true,"jetpack_social_options":{"image_generator_settings":{"template":"highway","default_image_id":0,"font":"","enabled":false},"version":2},"jetpack_post_was_ever_published":false},"categories":[20],"tags":[],"class_list":["post-524","post","type-post","status-publish","format-standard","category-regiao"],"jetpack_publicize_connections":[],"jetpack-related-posts":[],"jetpack_shortlink":"https:\/\/wp.me\/p7Eq1F-8s","jetpack_sharing_enabled":true,"jetpack_featured_media_url":"","_links":{"self":[{"href":"https:\/\/guialimeira.com.br\/news\/wp-json\/wp\/v2\/posts\/524","targetHints":{"allow":["GET"]}}],"collection":[{"href":"https:\/\/guialimeira.com.br\/news\/wp-json\/wp\/v2\/posts"}],"about":[{"href":"https:\/\/guialimeira.com.br\/news\/wp-json\/wp\/v2\/types\/post"}],"author":[{"embeddable":true,"href":"https:\/\/guialimeira.com.br\/news\/wp-json\/wp\/v2\/users\/1"}],"replies":[{"embeddable":true,"href":"https:\/\/guialimeira.com.br\/news\/wp-json\/wp\/v2\/comments?post=524"}],"version-history":[{"count":0,"href":"https:\/\/guialimeira.com.br\/news\/wp-json\/wp\/v2\/posts\/524\/revisions"}],"wp:attachment":[{"href":"https:\/\/guialimeira.com.br\/news\/wp-json\/wp\/v2\/media?parent=524"}],"wp:term":[{"taxonomy":"category","embeddable":true,"href":"https:\/\/guialimeira.com.br\/news\/wp-json\/wp\/v2\/categories?post=524"},{"taxonomy":"post_tag","embeddable":true,"href":"https:\/\/guialimeira.com.br\/news\/wp-json\/wp\/v2\/tags?post=524"}],"curies":[{"name":"wp","href":"https:\/\/api.w.org\/{rel}","templated":true}]}}