{"id":52297,"date":"2026-01-09T18:05:07","date_gmt":"2026-01-09T21:05:07","guid":{"rendered":"https:\/\/guialimeira.com.br\/?p=52297"},"modified":"2026-01-09T18:05:07","modified_gmt":"2026-01-09T21:05:07","slug":"festival-de-ferias-movimenta-cordeiropolis-com-programacao-esportiva-cultural-e-de-lazer-ate-fevereiro","status":"publish","type":"post","link":"https:\/\/guialimeira.com.br\/news\/festival-de-ferias-movimenta-cordeiropolis-com-programacao-esportiva-cultural-e-de-lazer-ate-fevereiro\/","title":{"rendered":"Festival de F\u00e9rias movimenta Cordeir\u00f3polis com programa\u00e7\u00e3o esportiva, cultural e de lazer at\u00e9 fevereiro"},"content":{"rendered":"<p> <br \/>\n<\/p>\n<div>\n<p>Cordeir\u00f3polis realiza, at\u00e9 28 de fevereiro, o Festival de F\u00e9rias, com uma programa\u00e7\u00e3o diversificada voltada para todas as idades. O calend\u00e1rio re\u00fane, gratuitamente, atividades esportivas, culturais e de lazer em diferentes bairros da cidade, como forma de descentralizar as a\u00e7\u00f5es durante as f\u00e9rias. A iniciativa \u00e9 das secretarias de Cultura, Turismo e Eventos e de Esporte e Lazer.<\/p>\n<p>Nesse per\u00edodo, as piscinas do Jardim Progresso funcionar\u00e3o de sexta a domingo, das 13h \u00e0s 18h. J\u00e1 piscinas do Centro de Lazer do Trabalhador ter\u00e3o atendimento ampliado, com funcionamento de ter\u00e7a a sexta, das 13h \u00e0s 18h, e s\u00e1bados e domingos, das 10h \u00e0s 18h. Para utilizar as piscinas, \u00e9 necess\u00e1rio exame m\u00e9dico. Nos locais haver\u00e1 exame particular, com agendamento pr\u00e9vio nos polos.<\/p>\n<p>De 14 de janeiro a 6 de fevereiro, atividades recreativas para crian\u00e7as de 7 a 12 anos ser\u00e3o realizadas no Centro Esportivo do Jardim Progresso, \u00e0s quartas-feiras, e no Centro Esportivo do Jardim Eldorado, \u00e0s sextas-feiras, sempre das 15h \u00e0s 17h. A iniciativa conta com apoio da Secretaria de Educa\u00e7\u00e3o.<\/p>\n<p>Dentro da programa\u00e7\u00e3o, o Campeonato Municipal de Futsal tem in\u00edcio em 12 de janeiro, \u00e0s 19h, no Gin\u00e1sio de Esportes \u201cOrestes Qu\u00e9rcia\u201d, no Centro. A agenda segue no dia 16 de janeiro com o Festival de V\u00f4lei de Areia, \u00e0s 14h, no Centro de Lazer. Na sequ\u00eancia, acontece um Luau, a partir das 18h, com apresenta\u00e7\u00f5es de pop, rock e brasilidades.<\/p>\n<p>Entre os dias 22 e 25 de janeiro, a Pra\u00e7a Central recebe o Festival de Ver\u00e3o, com m\u00fasica e pra\u00e7a de alimenta\u00e7\u00e3o. No dia 25, o Teatro Municipal \u201cJo\u00e3o Pac\u00edfico\u201d ser\u00e1 palco do Lamana Metal Fest, a partir das 10h. J\u00e1 no dia 31 de janeiro, acontece o Pagode no Jardim Eldorado, a partir das 18h. Para a realiza\u00e7\u00e3o do evento, haver\u00e1 fechamento da Rua Presidente Castelo Branco.<\/p>\n<p>No dia 8 de fevereiro, a programa\u00e7\u00e3o segue com o ensaio das escolas de samba e roda de samba no Clube Princesa Isabel, a partir das 16h, com interdi\u00e7\u00e3o da Rua Adolfo Martins. Entre os dias 13 e 16 de fevereiro acontece o Carnaval de Cordeir\u00f3polis 2026, com diversas atra\u00e7\u00f5es para o p\u00fablico, que ser\u00e3o anunciadas em breve.<\/p>\n<p>As tradicionais matin\u00eas tamb\u00e9m integram o calend\u00e1rio. No dia 13 de fevereiro, Matin\u00ea da Terceira Idade, no Centro de Conviv\u00eancia do Idoso (CCI), das 13h \u00e0s 16h; dia 14, Matin\u00ea de Cascalho, no Sal\u00e3o Paroquial, das 14h \u00e0s 18h; no dia 15, Matin\u00ea do Jardim Eldorado, no Centro Esportivo, das 14h \u00e0s 18h; e no dia 17, Matin\u00ea do Centro, no Sal\u00e3o Social Maria de Lourdes Arrais, das 14h \u00e0s 18h.<\/p>\n<p>A programa\u00e7\u00e3o continua no dia 21 de fevereiro com o Bail\u00e3o Sertanejo no bairro Engenho Velho, \u00e0s 18h, com brinquedos infl\u00e1veis, pipoca e algod\u00e3o doce \u2013 a Rua Maranh\u00e3o ser\u00e1 interditada para o evento. No dia 22, o Pagode no Jardim Cordeiro ocorre a partir das 18h \u2013 haver\u00e1 interdi\u00e7\u00e3o da Rua Ulisses Gardezani com Zulmiro Garcia da Cunha. O Festival de F\u00e9rias termina no dia 28 de fevereiro, com o Bail\u00e3o Sertanejo no bairro Santa Rita, a partir das 18h.<\/p>\n<p>\u201cPensamos nessa programa\u00e7\u00e3o para levar cultura, lazer e esporte a todos os bairros e para toda a fam\u00edlia cordeiropolense no per\u00edodo de f\u00e9rias.\u00a0 Que todos aproveitem com muita alegria e uni\u00e3o\u201d, afirmou a prefeita Cristina Saad, que idealizou a a\u00e7\u00e3o ao lado dos secret\u00e1rios de Cultura, Alex Olivatto, de Esporte, Layla Penas, e do chefe de Gabinete, Denis Suidedos.<\/p>\n<\/p><\/div>\n<p><br \/>\n<br \/><a href=\"https:\/\/www.cordeiropolis.sp.gov.br\/festival-de-ferias-movimenta-cordeiropolis-com-programacao-esportiva-cultural-e-de-lazer-ate-fevereiro\/\" rel=\"noopener\">Informa\u00e7\u00f5es Cordeir\u00f3polis <\/a><\/p>\n","protected":false},"excerpt":{"rendered":"<p>Cordeir\u00f3polis realiza, at\u00e9 28 de fevereiro, o Festival de F\u00e9rias, com uma programa\u00e7\u00e3o diversificada voltada para todas as idades. O calend\u00e1rio re\u00fane, gratuitamente, atividades esportivas, culturais e de lazer em diferentes bairros da cidade, como forma de descentralizar as a\u00e7\u00f5es durante as f\u00e9rias. A iniciativa \u00e9 das secretarias de Cultura, Turismo e Eventos e de [&hellip;]<\/p>\n","protected":false},"author":1,"featured_media":0,"comment_status":"closed","ping_status":"open","sticky":false,"template":"","format":"standard","meta":{"_jetpack_newsletter_access":"","_jetpack_dont_email_post_to_subs":false,"_jetpack_newsletter_tier_id":0,"_jetpack_memberships_contains_paywalled_content":false,"_mbp_banners":[],"_jetpack_feature_clip_id":0,"_jetpack_memberships_contains_paid_content":false,"footnotes":"","jetpack_publicize_message":"","jetpack_publicize_feature_enabled":true,"jetpack_social_post_already_shared":true,"jetpack_social_options":{"image_generator_settings":{"template":"highway","default_image_id":0,"font":"","enabled":false},"version":2},"jetpack_post_was_ever_published":false},"categories":[20],"tags":[],"class_list":["post-52297","post","type-post","status-publish","format-standard","category-regiao"],"jetpack_publicize_connections":[],"jetpack-related-posts":[],"jetpack_shortlink":"https:\/\/wp.me\/p7Eq1F-dBv","jetpack_sharing_enabled":true,"jetpack_featured_media_url":"","_links":{"self":[{"href":"https:\/\/guialimeira.com.br\/news\/wp-json\/wp\/v2\/posts\/52297","targetHints":{"allow":["GET"]}}],"collection":[{"href":"https:\/\/guialimeira.com.br\/news\/wp-json\/wp\/v2\/posts"}],"about":[{"href":"https:\/\/guialimeira.com.br\/news\/wp-json\/wp\/v2\/types\/post"}],"author":[{"embeddable":true,"href":"https:\/\/guialimeira.com.br\/news\/wp-json\/wp\/v2\/users\/1"}],"replies":[{"embeddable":true,"href":"https:\/\/guialimeira.com.br\/news\/wp-json\/wp\/v2\/comments?post=52297"}],"version-history":[{"count":1,"href":"https:\/\/guialimeira.com.br\/news\/wp-json\/wp\/v2\/posts\/52297\/revisions"}],"predecessor-version":[{"id":52298,"href":"https:\/\/guialimeira.com.br\/news\/wp-json\/wp\/v2\/posts\/52297\/revisions\/52298"}],"wp:attachment":[{"href":"https:\/\/guialimeira.com.br\/news\/wp-json\/wp\/v2\/media?parent=52297"}],"wp:term":[{"taxonomy":"category","embeddable":true,"href":"https:\/\/guialimeira.com.br\/news\/wp-json\/wp\/v2\/categories?post=52297"},{"taxonomy":"post_tag","embeddable":true,"href":"https:\/\/guialimeira.com.br\/news\/wp-json\/wp\/v2\/tags?post=52297"}],"curies":[{"name":"wp","href":"https:\/\/api.w.org\/{rel}","templated":true}]}}