{"id":5228,"date":"2024-05-16T10:48:47","date_gmt":"2024-05-16T13:48:47","guid":{"rendered":"https:\/\/guialimeira.com.br\/2024\/05\/16\/biblioteca-municipal-realiza-teatro-contado-para-criancas-nesta-sexta-17\/"},"modified":"2024-05-16T10:48:47","modified_gmt":"2024-05-16T13:48:47","slug":"biblioteca-municipal-realiza-teatro-contado-para-criancas-nesta-sexta-17","status":"publish","type":"post","link":"https:\/\/guialimeira.com.br\/news\/biblioteca-municipal-realiza-teatro-contado-para-criancas-nesta-sexta-17\/","title":{"rendered":"Biblioteca Municipal realiza teatro contado para crian\u00e7as, nesta sexta (17)"},"content":{"rendered":"<p> <br \/>\n<\/p>\n<div>\n            <main class=\"\">&#13;<br \/>\n                &#13;<br \/>\n&#13;<br \/>\n&#13;<br \/>\n&#13;<br \/>\n    <img data-recalc-dims=\"1\" decoding=\"async\" src=\"https:\/\/i0.wp.com\/ecrie.com.br\/sistema\/conteudos\/imagem\/m_137_0_1_16052024101516.jpg?w=696&#038;ssl=1\" alt=\"Biblioteca Municipal realiza teatro contado para crian\u00e7as, nesta sexta (17)\"\/>&#13;<br \/>\n&#13;<\/p>\n<p dir=\"ltr\" style=\"text-align: justify;\">Nesta sexta-feira (17), acontece o teatro contado \u201cA Incr\u00edvel Hist\u00f3ria de Leytor\u201d com Almir Marcelino, na Biblioteca Municipal Professor Jo\u00e3o de Sousa Ferraz, \u00e0s 9h. A atividade \u00e9 gratuita, voltada para crian\u00e7as de 6 a 10 anos. A a\u00e7\u00e3o \u00e9 realizada pelo \u00a0Teatro do Botokhypariu, Torres Produ\u00e7\u00f5es Culturais e Governo do Estado de S\u00e3o Paulo, por meio da Secretaria da Cultura, Economia e Ind\u00fastria Criativas com recursos do Programa de A\u00e7\u00e3o Cultural \u2013 ProAC, com apoio da Prefeitura de Limeira, por meio da Secretaria de Cultura.<\/p>\n<p>&#13;<\/p>\n<p dir=\"ltr\" style=\"text-align: justify;\">A conta\u00e7\u00e3o apresenta Leytor, um menino curioso e esperto que vive uma grande aventura atrav\u00e9s da \u201cVia Lectra\u201d para recuperar a semente da imagina\u00e7\u00e3o, que foi roubada de seu planeta, \u201cB\u00edblios\u201d. Motivado pela instigante miss\u00e3o dada pelo grande Mestre P\u00e1lavrus, o pequeno bibli\u00f4ncio conhece outros planetas como Musiton, Artela e o grande planeta T\u00e9cnus.<\/p>\n<p>&#13;<\/p>\n<p dir=\"ltr\" style=\"text-align: justify;\">A biblioteca fica no Parque Cidade. Mais informa\u00e7\u00f5es podem ser obtidas pelo telefone e WhatsApp: 3442-6539.<\/p>\n<p>&#13;<br \/>\n&#13;<br \/>\n&#13;<br \/>\n&#13;<\/p>\n<aside class=\"list-related no-print\">&#13;<br \/>\n        &#13;<br \/>\n&#13;<\/p>\n<article class=\"list-item noticias \">&#13;<br \/>\n                    <a class=\"list-item__img\" href=\"https:\/\/limeira.sp.gov.br\/imprensa\/noticias\/cultura\/esta-disponivel-a-consulta-publica-da-lei-aldir-blanc\" tabindex=\"-1\" aria-hidden=\"true\" rel=\"noopener\">&#13;<br \/>\n                        <img data-recalc-dims=\"1\" decoding=\"async\" src=\"https:\/\/i0.wp.com\/ecrie.com.br\/sistema\/conteudos\/imagem\/m_137_0_1_15052024101712.png?w=696&#038;ssl=1\" alt=\"Est\u00e1 dispon\u00edvel a consulta p\u00fablica da Lei Aldir Blanc\"\/>&#13;<br \/>\n                    <\/a>&#13;<br \/>\n&#13;<br \/>\n                &#13;<br \/>\n            <\/article>\n<p>&#13;<\/p>\n<article class=\"list-item noticias \">&#13;<br \/>\n                    <a class=\"list-item__img\" href=\"https:\/\/limeira.sp.gov.br\/imprensa\/noticias\/cultura\/clube-do-livro-conversa-sobre-a-biblioteca-da-meia-noite-nesta-quarta-15\" tabindex=\"-1\" aria-hidden=\"true\" rel=\"noopener\">&#13;<br \/>\n                        <img data-recalc-dims=\"1\" decoding=\"async\" src=\"https:\/\/i0.wp.com\/ecrie.com.br\/sistema\/conteudos\/imagem\/m_137_0_1_13052024141333.png?w=696&#038;ssl=1\" alt=\"Clube do Livro conversa sobre \u201cA Biblioteca da Meia-Noite\u201d nesta quarta (15)\"\/>&#13;<br \/>\n                    <\/a>&#13;<br \/>\n&#13;<br \/>\n                &#13;<br \/>\n            <\/article>\n<p>&#13;<\/p>\n<article class=\"list-item noticias \">&#13;<br \/>\n                    <a class=\"list-item__img\" href=\"https:\/\/limeira.sp.gov.br\/imprensa\/noticias\/cultura\/circuito-sesc-de-artes-e-destaque-da-semana\" tabindex=\"-1\" aria-hidden=\"true\" rel=\"noopener\">&#13;<br \/>\n                        <img data-recalc-dims=\"1\" decoding=\"async\" src=\"https:\/\/i0.wp.com\/ecrie.com.br\/sistema\/conteudos\/imagem\/m_137_0_1_13052024141143.jpg?w=696&#038;ssl=1\" alt=\"Circuito Sesc de Artes \u00e9 destaque da semana\"\/>&#13;<br \/>\n                    <\/a>&#13;<br \/>\n&#13;<br \/>\n                &#13;<br \/>\n            <\/article>\n<p>&#13;<br \/>\n    <\/aside>\n<p>&#13;<br \/>\n&#13;<br \/>\n            <\/main><\/p><\/div>\n<p><br \/>\n<br \/><a href=\"https:\/\/limeira.sp.gov.br\/biblioteca-municipal-realiza-teatro-contado-para-criancas-nesta-sexta-17\" rel=\"noopener\">Informa\u00e7\u00f5es da PML <\/a><\/p>\n","protected":false},"excerpt":{"rendered":"<p>&#13; &#13; &#13; &#13; &#13; &#13; &#13; Nesta sexta-feira (17), acontece o teatro contado \u201cA Incr\u00edvel Hist\u00f3ria de Leytor\u201d com Almir Marcelino, na Biblioteca Municipal Professor Jo\u00e3o de Sousa Ferraz, \u00e0s 9h. A atividade \u00e9 gratuita, voltada para crian\u00e7as de 6 a 10 anos. A a\u00e7\u00e3o \u00e9 realizada pelo \u00a0Teatro do Botokhypariu, Torres Produ\u00e7\u00f5es Culturais [&hellip;]<\/p>\n","protected":false},"author":1,"featured_media":5229,"comment_status":"open","ping_status":"open","sticky":false,"template":"","format":"standard","meta":{"_jetpack_newsletter_access":"","_jetpack_dont_email_post_to_subs":false,"_jetpack_newsletter_tier_id":0,"_jetpack_memberships_contains_paywalled_content":false,"_mbp_banners":[],"_jetpack_feature_clip_id":0,"_jetpack_memberships_contains_paid_content":false,"footnotes":"","jetpack_publicize_message":"","jetpack_publicize_feature_enabled":true,"jetpack_social_post_already_shared":true,"jetpack_social_options":{"image_generator_settings":{"template":"highway","default_image_id":0,"font":"","enabled":false},"version":2},"jetpack_post_was_ever_published":false},"categories":[16],"tags":[],"class_list":["post-5228","post","type-post","status-publish","format-standard","has-post-thumbnail","category-local"],"jetpack_publicize_connections":[],"jetpack-related-posts":[],"jetpack_shortlink":"https:\/\/wp.me\/p7Eq1F-1mk","jetpack_sharing_enabled":true,"jetpack_featured_media_url":"https:\/\/i0.wp.com\/guialimeira.com.br\/news\/wp-content\/uploads\/2024\/05\/m_137_0_1_16052024101516.jpg?fit=900%2C900&ssl=1","_links":{"self":[{"href":"https:\/\/guialimeira.com.br\/news\/wp-json\/wp\/v2\/posts\/5228","targetHints":{"allow":["GET"]}}],"collection":[{"href":"https:\/\/guialimeira.com.br\/news\/wp-json\/wp\/v2\/posts"}],"about":[{"href":"https:\/\/guialimeira.com.br\/news\/wp-json\/wp\/v2\/types\/post"}],"author":[{"embeddable":true,"href":"https:\/\/guialimeira.com.br\/news\/wp-json\/wp\/v2\/users\/1"}],"replies":[{"embeddable":true,"href":"https:\/\/guialimeira.com.br\/news\/wp-json\/wp\/v2\/comments?post=5228"}],"version-history":[{"count":0,"href":"https:\/\/guialimeira.com.br\/news\/wp-json\/wp\/v2\/posts\/5228\/revisions"}],"wp:featuredmedia":[{"embeddable":true,"href":"https:\/\/guialimeira.com.br\/news\/wp-json\/wp\/v2\/media\/5229"}],"wp:attachment":[{"href":"https:\/\/guialimeira.com.br\/news\/wp-json\/wp\/v2\/media?parent=5228"}],"wp:term":[{"taxonomy":"category","embeddable":true,"href":"https:\/\/guialimeira.com.br\/news\/wp-json\/wp\/v2\/categories?post=5228"},{"taxonomy":"post_tag","embeddable":true,"href":"https:\/\/guialimeira.com.br\/news\/wp-json\/wp\/v2\/tags?post=5228"}],"curies":[{"name":"wp","href":"https:\/\/api.w.org\/{rel}","templated":true}]}}