{"id":52255,"date":"2026-01-09T10:58:05","date_gmt":"2026-01-09T13:58:05","guid":{"rendered":"https:\/\/guialimeira.com.br\/?p=52255"},"modified":"2026-01-09T10:58:05","modified_gmt":"2026-01-09T13:58:05","slug":"feira-de-adocao-pet-acontece-neste-domingo-11-em-cordeiropolis-prefeitura-municipal-de-cordeiropolis","status":"publish","type":"post","link":"https:\/\/guialimeira.com.br\/news\/feira-de-adocao-pet-acontece-neste-domingo-11-em-cordeiropolis-prefeitura-municipal-de-cordeiropolis\/","title":{"rendered":"Feira de Ado\u00e7\u00e3o Pet acontece neste domingo (11) em Cordeir\u00f3polis \u2013 Prefeitura Municipal de Cordeir\u00f3polis"},"content":{"rendered":"<p> <br \/>\n<\/p>\n<div>\n<p>Cordeir\u00f3polis recebe neste domingo (11) a Feira de Ado\u00e7\u00e3o Pet, iniciativa voltada \u00e0 ado\u00e7\u00e3o respons\u00e1vel de c\u00e3es e gatos. O evento ser\u00e1 realizado das 9h \u00e0s 14h, na Loja 3 da Agronutri Cascalho, no bairro do Cascalho, anexa \u00e0 Tr\u00eas Vias Seguros, Caf\u00e9 Garden e UniVC Loja \u2013 parceiros da a\u00e7\u00e3o \u2013, \u00e0s margens da Rodovia Constantine Peruchi (km 159).<\/p>\n<p>A iniciativa \u00e9 da Prefeitura, por meio do Departamento de Bem-Estar Animal. Durante a feira, a popula\u00e7\u00e3o poder\u00e1 conhecer animais que aguardam por um novo lar, receber orienta\u00e7\u00f5es sobre guarda respons\u00e1vel e entender a import\u00e2ncia da ado\u00e7\u00e3o consciente. \u201cTodos est\u00e3o convidados a participar e adotar um amor\u201d, afirma a secret\u00e1ria de Meio Ambiente, Bruna Vidoretti.<\/p>\n<figure class=\"wp-block-gallery has-nested-images columns-default is-cropped wp-block-gallery-1 is-layout-flex wp-block-gallery-is-layout-flex\">\n<figure class=\"wp-block-image size-large\"><\/figure>\n<figure class=\"wp-block-image size-large\"><img data-recalc-dims=\"1\" decoding=\"async\" loading=\"lazy\" width=\"696\" height=\"928\" data-id=\"31943\" src=\"https:\/\/i0.wp.com\/guialimeira.com.br\/wp-content\/uploads\/2026\/01\/1767967084_968_Feira-de-Adocao-Pet-acontece-neste-domingo-11-em-Cordeiropolis.jpeg?resize=696%2C928&#038;ssl=1\" alt=\"\" class=\"wp-image-31943\" \/><\/figure>\n<figure class=\"wp-block-image size-large\"><img data-recalc-dims=\"1\" decoding=\"async\" loading=\"lazy\" width=\"696\" height=\"696\" data-id=\"31942\" src=\"https:\/\/i0.wp.com\/guialimeira.com.br\/wp-content\/uploads\/2026\/01\/1767967084_116_Feira-de-Adocao-Pet-acontece-neste-domingo-11-em-Cordeiropolis.jpeg?resize=696%2C696&#038;ssl=1\" alt=\"\" class=\"wp-image-31942\" \/><\/figure>\n<figure class=\"wp-block-image size-large\"><img data-recalc-dims=\"1\" decoding=\"async\" loading=\"lazy\" width=\"696\" height=\"696\" data-id=\"31941\" src=\"https:\/\/i0.wp.com\/guialimeira.com.br\/wp-content\/uploads\/2026\/01\/1767967084_886_Feira-de-Adocao-Pet-acontece-neste-domingo-11-em-Cordeiropolis.jpeg?resize=696%2C696&#038;ssl=1\" alt=\"\" class=\"wp-image-31941\" \/><\/figure>\n<figure class=\"wp-block-image size-large\"><img data-recalc-dims=\"1\" decoding=\"async\" loading=\"lazy\" width=\"696\" height=\"696\" data-id=\"31939\" src=\"https:\/\/i0.wp.com\/guialimeira.com.br\/wp-content\/uploads\/2026\/01\/1767967084_194_Feira-de-Adocao-Pet-acontece-neste-domingo-11-em-Cordeiropolis.jpeg?resize=696%2C696&#038;ssl=1\" alt=\"\" class=\"wp-image-31939\" \/><\/figure>\n<figure class=\"wp-block-image size-large\"><img data-recalc-dims=\"1\" decoding=\"async\" data-attachment-id=\"31938\" data-permalink=\"https:\/\/guialimeira.com.br\/news\/plantao-de-vacinacao-ocorre-em-dois-locais-neste-sabado-3\/m_137_0_1_30042025112344-jpg\/\" data-orig-file=\"https:\/\/i0.wp.com\/guialimeira.com.br\/news\/wp-content\/uploads\/2025\/04\/m_137_0_1_30042025112344.jpg?fit=900%2C598&amp;ssl=1\" data-orig-size=\"900,598\" data-comments-opened=\"1\" data-image-meta=\"{&quot;aperture&quot;:&quot;0&quot;,&quot;credit&quot;:&quot;&quot;,&quot;camera&quot;:&quot;&quot;,&quot;caption&quot;:&quot;&quot;,&quot;created_timestamp&quot;:&quot;0&quot;,&quot;copyright&quot;:&quot;&quot;,&quot;focal_length&quot;:&quot;0&quot;,&quot;iso&quot;:&quot;0&quot;,&quot;shutter_speed&quot;:&quot;0&quot;,&quot;title&quot;:&quot;&quot;,&quot;orientation&quot;:&quot;0&quot;}\" data-image-title=\"m_137_0_1_30042025112344.jpg\" data-image-description=\"\" data-image-caption=\"\" data-large-file=\"https:\/\/i0.wp.com\/guialimeira.com.br\/news\/wp-content\/uploads\/2025\/04\/m_137_0_1_30042025112344.jpg?fit=696%2C462&amp;ssl=1\" loading=\"lazy\" width=\"696\" height=\"696\" data-id=\"31938\" src=\"https:\/\/i0.wp.com\/guialimeira.com.br\/wp-content\/uploads\/2026\/01\/1767967084_506_Feira-de-Adocao-Pet-acontece-neste-domingo-11-em-Cordeiropolis.jpeg?resize=696%2C696&#038;ssl=1\" alt=\"\" class=\"wp-image-31938\" \/><\/figure>\n<figure class=\"wp-block-image size-large\"><img data-recalc-dims=\"1\" decoding=\"async\" loading=\"lazy\" width=\"696\" height=\"696\" data-id=\"31937\" src=\"https:\/\/i0.wp.com\/guialimeira.com.br\/wp-content\/uploads\/2026\/01\/1767967084_515_Feira-de-Adocao-Pet-acontece-neste-domingo-11-em-Cordeiropolis.jpeg?resize=696%2C696&#038;ssl=1\" alt=\"\" class=\"wp-image-31937\" \/><\/figure>\n<figure class=\"wp-block-image size-large\"><img data-recalc-dims=\"1\" decoding=\"async\" data-attachment-id=\"31936\" data-permalink=\"https:\/\/guialimeira.com.br\/news\/no-rs-casarao-de-117-anos-resistiu-a-varias-enchentes-do-rio-taquari\/mg_0511-jpg\/\" data-orig-file=\"https:\/\/i0.wp.com\/guialimeira.com.br\/news\/wp-content\/uploads\/2025\/04\/mg_0511.jpg?fit=1600%2C800&amp;ssl=1\" data-orig-size=\"1600,800\" data-comments-opened=\"1\" data-image-meta=\"{&quot;aperture&quot;:&quot;0&quot;,&quot;credit&quot;:&quot;&quot;,&quot;camera&quot;:&quot;&quot;,&quot;caption&quot;:&quot;&quot;,&quot;created_timestamp&quot;:&quot;0&quot;,&quot;copyright&quot;:&quot;&quot;,&quot;focal_length&quot;:&quot;0&quot;,&quot;iso&quot;:&quot;0&quot;,&quot;shutter_speed&quot;:&quot;0&quot;,&quot;title&quot;:&quot;&quot;,&quot;orientation&quot;:&quot;0&quot;}\" data-image-title=\"mg_0511.jpg\" data-image-description=\"\" data-image-caption=\"\" data-large-file=\"https:\/\/i0.wp.com\/guialimeira.com.br\/news\/wp-content\/uploads\/2025\/04\/mg_0511.jpg?fit=696%2C348&amp;ssl=1\" loading=\"lazy\" width=\"696\" height=\"696\" data-id=\"31936\" src=\"https:\/\/i0.wp.com\/guialimeira.com.br\/wp-content\/uploads\/2026\/01\/1767967084_678_Feira-de-Adocao-Pet-acontece-neste-domingo-11-em-Cordeiropolis.jpeg?resize=696%2C696&#038;ssl=1\" alt=\"\" class=\"wp-image-31936\" \/><\/figure>\n<figure class=\"wp-block-image size-large\"><img data-recalc-dims=\"1\" decoding=\"async\" loading=\"lazy\" width=\"696\" height=\"928\" data-id=\"31935\" src=\"https:\/\/i0.wp.com\/guialimeira.com.br\/wp-content\/uploads\/2026\/01\/1767967084_824_Feira-de-Adocao-Pet-acontece-neste-domingo-11-em-Cordeiropolis.jpeg?resize=696%2C928&#038;ssl=1\" alt=\"\" class=\"wp-image-31935\" \/><\/figure>\n<figure class=\"wp-block-image size-large\"><img data-recalc-dims=\"1\" decoding=\"async\" data-attachment-id=\"31934\" data-permalink=\"https:\/\/guialimeira.com.br\/news\/sp-entrega-titulos-de-regularizacao-fundiaria-com-marca-recorde-na-agrishow-2025\/sp-entrega-titulos-de-regularizacao-fundiaria-com-marca-recorde-na\/\" data-orig-file=\"https:\/\/i0.wp.com\/guialimeira.com.br\/news\/wp-content\/uploads\/2025\/04\/SP-entrega-titulos-de-regularizacao-fundiaria-com-marca-recorde-na.jpg?fit=1536%2C1152&amp;ssl=1\" data-orig-size=\"1536,1152\" data-comments-opened=\"1\" data-image-meta=\"{&quot;aperture&quot;:&quot;0&quot;,&quot;credit&quot;:&quot;&quot;,&quot;camera&quot;:&quot;&quot;,&quot;caption&quot;:&quot;&quot;,&quot;created_timestamp&quot;:&quot;0&quot;,&quot;copyright&quot;:&quot;&quot;,&quot;focal_length&quot;:&quot;0&quot;,&quot;iso&quot;:&quot;0&quot;,&quot;shutter_speed&quot;:&quot;0&quot;,&quot;title&quot;:&quot;&quot;,&quot;orientation&quot;:&quot;0&quot;}\" data-image-title=\"SP entrega t\u00edtulos de regulariza\u00e7\u00e3o fundi\u00e1ria com marca recorde na\" data-image-description=\"\" data-image-caption=\"\" data-large-file=\"https:\/\/i0.wp.com\/guialimeira.com.br\/news\/wp-content\/uploads\/2025\/04\/SP-entrega-titulos-de-regularizacao-fundiaria-com-marca-recorde-na.jpg?fit=696%2C522&amp;ssl=1\" loading=\"lazy\" width=\"576\" height=\"1024\" data-id=\"31934\" src=\"https:\/\/i0.wp.com\/guialimeira.com.br\/wp-content\/uploads\/2026\/01\/1767967084_593_Feira-de-Adocao-Pet-acontece-neste-domingo-11-em-Cordeiropolis.jpeg?resize=576%2C1024&#038;ssl=1\" alt=\"\" class=\"wp-image-31934\" \/><\/figure>\n<\/figure><\/div>\n<p><br \/>\n<br \/><a href=\"https:\/\/www.cordeiropolis.sp.gov.br\/feira-de-adocao-pet-acontece-neste-domingo-11-em-cordeiropolis\/\" rel=\"noopener\">Informa\u00e7\u00f5es Cordeir\u00f3polis <\/a><\/p>\n","protected":false},"excerpt":{"rendered":"<p>Cordeir\u00f3polis recebe neste domingo (11) a Feira de Ado\u00e7\u00e3o Pet, iniciativa voltada \u00e0 ado\u00e7\u00e3o respons\u00e1vel de c\u00e3es e gatos. O evento ser\u00e1 realizado das 9h \u00e0s 14h, na Loja 3 da Agronutri Cascalho, no bairro do Cascalho, anexa \u00e0 Tr\u00eas Vias Seguros, Caf\u00e9 Garden e UniVC Loja \u2013 parceiros da a\u00e7\u00e3o \u2013, \u00e0s margens da [&hellip;]<\/p>\n","protected":false},"author":1,"featured_media":52256,"comment_status":"closed","ping_status":"open","sticky":false,"template":"","format":"standard","meta":{"_jetpack_newsletter_access":"","_jetpack_dont_email_post_to_subs":false,"_jetpack_newsletter_tier_id":0,"_jetpack_memberships_contains_paywalled_content":false,"_mbp_banners":[],"_jetpack_feature_clip_id":0,"_jetpack_memberships_contains_paid_content":false,"footnotes":"","jetpack_publicize_message":"","jetpack_publicize_feature_enabled":true,"jetpack_social_post_already_shared":true,"jetpack_social_options":{"image_generator_settings":{"template":"highway","default_image_id":0,"font":"","enabled":false},"version":2},"jetpack_post_was_ever_published":false},"categories":[20],"tags":[],"class_list":["post-52255","post","type-post","status-publish","format-standard","has-post-thumbnail","category-regiao"],"jetpack_publicize_connections":[],"jetpack-related-posts":[],"jetpack_shortlink":"https:\/\/wp.me\/p7Eq1F-dAP","jetpack_sharing_enabled":true,"jetpack_featured_media_url":"https:\/\/i0.wp.com\/guialimeira.com.br\/news\/wp-content\/uploads\/2026\/01\/Feira-de-Adocao-Pet-acontece-neste-domingo-11-em-Cordeiropolis.jpeg?fit=1024%2C768&ssl=1","_links":{"self":[{"href":"https:\/\/guialimeira.com.br\/news\/wp-json\/wp\/v2\/posts\/52255","targetHints":{"allow":["GET"]}}],"collection":[{"href":"https:\/\/guialimeira.com.br\/news\/wp-json\/wp\/v2\/posts"}],"about":[{"href":"https:\/\/guialimeira.com.br\/news\/wp-json\/wp\/v2\/types\/post"}],"author":[{"embeddable":true,"href":"https:\/\/guialimeira.com.br\/news\/wp-json\/wp\/v2\/users\/1"}],"replies":[{"embeddable":true,"href":"https:\/\/guialimeira.com.br\/news\/wp-json\/wp\/v2\/comments?post=52255"}],"version-history":[{"count":1,"href":"https:\/\/guialimeira.com.br\/news\/wp-json\/wp\/v2\/posts\/52255\/revisions"}],"predecessor-version":[{"id":52257,"href":"https:\/\/guialimeira.com.br\/news\/wp-json\/wp\/v2\/posts\/52255\/revisions\/52257"}],"wp:featuredmedia":[{"embeddable":true,"href":"https:\/\/guialimeira.com.br\/news\/wp-json\/wp\/v2\/media\/52256"}],"wp:attachment":[{"href":"https:\/\/guialimeira.com.br\/news\/wp-json\/wp\/v2\/media?parent=52255"}],"wp:term":[{"taxonomy":"category","embeddable":true,"href":"https:\/\/guialimeira.com.br\/news\/wp-json\/wp\/v2\/categories?post=52255"},{"taxonomy":"post_tag","embeddable":true,"href":"https:\/\/guialimeira.com.br\/news\/wp-json\/wp\/v2\/tags?post=52255"}],"curies":[{"name":"wp","href":"https:\/\/api.w.org\/{rel}","templated":true}]}}