{"id":5222,"date":"2024-05-16T09:47:45","date_gmt":"2024-05-16T12:47:45","guid":{"rendered":"https:\/\/guialimeira.com.br\/2024\/05\/16\/limeira-tera-novo-plantao-de-vacinacao-neste-sabado-18\/"},"modified":"2024-05-16T09:47:45","modified_gmt":"2024-05-16T12:47:45","slug":"limeira-tera-novo-plantao-de-vacinacao-neste-sabado-18","status":"publish","type":"post","link":"https:\/\/guialimeira.com.br\/news\/limeira-tera-novo-plantao-de-vacinacao-neste-sabado-18\/","title":{"rendered":"Limeira ter\u00e1 novo plant\u00e3o de vacina\u00e7\u00e3o neste s\u00e1bado (18)"},"content":{"rendered":"<p> <br \/>\n<\/p>\n<div>\n            <main class=\"\">&#13;<br \/>\n                &#13;<br \/>\n&#13;<br \/>\n&#13;<br \/>\n&#13;<br \/>\n    <img data-recalc-dims=\"1\" decoding=\"async\" src=\"https:\/\/i0.wp.com\/ecrie.com.br\/sistema\/conteudos\/imagem\/m_137_0_1_25042024153346.jpg?w=696&#038;ssl=1\" alt=\"Limeira ter\u00e1 novo plant\u00e3o de vacina\u00e7\u00e3o neste s\u00e1bado (18)\"\/>&#13;<br \/>\n&#13;<\/p>\n<p class=\"western\" style=\"text-align: justify;\" align=\"justify\">Limeira ter\u00e1 neste s\u00e1bado (18), das 8h \u00e0s 13h, mais um plant\u00e3o de vacina\u00e7\u00e3o contra Covid-19, gripe, febre amarela e as vacinas previstas no Calend\u00e1rio de Vacina\u00e7\u00e3o. <span lang=\"pt-BR\">Por conta da falta da vacina bivalente, <\/span>n\u00e3o haver\u00e1 <span lang=\"pt-BR\">imuniza\u00e7\u00e3o<\/span> contra Covid-19 para maiores de 12 anos \u2013 o munic\u00edpio n\u00e3o recebeu, ainda, novas doses, que s\u00e3o repassadas pelo Minist\u00e9rio da Sa\u00fade aos Estados e posteriormente para as cidades.<\/p>\n<p>&#13;<\/p>\n<p class=\"western\" style=\"text-align: justify;\" align=\"justify\">A vacina\u00e7\u00e3o contra Covid-19 ser\u00e1 na UBS <span lang=\"pt-BR\">Nova Su\u00ed\u00e7a<\/span>, para crian\u00e7as de seis meses a 11 anos. A atualiza\u00e7\u00e3o vacinal e as doses contra a gripe estar\u00e3o dispon\u00edveis nas UBSs <span lang=\"pt-BR\">Nova Su\u00ed\u00e7a e Cecap<\/span>. Al\u00e9m disso, haver\u00e1 drive-thru do Parque Cidade, onde ser\u00e1 poss\u00edvel se vacinar contra gripe e febre amarela.<\/p>\n<p>&#13;<\/p>\n<p class=\"western\" style=\"text-align: justify;\" align=\"justify\">A Secretaria de Sa\u00fade orienta que \u00e9 necess\u00e1rio apresentar os documentos pessoais, Carteira de Vacina\u00e7\u00e3o, comprovante de resid\u00eancia e Cart\u00e3o SUS. Menores de 18 anos devem estar acompanhados pelos pais ou respons\u00e1veis. A vacina\u00e7\u00e3o da gripe est\u00e1 dispon\u00edvel para toda popula\u00e7\u00e3o maior de 6 meses.<\/p>\n<p>&#13;<\/p>\n<p class=\"western\" style=\"text-align: justify;\" align=\"justify\"><strong>SERVI\u00c7O<\/strong><\/p>\n<p>&#13;<\/p>\n<p class=\"western\" style=\"text-align: justify;\" align=\"justify\"><strong>Plant\u00e3o de vacina\u00e7\u00e3o<\/strong><\/p>\n<p>&#13;<\/p>\n<p class=\"western\" style=\"text-align: justify;\" align=\"justify\">S\u00e1bado, <span lang=\"pt-BR\">18 de maio<\/span>, das 8h \u00e0s 13h<\/p>\n<p>&#13;<\/p>\n<p class=\"western\" style=\"text-align: justify;\" align=\"justify\">UBS Nova Su\u00ed\u00e7a \u2013 Rua Vereador Samuel Berto, s\/n\u00ba (Covid-19 \u2013 de seis meses a 11 anos, gripe e atualiza\u00e7\u00e3o vacinal)<\/p>\n<p>&#13;<\/p>\n<p class=\"western\" style=\"text-align: justify;\" align=\"justify\">UBS Cecap \u2013 Av. Fausto Esteves dos Santos, s\/n\u00ba (gripe e atualiza\u00e7\u00e3o vacinal)<\/p>\n<p>&#13;<\/p>\n<p class=\"western\" style=\"text-align: justify;\" align=\"justify\">Drive-thru do Parque Cidade \u2013 entrada pelo anel vi\u00e1rio (gripe e febre amarela)<\/p>\n<p>&#13;<br \/>\n&#13;<br \/>\n&#13;<br \/>\n&#13;<\/p>\n<aside class=\"list-related no-print\">&#13;<br \/>\n        &#13;<br \/>\n&#13;<\/p>\n<article class=\"list-item noticias \">&#13;<br \/>\n                    <a class=\"list-item__img\" href=\"https:\/\/limeira.sp.gov.br\/imprensa\/noticias\/saude\/forum-inedito-em-limeira-debate-os-caminhos-da-saude-mental\" tabindex=\"-1\" aria-hidden=\"true\" rel=\"noopener\">&#13;<br \/>\n                        <img data-recalc-dims=\"1\" decoding=\"async\" src=\"https:\/\/i0.wp.com\/ecrie.com.br\/sistema\/conteudos\/imagem\/m_137_0_1_15052024171212.jpg?w=696&#038;ssl=1\" alt=\"F\u00f3rum in\u00e9dito em Limeira debate os caminhos da Sa\u00fade Mental\"\/>&#13;<br \/>\n                    <\/a>&#13;<br \/>\n&#13;<br \/>\n                &#13;<br \/>\n            <\/article>\n<p>&#13;<\/p>\n<article class=\"list-item noticias \">&#13;<br \/>\n                    <a class=\"list-item__img\" href=\"https:\/\/limeira.sp.gov.br\/imprensa\/noticias\/saude\/prefeitura-de-limeira-promove-novo-plantao-neste-sabado-11\" tabindex=\"-1\" aria-hidden=\"true\" rel=\"noopener\">&#13;<br \/>\n                        <img data-recalc-dims=\"1\" decoding=\"async\" src=\"https:\/\/i0.wp.com\/ecrie.com.br\/sistema\/conteudos\/imagem\/m_137_3_5_20032023161715.jpg?w=696&#038;ssl=1\" alt=\"Prefeitura de Limeira promove novo plant\u00e3o neste s\u00e1bado (11)\"\/>&#13;<br \/>\n                    <\/a>&#13;<br \/>\n&#13;<br \/>\n                &#13;<br \/>\n            <\/article>\n<p>&#13;<\/p>\n<article class=\"list-item noticias \">&#13;<br \/>\n                    <a class=\"list-item__img\" href=\"https:\/\/limeira.sp.gov.br\/imprensa\/noticias\/saude\/situacao-da-dengue-em-limeira-e-atualizada-pela-secretaria-de-saude\" tabindex=\"-1\" aria-hidden=\"true\" rel=\"noopener\">&#13;<br \/>\n                        <img data-recalc-dims=\"1\" decoding=\"async\" src=\"https:\/\/i0.wp.com\/ecrie.com.br\/sistema\/conteudos\/imagem\/m_137_0_1_07052024162306.jpg?w=696&#038;ssl=1\" alt=\"Situa\u00e7\u00e3o da dengue em Limeira \u00e9 atualizada pela Secretaria de Sa\u00fade\"\/>&#13;<br \/>\n                    <\/a>&#13;<br \/>\n&#13;<br \/>\n                &#13;<br \/>\n            <\/article>\n<p>&#13;<br \/>\n    <\/aside>\n<p>&#13;<br \/>\n&#13;<br \/>\n            <\/main><\/p><\/div>\n<p><br \/>\n<br \/><a href=\"https:\/\/limeira.sp.gov.br\/limeira-tera-novo-plantao-de-vacinacao-neste-sabado-18\" rel=\"noopener\">Informa\u00e7\u00f5es da PML <\/a><\/p>\n","protected":false},"excerpt":{"rendered":"<p>&#13; &#13; &#13; &#13; &#13; &#13; &#13; Limeira ter\u00e1 neste s\u00e1bado (18), das 8h \u00e0s 13h, mais um plant\u00e3o de vacina\u00e7\u00e3o contra Covid-19, gripe, febre amarela e as vacinas previstas no Calend\u00e1rio de Vacina\u00e7\u00e3o. Por conta da falta da vacina bivalente, n\u00e3o haver\u00e1 imuniza\u00e7\u00e3o contra Covid-19 para maiores de 12 anos \u2013 o munic\u00edpio n\u00e3o [&hellip;]<\/p>\n","protected":false},"author":1,"featured_media":2825,"comment_status":"open","ping_status":"open","sticky":false,"template":"","format":"standard","meta":{"_jetpack_newsletter_access":"","_jetpack_dont_email_post_to_subs":false,"_jetpack_newsletter_tier_id":0,"_jetpack_memberships_contains_paywalled_content":false,"_mbp_banners":[],"_jetpack_feature_clip_id":0,"_jetpack_memberships_contains_paid_content":false,"footnotes":"","jetpack_publicize_message":"","jetpack_publicize_feature_enabled":true,"jetpack_social_post_already_shared":true,"jetpack_social_options":{"image_generator_settings":{"template":"highway","default_image_id":0,"font":"","enabled":false},"version":2},"jetpack_post_was_ever_published":false},"categories":[16],"tags":[],"class_list":["post-5222","post","type-post","status-publish","format-standard","has-post-thumbnail","category-local"],"jetpack_publicize_connections":[],"jetpack-related-posts":[],"jetpack_shortlink":"https:\/\/wp.me\/p7Eq1F-1me","jetpack_sharing_enabled":true,"jetpack_featured_media_url":"https:\/\/i0.wp.com\/guialimeira.com.br\/news\/wp-content\/uploads\/2024\/04\/m_137_0_1_25042024153346.jpg?fit=1280%2C852&ssl=1","_links":{"self":[{"href":"https:\/\/guialimeira.com.br\/news\/wp-json\/wp\/v2\/posts\/5222","targetHints":{"allow":["GET"]}}],"collection":[{"href":"https:\/\/guialimeira.com.br\/news\/wp-json\/wp\/v2\/posts"}],"about":[{"href":"https:\/\/guialimeira.com.br\/news\/wp-json\/wp\/v2\/types\/post"}],"author":[{"embeddable":true,"href":"https:\/\/guialimeira.com.br\/news\/wp-json\/wp\/v2\/users\/1"}],"replies":[{"embeddable":true,"href":"https:\/\/guialimeira.com.br\/news\/wp-json\/wp\/v2\/comments?post=5222"}],"version-history":[{"count":0,"href":"https:\/\/guialimeira.com.br\/news\/wp-json\/wp\/v2\/posts\/5222\/revisions"}],"wp:featuredmedia":[{"embeddable":true,"href":"https:\/\/guialimeira.com.br\/news\/wp-json\/wp\/v2\/media\/2825"}],"wp:attachment":[{"href":"https:\/\/guialimeira.com.br\/news\/wp-json\/wp\/v2\/media?parent=5222"}],"wp:term":[{"taxonomy":"category","embeddable":true,"href":"https:\/\/guialimeira.com.br\/news\/wp-json\/wp\/v2\/categories?post=5222"},{"taxonomy":"post_tag","embeddable":true,"href":"https:\/\/guialimeira.com.br\/news\/wp-json\/wp\/v2\/tags?post=5222"}],"curies":[{"name":"wp","href":"https:\/\/api.w.org\/{rel}","templated":true}]}}