{"id":52215,"date":"2026-01-08T16:40:10","date_gmt":"2026-01-08T19:40:10","guid":{"rendered":"https:\/\/guialimeira.com.br\/?p=52215"},"modified":"2026-01-08T16:40:10","modified_gmt":"2026-01-08T19:40:10","slug":"depois-de-15-anos-prefeitura-de-cordeiropolis-convoca-12-novos-guardas-municipais-prefeitura-municipal-de-cordeiropolis","status":"publish","type":"post","link":"https:\/\/guialimeira.com.br\/news\/depois-de-15-anos-prefeitura-de-cordeiropolis-convoca-12-novos-guardas-municipais-prefeitura-municipal-de-cordeiropolis\/","title":{"rendered":"Depois de 15 anos, Prefeitura de Cordeir\u00f3polis convoca 12 novos Guardas Municipais \u2013 Prefeitura Municipal de Cordeir\u00f3polis"},"content":{"rendered":"<p> <br \/>\n<\/p>\n<div>\n<p>A Prefeitura de Cordeir\u00f3polis convocou 12 novos Guardas Civis Municipais (GCMs), entre homens e mulheres, do \u00faltimo concurso p\u00fablico. O edital foi publicado na \u00faltima edi\u00e7\u00e3o do Jornal Oficial, de 7 de janeiro. \u201cEssa convoca\u00e7\u00e3o integra as a\u00e7\u00f5es de fortalecimento da seguran\u00e7a p\u00fablica em Cordeir\u00f3polis\u201d, afirmou a prefeita Cristina Saad.<\/p>\n<p>\u201c\u00c9 um respeito a quem fez o concurso p\u00fablico e ao protagonismo da Guarda Municipal, que \u00e9 uma das entidades mais respeitadas em Cordeir\u00f3polis. Com a contrata\u00e7\u00e3o desses guardas, teremos mais efetivo nas ruas, avan\u00e7ando cada vez mais na seguran\u00e7a p\u00fablica da nossa cidade\u201d, explicou o secret\u00e1rio de Seguran\u00e7a P\u00fablica e Tr\u00e2nsito, Amarildo Zorzo.<\/p>\n<p>Os candidatos convocados devem comparecer at\u00e9 12 de janeiro, das 13h \u00e0s 17h, na Coordenadoria de Recursos Humanos da Secretaria de Administra\u00e7\u00e3o, localizada na Rua Jos\u00e9 Antonio Levy, n\u00ba 25, Vila dos Pinheiros. O objetivo \u00e9 manifestar anu\u00eancia quanto \u00e0 admiss\u00e3o e dar andamento \u00e0s provid\u00eancias administrativas necess\u00e1rias.<\/p>\n<\/p><\/div>\n<p><br \/>\n<br \/><a href=\"https:\/\/www.cordeiropolis.sp.gov.br\/depois-de-15-anos-prefeitura-de-cordeiropolis-convoca-12-novos-guardas-municipais\/\" rel=\"noopener\">Informa\u00e7\u00f5es Cordeir\u00f3polis <\/a><\/p>\n","protected":false},"excerpt":{"rendered":"<p>A Prefeitura de Cordeir\u00f3polis convocou 12 novos Guardas Civis Municipais (GCMs), entre homens e mulheres, do \u00faltimo concurso p\u00fablico. O edital foi publicado na \u00faltima edi\u00e7\u00e3o do Jornal Oficial, de 7 de janeiro. \u201cEssa convoca\u00e7\u00e3o integra as a\u00e7\u00f5es de fortalecimento da seguran\u00e7a p\u00fablica em Cordeir\u00f3polis\u201d, afirmou a prefeita Cristina Saad. \u201c\u00c9 um respeito a quem [&hellip;]<\/p>\n","protected":false},"author":1,"featured_media":0,"comment_status":"open","ping_status":"open","sticky":false,"template":"","format":"standard","meta":{"_jetpack_newsletter_access":"","_jetpack_dont_email_post_to_subs":false,"_jetpack_newsletter_tier_id":0,"_jetpack_memberships_contains_paywalled_content":false,"_mbp_banners":[],"_jetpack_feature_clip_id":0,"_jetpack_memberships_contains_paid_content":false,"footnotes":"","jetpack_publicize_message":"","jetpack_publicize_feature_enabled":true,"jetpack_social_post_already_shared":true,"jetpack_social_options":{"image_generator_settings":{"template":"highway","default_image_id":0,"font":"","enabled":false},"version":2},"jetpack_post_was_ever_published":false},"categories":[20],"tags":[],"class_list":["post-52215","post","type-post","status-publish","format-standard","category-regiao"],"jetpack_publicize_connections":[],"jetpack-related-posts":[],"jetpack_shortlink":"https:\/\/wp.me\/p7Eq1F-dAb","jetpack_sharing_enabled":true,"jetpack_featured_media_url":"","_links":{"self":[{"href":"https:\/\/guialimeira.com.br\/news\/wp-json\/wp\/v2\/posts\/52215","targetHints":{"allow":["GET"]}}],"collection":[{"href":"https:\/\/guialimeira.com.br\/news\/wp-json\/wp\/v2\/posts"}],"about":[{"href":"https:\/\/guialimeira.com.br\/news\/wp-json\/wp\/v2\/types\/post"}],"author":[{"embeddable":true,"href":"https:\/\/guialimeira.com.br\/news\/wp-json\/wp\/v2\/users\/1"}],"replies":[{"embeddable":true,"href":"https:\/\/guialimeira.com.br\/news\/wp-json\/wp\/v2\/comments?post=52215"}],"version-history":[{"count":1,"href":"https:\/\/guialimeira.com.br\/news\/wp-json\/wp\/v2\/posts\/52215\/revisions"}],"predecessor-version":[{"id":52216,"href":"https:\/\/guialimeira.com.br\/news\/wp-json\/wp\/v2\/posts\/52215\/revisions\/52216"}],"wp:attachment":[{"href":"https:\/\/guialimeira.com.br\/news\/wp-json\/wp\/v2\/media?parent=52215"}],"wp:term":[{"taxonomy":"category","embeddable":true,"href":"https:\/\/guialimeira.com.br\/news\/wp-json\/wp\/v2\/categories?post=52215"},{"taxonomy":"post_tag","embeddable":true,"href":"https:\/\/guialimeira.com.br\/news\/wp-json\/wp\/v2\/tags?post=52215"}],"curies":[{"name":"wp","href":"https:\/\/api.w.org\/{rel}","templated":true}]}}