{"id":522,"date":"2024-03-30T07:07:49","date_gmt":"2024-03-30T10:07:49","guid":{"rendered":"https:\/\/guialimeira.com.br\/2024\/03\/30\/rio-piracicaba-vai-receber-cerca-de-500-embarcacoes-para-o-6o-passeio-a-remo-portal-do-municipio-de-piracicaba\/"},"modified":"2024-03-30T07:07:49","modified_gmt":"2024-03-30T10:07:49","slug":"rio-piracicaba-vai-receber-cerca-de-500-embarcacoes-para-o-6o-passeio-a-remo-portal-do-municipio-de-piracicaba","status":"publish","type":"post","link":"https:\/\/guialimeira.com.br\/news\/rio-piracicaba-vai-receber-cerca-de-500-embarcacoes-para-o-6o-passeio-a-remo-portal-do-municipio-de-piracicaba\/","title":{"rendered":"Rio Piracicaba vai receber cerca de 500 embarca\u00e7\u00f5es para o\u00a06\u00ba\u00a0Passeio a\u00a0Remo \u2013 Portal do Munic\u00edpio de Piracicaba"},"content":{"rendered":"<p> <br \/>\n<\/p>\n<div>\n<p><em>Evento acontece amanh\u00e3, s\u00e1bado, com sa\u00edda \u00e0s 8h da rampa do largo dos Pescadores, na avenida Beira Rio<\/em><\/p>\n<div class=\"wp-block-image\">\n<figure class=\"aligncenter size-large\"><img data-recalc-dims=\"1\" fetchpriority=\"high\" decoding=\"async\" width=\"696\" height=\"392\" src=\"https:\/\/i0.wp.com\/piracicaba.sp.gov.br\/wp-content\/uploads\/2024\/02\/Expectativa-de-grande-participacao-no-passeio-a-remo-no-rio-Piracicaba-1024x576.jpg?resize=696%2C392&#038;ssl=1\" alt=\"\" class=\"wp-image-73317\" srcset=\"https:\/\/piracicaba.sp.gov.br\/wp-content\/uploads\/2024\/02\/Expectativa-de-grande-participacao-no-passeio-a-remo-no-rio-Piracicaba-1024x576.jpg 1024w, https:\/\/piracicaba.sp.gov.br\/wp-content\/uploads\/2024\/02\/Expectativa-de-grande-participacao-no-passeio-a-remo-no-rio-Piracicaba-300x169.jpg 300w, https:\/\/piracicaba.sp.gov.br\/wp-content\/uploads\/2024\/02\/Expectativa-de-grande-participacao-no-passeio-a-remo-no-rio-Piracicaba-768x432.jpg 768w, https:\/\/piracicaba.sp.gov.br\/wp-content\/uploads\/2024\/02\/Expectativa-de-grande-participacao-no-passeio-a-remo-no-rio-Piracicaba-1536x864.jpg 1536w, https:\/\/piracicaba.sp.gov.br\/wp-content\/uploads\/2024\/02\/Expectativa-de-grande-participacao-no-passeio-a-remo-no-rio-Piracicaba-2048x1153.jpg 2048w\" sizes=\"(max-width: 1024px) 100vw, 1024px\"\/><figcaption class=\"wp-element-caption\"><strong>Expectativa de grande participa\u00e7\u00e3o no passeio a remo no rio Piracicaba<\/strong><\/figcaption><\/figure>\n<\/div>\n<p>Amanh\u00e3, s\u00e1bado, 24\/2, a partir das 8h, o rio Piracicaba vai receber cerca de 500 embarca\u00e7\u00f5es para o 6\u00ba Passeio a Remo de Piracicaba. O trajeto ter\u00e1 um percurso de 24 quil\u00f4metros e vai durar, em m\u00e9dia, 4 horas e 30 minutos, com sa\u00edda da rampa do largo dos Pescadores, na avenida Beira Rio, e chegada na N\u00e1utica do condom\u00ednio Terras de Artemis.<\/p>\n<p>No local haver\u00e1 transporte para trazer os participantes e barcos de volta ao ponto de partida. O evento \u00e9 uma iniciativa da Associa\u00e7\u00e3o Remo Piracicaba e conta com o apoio da Selam (Secretaria de Esportes, Lazer e Atividades Motoras), Secretaria de Governo, e da Secretaria Municipal de Transportes Internos (Semutri).<\/p>\n<p>O evento \u00e9 aberto \u00e0 participa\u00e7\u00e3o de todas embarca\u00e7\u00f5es a remo, como caiaques, canoas e botes. \u00c9 obrigat\u00f3rio o uso de colete salva vidas e orientado levar \u00e1gua e alimenta\u00e7\u00e3o, j\u00e1 que os participantes v\u00e3o permanecer mais de 4 horas dentro do rio.<\/p>\n<div class=\"wp-block-image\">\n<figure class=\"aligncenter size-large\"><img data-recalc-dims=\"1\" loading=\"lazy\" decoding=\"async\" width=\"696\" height=\"392\" src=\"https:\/\/i0.wp.com\/piracicaba.sp.gov.br\/wp-content\/uploads\/2024\/02\/6o-passeio-a-remo-no-rio-Piracicaba-1024x576.jpg?resize=696%2C392&#038;ssl=1\" alt=\"\" class=\"wp-image-73320\" srcset=\"https:\/\/piracicaba.sp.gov.br\/wp-content\/uploads\/2024\/02\/6o-passeio-a-remo-no-rio-Piracicaba-1024x576.jpg 1024w, https:\/\/piracicaba.sp.gov.br\/wp-content\/uploads\/2024\/02\/6o-passeio-a-remo-no-rio-Piracicaba-300x169.jpg 300w, https:\/\/piracicaba.sp.gov.br\/wp-content\/uploads\/2024\/02\/6o-passeio-a-remo-no-rio-Piracicaba-768x432.jpg 768w, https:\/\/piracicaba.sp.gov.br\/wp-content\/uploads\/2024\/02\/6o-passeio-a-remo-no-rio-Piracicaba-1536x864.jpg 1536w, https:\/\/piracicaba.sp.gov.br\/wp-content\/uploads\/2024\/02\/6o-passeio-a-remo-no-rio-Piracicaba-2048x1152.jpg 2048w\" sizes=\"auto, (max-width: 1024px) 100vw, 1024px\"\/><figcaption class=\"wp-element-caption\"><strong>6\u00ba passeio a remo ser\u00e1 a atra\u00e7\u00e3o deste s\u00e1bado, no rio Piracicaba<\/strong><\/figcaption><\/figure>\n<\/div>\n<p>De acordo com o presidente da Associa\u00e7\u00e3o Remo Piracicaba, Jos\u00e9 Valdir Lopes J\u00fanior, essa atividade acontece em conformidade com a Lei Municipal n\u00ba 9.916, de 2023, que institui o Dia do Remo no calend\u00e1rio oficial de eventos da cidade. \u201cO nosso objetivo \u00e9 divulgar as belezas e o potencial do rio Piracicaba com toda sua fauna e sua flora\u201d, ressaltou o presidente que ainda explicou sobre a cria\u00e7\u00e3o de uma nova modalidade para embarca\u00e7\u00f5es a remo.<\/p>\n<p>\u201cO passeio pelo rio Piracicaba j\u00e1 \u00e9 considerado o maior do Estado de S\u00e3o Paulo e agrega a nova nomenclatura criada recentemente pela Fecaesp (Federa\u00e7\u00e3o de Canoagem do Estado de S\u00e3o Paulo), que \u00e9 a modalidade de Turismo, Lazer e Contempla\u00e7\u00e3o\u201d, disse.<\/p>\n<p><strong>SERVI\u00c7O<\/strong>\u00a0\u2013 6\u00ba Passeio a Remo de Piracicaba. Amanh\u00e3, s\u00e1bado, dia 24\/2, \u00e0s 8h, sa\u00edda da rampa do largo dos Pescadores, na avenida Beira Rio, com destino \u00e0 N\u00e1utica do Terras de Artemis. Aberta \u00e0 participa\u00e7\u00e3o para todas embarca\u00e7\u00f5es a remo, como caiaques, canoas e botes. Haver\u00e1 transporte gratuito no final do evento at\u00e9 o ponto de largada.<\/p>\n<\/div>\n<p><br \/>\n<br \/><a href=\"https:\/\/piracicaba.sp.gov.br\/noticias\/rio-piracicaba-vai-receber-cerca-de-500-embarcacoes-para-o-6o-passeio-a-remo\/\" rel=\"noopener\">Informa\u00e7\u00f5es PMP <\/a><\/p>\n","protected":false},"excerpt":{"rendered":"<p>Evento acontece amanh\u00e3, s\u00e1bado, com sa\u00edda \u00e0s 8h da rampa do largo dos Pescadores, na avenida Beira Rio Expectativa de grande participa\u00e7\u00e3o no passeio a remo no rio Piracicaba Amanh\u00e3, s\u00e1bado, 24\/2, a partir das 8h, o rio Piracicaba vai receber cerca de 500 embarca\u00e7\u00f5es para o 6\u00ba Passeio a Remo de Piracicaba. O trajeto [&hellip;]<\/p>\n","protected":false},"author":1,"featured_media":523,"comment_status":"open","ping_status":"open","sticky":false,"template":"","format":"standard","meta":{"_jetpack_newsletter_access":"","_jetpack_dont_email_post_to_subs":false,"_jetpack_newsletter_tier_id":0,"_jetpack_memberships_contains_paywalled_content":false,"_mbp_banners":[],"_jetpack_feature_clip_id":0,"_jetpack_memberships_contains_paid_content":false,"footnotes":"","jetpack_publicize_message":"","jetpack_publicize_feature_enabled":true,"jetpack_social_post_already_shared":true,"jetpack_social_options":{"image_generator_settings":{"template":"highway","default_image_id":0,"font":"","enabled":false},"version":2},"jetpack_post_was_ever_published":false},"categories":[20],"tags":[],"class_list":["post-522","post","type-post","status-publish","format-standard","has-post-thumbnail","category-regiao"],"jetpack_publicize_connections":[],"jetpack-related-posts":[],"jetpack_shortlink":"https:\/\/wp.me\/p7Eq1F-8q","jetpack_sharing_enabled":true,"jetpack_featured_media_url":"https:\/\/i0.wp.com\/guialimeira.com.br\/news\/wp-content\/uploads\/2024\/03\/Expectativa-de-grande-participacao-no-passeio-a-remo-no-rio-Piracicaba-1024x576.jpg?fit=1024%2C576&ssl=1","_links":{"self":[{"href":"https:\/\/guialimeira.com.br\/news\/wp-json\/wp\/v2\/posts\/522","targetHints":{"allow":["GET"]}}],"collection":[{"href":"https:\/\/guialimeira.com.br\/news\/wp-json\/wp\/v2\/posts"}],"about":[{"href":"https:\/\/guialimeira.com.br\/news\/wp-json\/wp\/v2\/types\/post"}],"author":[{"embeddable":true,"href":"https:\/\/guialimeira.com.br\/news\/wp-json\/wp\/v2\/users\/1"}],"replies":[{"embeddable":true,"href":"https:\/\/guialimeira.com.br\/news\/wp-json\/wp\/v2\/comments?post=522"}],"version-history":[{"count":0,"href":"https:\/\/guialimeira.com.br\/news\/wp-json\/wp\/v2\/posts\/522\/revisions"}],"wp:featuredmedia":[{"embeddable":true,"href":"https:\/\/guialimeira.com.br\/news\/wp-json\/wp\/v2\/media\/523"}],"wp:attachment":[{"href":"https:\/\/guialimeira.com.br\/news\/wp-json\/wp\/v2\/media?parent=522"}],"wp:term":[{"taxonomy":"category","embeddable":true,"href":"https:\/\/guialimeira.com.br\/news\/wp-json\/wp\/v2\/categories?post=522"},{"taxonomy":"post_tag","embeddable":true,"href":"https:\/\/guialimeira.com.br\/news\/wp-json\/wp\/v2\/tags?post=522"}],"curies":[{"name":"wp","href":"https:\/\/api.w.org\/{rel}","templated":true}]}}