{"id":5216,"date":"2024-05-16T09:32:44","date_gmt":"2024-05-16T12:32:44","guid":{"rendered":"https:\/\/guialimeira.com.br\/2024\/05\/16\/pl-sobre-adaptacao-a-mudancas-climaticas-e-aprovado-no-senado\/"},"modified":"2024-05-16T09:32:44","modified_gmt":"2024-05-16T12:32:44","slug":"pl-sobre-adaptacao-a-mudancas-climaticas-e-aprovado-no-senado","status":"publish","type":"post","link":"https:\/\/guialimeira.com.br\/news\/pl-sobre-adaptacao-a-mudancas-climaticas-e-aprovado-no-senado\/","title":{"rendered":"PL sobre adapta\u00e7\u00e3o a mudan\u00e7as clim\u00e1ticas \u00e9 aprovado no Senado"},"content":{"rendered":"<p> <br \/>\n<\/p>\n<div>\n<p>O Senado Federal aprovou, na noite dessa quarta-feira (15), o Projeto de Lei (PL) 4.129\/2021, que estabelece regras para a elabora\u00e7\u00e3o de planos de adapta\u00e7\u00e3o \u00e0s mudan\u00e7as clim\u00e1ticas.<img data-recalc-dims=\"1\" decoding=\"async\" src=\"https:\/\/i0.wp.com\/agenciabrasil.ebc.com.br\/ebc.png?w=696&#038;ssl=1\" style=\"width:1px; height:1px; display:inline;\"\/><img data-recalc-dims=\"1\" decoding=\"async\" src=\"https:\/\/i0.wp.com\/agenciabrasil.ebc.com.br\/ebc.gif?w=696&#038;ssl=1\" style=\"width:1px; height:1px; display:inline;\"\/><\/p>\n<p>Aprovado no plen\u00e1rio em vota\u00e7\u00e3o simb\u00f3lica, o texto substitutivo <a href=\"https:\/\/agenciabrasil.ebc.com.br\/geral\/noticia\/2024-05\/ccj-do-senado-aprova-pl-sobre-adaptacao-mudancas-climaticas\" target=\"_blank\" rel=\"noopener\">foi apresentado pelo relator<\/a> da mat\u00e9ria na Comiss\u00e3o de Constitui\u00e7\u00e3o e Justi\u00e7a (CCJ), senador Jaques Wagner (PT-BA). Como houve modifica\u00e7\u00f5es, a proposta foi enviada \u00e0 C\u00e2mara dos Deputados, para nova an\u00e1lise.<\/p>\n<p>O texto re\u00fane diretrizes propostas para a gest\u00e3o e a redu\u00e7\u00e3o do risco clim\u00e1tico, a partir da ado\u00e7\u00e3o de medidas econ\u00f4micas e socioambientais com o objetivo de adaptar os sistemas produtivos e de infraestrutura. A proposta determina a elabora\u00e7\u00e3o de um plano nacional de adapta\u00e7\u00e3o \u00e0 mudan\u00e7a do clima, que dever\u00e1 ser elaborado em um ano e orientar\u00e1 planos estaduais e municipais.<\/p>\n<p>Al\u00e9m de alinhados \u00e0 Pol\u00edtica Nacional de Prote\u00e7\u00e3o e Defesa Civil, os planos dever\u00e3o fomentar a agricultura de baixo carbono e garantir seguran\u00e7a alimentar e nutricional, h\u00eddrica e energ\u00e9tica.<\/p>\n<p>No relat\u00f3rio, Jaques Wagner destaca a urg\u00eancia apontada pelo Painel Intergovernamental sobre Mudan\u00e7as Clim\u00e1ticas das Na\u00e7\u00f5es Unidas na efetiva\u00e7\u00e3o de medidas que garantam a seguran\u00e7a aos sistemas naturais e humanos:<\/p>\n<blockquote>\n<p>\u201cAs regras propostas harmonizam-se com os preceitos constitucionais que determinam o direito fundamental ao meio ambiente ecologicamente equilibrado e \u00e0 sadia qualidade de vida.\u201d<\/p>\n<\/blockquote>\n<p>O PL de autoria da deputada federal Tabata Amaral (PSB-SP) foi aprovado pela C\u00e2mara dos Deputados em dezembro de 2022. No Senado, foi modificado na Comiss\u00e3o de Meio Ambiente e posteriormente na CCJ.<\/p>\n<p>A proposta ser\u00e1 ainda revisada pela C\u00e2mara dos Deputados para an\u00e1lise das altera\u00e7\u00f5es. Se aprovadas, o PL ser\u00e1 enviado \u00e0 san\u00e7\u00e3o presidencial.<\/p>\n<\/p><\/div>\n<p><br \/>\n<br \/><a href=\"https:\/\/agenciabrasil.ebc.com.br\/economia\/noticia\/2024-05\/pl-sobre-adaptacao-mudancas-climaticas-e-aprovado-no-senado\" rel=\"noopener\">Ag\u00eancia Brasil<\/a><\/p>\n","protected":false},"excerpt":{"rendered":"<p>O Senado Federal aprovou, na noite dessa quarta-feira (15), o Projeto de Lei (PL) 4.129\/2021, que estabelece regras para a elabora\u00e7\u00e3o de planos de adapta\u00e7\u00e3o \u00e0s mudan\u00e7as clim\u00e1ticas. Aprovado no plen\u00e1rio em vota\u00e7\u00e3o simb\u00f3lica, o texto substitutivo foi apresentado pelo relator da mat\u00e9ria na Comiss\u00e3o de Constitui\u00e7\u00e3o e Justi\u00e7a (CCJ), senador Jaques Wagner (PT-BA). Como [&hellip;]<\/p>\n","protected":false},"author":1,"featured_media":5217,"comment_status":"open","ping_status":"open","sticky":false,"template":"","format":"standard","meta":{"_jetpack_newsletter_access":"","_jetpack_dont_email_post_to_subs":false,"_jetpack_newsletter_tier_id":0,"_jetpack_memberships_contains_paywalled_content":false,"_mbp_banners":[],"_jetpack_feature_clip_id":0,"_jetpack_memberships_contains_paid_content":false,"footnotes":"","jetpack_publicize_message":"","jetpack_publicize_feature_enabled":true,"jetpack_social_post_already_shared":true,"jetpack_social_options":{"image_generator_settings":{"template":"highway","default_image_id":0,"font":"","enabled":false},"version":2},"jetpack_post_was_ever_published":false},"categories":[24],"tags":[],"class_list":["post-5216","post","type-post","status-publish","format-standard","has-post-thumbnail","category-economia"],"jetpack_publicize_connections":[],"jetpack-related-posts":[],"jetpack_shortlink":"https:\/\/wp.me\/p7Eq1F-1m8","jetpack_sharing_enabled":true,"jetpack_featured_media_url":"https:\/\/i0.wp.com\/guialimeira.com.br\/news\/wp-content\/uploads\/2024\/05\/52732436531_f16e4d8677_o.jpg?fit=1600%2C800&ssl=1","_links":{"self":[{"href":"https:\/\/guialimeira.com.br\/news\/wp-json\/wp\/v2\/posts\/5216","targetHints":{"allow":["GET"]}}],"collection":[{"href":"https:\/\/guialimeira.com.br\/news\/wp-json\/wp\/v2\/posts"}],"about":[{"href":"https:\/\/guialimeira.com.br\/news\/wp-json\/wp\/v2\/types\/post"}],"author":[{"embeddable":true,"href":"https:\/\/guialimeira.com.br\/news\/wp-json\/wp\/v2\/users\/1"}],"replies":[{"embeddable":true,"href":"https:\/\/guialimeira.com.br\/news\/wp-json\/wp\/v2\/comments?post=5216"}],"version-history":[{"count":0,"href":"https:\/\/guialimeira.com.br\/news\/wp-json\/wp\/v2\/posts\/5216\/revisions"}],"wp:featuredmedia":[{"embeddable":true,"href":"https:\/\/guialimeira.com.br\/news\/wp-json\/wp\/v2\/media\/5217"}],"wp:attachment":[{"href":"https:\/\/guialimeira.com.br\/news\/wp-json\/wp\/v2\/media?parent=5216"}],"wp:term":[{"taxonomy":"category","embeddable":true,"href":"https:\/\/guialimeira.com.br\/news\/wp-json\/wp\/v2\/categories?post=5216"},{"taxonomy":"post_tag","embeddable":true,"href":"https:\/\/guialimeira.com.br\/news\/wp-json\/wp\/v2\/tags?post=5216"}],"curies":[{"name":"wp","href":"https:\/\/api.w.org\/{rel}","templated":true}]}}