{"id":52099,"date":"2026-01-06T15:42:05","date_gmt":"2026-01-06T18:42:05","guid":{"rendered":"https:\/\/guialimeira.com.br\/?p=52099"},"modified":"2026-01-06T15:42:05","modified_gmt":"2026-01-06T18:42:05","slug":"reajuste-da-taxa-de-servicos-urbanos-foi-aprovado-em-2024-iptu-teve-correcao-inflacionaria-prefeitura-municipal-de-cordeiropolis","status":"publish","type":"post","link":"https:\/\/guialimeira.com.br\/news\/reajuste-da-taxa-de-servicos-urbanos-foi-aprovado-em-2024-iptu-teve-correcao-inflacionaria-prefeitura-municipal-de-cordeiropolis\/","title":{"rendered":"Reajuste da Taxa de Servi\u00e7os Urbanos foi aprovado em 2024; IPTU teve corre\u00e7\u00e3o inflacion\u00e1ria \u2013 Prefeitura Municipal de Cordeir\u00f3polis"},"content":{"rendered":"<p> <br \/>\n<\/p>\n<div>\n<p>A Prefeitura de Cordeir\u00f3polis esclarece que n\u00e3o houve aumento real no IPTU (Imposto Sobre a Propriedade Predial e Territorial Urbana) para o exerc\u00edcio de 2026. O reajuste aplicado corresponde apenas \u00e0 corre\u00e7\u00e3o inflacion\u00e1ria, de 4,68%, conforme previsto em lei.<\/p>\n<p>Contudo, neste ano, entrou em vigor a atualiza\u00e7\u00e3o da Taxa de Servi\u00e7os Urbanos (TSU), referente \u00e0 coleta de lixo domiciliar. Essa taxa \u00e9 distinta do IPTU e segue determina\u00e7\u00f5es da Pol\u00edtica Nacional de Res\u00edduos S\u00f3lidos (Lei Federal n\u00ba 12.305\/2010), cuja aplica\u00e7\u00e3o vem sendo reiteradamente cobrada pelo Tribunal de Contas do Estado (TCE).<\/p>\n<p>A forma de cobran\u00e7a da TSU foi alterada pela Lei Complementar n\u00ba 399, sancionada em 16 de dezembro de 2024, ainda na gest\u00e3o anterior. A legisla\u00e7\u00e3o modificou o C\u00f3digo Tribut\u00e1rio Municipal e estabeleceu que, a partir do exerc\u00edcio seguinte, a taxa passaria a ser calculada \u00e0 raz\u00e3o de meia UFIRCO por metro quadrado do im\u00f3vel.<\/p>\n<p>Como a lei foi publicada no final de 2024, n\u00e3o houve tempo h\u00e1bil para a aplica\u00e7\u00e3o da nova regra em 2025. Naquele exerc\u00edcio, foi mantido o valor previsto no Decreto n\u00ba 6.913\/2024, de R$ 1,69 por metro quadrado. A partir de 2026, em cumprimento ao C\u00f3digo Tribut\u00e1rio Municipal, o valor da TSU passou a ser de R$ 3,10 por metro quadrado, considerando a UFIRCO fixada em R$ 6,21, conforme o Decreto n\u00ba 7.068\/2025.<\/p>\n<\/p><\/div>\n<p><br \/>\n<br \/><a href=\"https:\/\/www.cordeiropolis.sp.gov.br\/reajuste-da-taxa-de-servicos-urbanos-foi-aprovado-em-2024-iptu-teve-correcao-inflacionaria\/\" rel=\"noopener\">Informa\u00e7\u00f5es Cordeir\u00f3polis <\/a><\/p>\n","protected":false},"excerpt":{"rendered":"<p>A Prefeitura de Cordeir\u00f3polis esclarece que n\u00e3o houve aumento real no IPTU (Imposto Sobre a Propriedade Predial e Territorial Urbana) para o exerc\u00edcio de 2026. O reajuste aplicado corresponde apenas \u00e0 corre\u00e7\u00e3o inflacion\u00e1ria, de 4,68%, conforme previsto em lei. Contudo, neste ano, entrou em vigor a atualiza\u00e7\u00e3o da Taxa de Servi\u00e7os Urbanos (TSU), referente \u00e0 [&hellip;]<\/p>\n","protected":false},"author":1,"featured_media":0,"comment_status":"open","ping_status":"open","sticky":false,"template":"","format":"standard","meta":{"_jetpack_newsletter_access":"","_jetpack_dont_email_post_to_subs":false,"_jetpack_newsletter_tier_id":0,"_jetpack_memberships_contains_paywalled_content":false,"_mbp_banners":[],"_jetpack_feature_clip_id":0,"_jetpack_memberships_contains_paid_content":false,"footnotes":"","jetpack_publicize_message":"","jetpack_publicize_feature_enabled":true,"jetpack_social_post_already_shared":true,"jetpack_social_options":{"image_generator_settings":{"template":"highway","default_image_id":0,"font":"","enabled":false},"version":2},"jetpack_post_was_ever_published":false},"categories":[20],"tags":[],"class_list":["post-52099","post","type-post","status-publish","format-standard","category-regiao"],"jetpack_publicize_connections":[],"jetpack-related-posts":[],"jetpack_shortlink":"https:\/\/wp.me\/p7Eq1F-dyj","jetpack_sharing_enabled":true,"jetpack_featured_media_url":"","_links":{"self":[{"href":"https:\/\/guialimeira.com.br\/news\/wp-json\/wp\/v2\/posts\/52099","targetHints":{"allow":["GET"]}}],"collection":[{"href":"https:\/\/guialimeira.com.br\/news\/wp-json\/wp\/v2\/posts"}],"about":[{"href":"https:\/\/guialimeira.com.br\/news\/wp-json\/wp\/v2\/types\/post"}],"author":[{"embeddable":true,"href":"https:\/\/guialimeira.com.br\/news\/wp-json\/wp\/v2\/users\/1"}],"replies":[{"embeddable":true,"href":"https:\/\/guialimeira.com.br\/news\/wp-json\/wp\/v2\/comments?post=52099"}],"version-history":[{"count":1,"href":"https:\/\/guialimeira.com.br\/news\/wp-json\/wp\/v2\/posts\/52099\/revisions"}],"predecessor-version":[{"id":52100,"href":"https:\/\/guialimeira.com.br\/news\/wp-json\/wp\/v2\/posts\/52099\/revisions\/52100"}],"wp:attachment":[{"href":"https:\/\/guialimeira.com.br\/news\/wp-json\/wp\/v2\/media?parent=52099"}],"wp:term":[{"taxonomy":"category","embeddable":true,"href":"https:\/\/guialimeira.com.br\/news\/wp-json\/wp\/v2\/categories?post=52099"},{"taxonomy":"post_tag","embeddable":true,"href":"https:\/\/guialimeira.com.br\/news\/wp-json\/wp\/v2\/tags?post=52099"}],"curies":[{"name":"wp","href":"https:\/\/api.w.org\/{rel}","templated":true}]}}