{"id":520,"date":"2024-03-30T07:06:42","date_gmt":"2024-03-30T10:06:42","guid":{"rendered":"https:\/\/guialimeira.com.br\/2024\/03\/30\/prefeitura-vai-realizar-dedetizacao-na\/"},"modified":"2024-03-30T07:06:42","modified_gmt":"2024-03-30T10:06:42","slug":"prefeitura-vai-realizar-dedetizacao-na","status":"publish","type":"post","link":"https:\/\/guialimeira.com.br\/news\/prefeitura-vai-realizar-dedetizacao-na\/","title":{"rendered":"Prefeitura vai realizar dedetiza\u00e7\u00e3o na&#8230;"},"content":{"rendered":"<p> <br \/>\n<br \/><img data-recalc-dims=\"1\" decoding=\"async\" src=\"https:\/\/i0.wp.com\/www.iracemapolis.sp.gov.br\/fotos\/f861c692078c135375e0d437b9d62b70.jpg?w=696&#038;ssl=1\" \/><\/p>\n<div>\n<p>O Departamento de \u00c1gua e Esgoto vai iniciar na pr\u00f3xima segunda-feira, dia 25, uma a\u00e7\u00e3o de dedetiza\u00e7\u00e3o e controle de pragas no munic\u00edpio. O primeiro bairro a receber o servi\u00e7o ser\u00e1 o Centro e na sequ\u00eancia os bairros do lado de baixo da avenida Pedro Cosenza.<\/p>\n<p>Todo o servi\u00e7o \u00e9 feito por empresa especializada, com o acompanhamento da equipe de Saneamento e tamb\u00e9m orienta\u00e7\u00e3o do Departamento de Vigil\u00e2ncias em Sa\u00fade. O departamento acredita que a a\u00e7\u00e3o deve levar cerca de 15 dias para percorrer todo munic\u00edpio.<\/p>\n<p><strong>ORIENTA\u00c7\u00c3O<\/strong><\/p>\n<p>A orienta\u00e7\u00e3o \u00e9 que os moradores devem fechar todos os ralos da resid\u00eancia. O contrato com empresa especializada tamb\u00e9m prev\u00ea aviso \u00e0 popula\u00e7\u00e3o por meio de ve\u00edculo de som, com anteced\u00eancia. Portanto, a orienta\u00e7\u00e3o \u00e9 que os moradores estejam atentos aos pr\u00f3ximos dias para os avisos.<\/p>\n<\/p><\/div>\n<p><br \/>\n<br \/><a href=\"https:\/\/www.iracemapolis.sp.gov.br\/portal\/noticias\/0\/3\/2112\/prefeitura-vai-realizar-dedetizacao-na-rede-de-esgoto\/\" rel=\"noopener\">Informa\u00e7\u00f5es PMI<\/a><\/p>\n","protected":false},"excerpt":{"rendered":"<p>O Departamento de \u00c1gua e Esgoto vai iniciar na pr\u00f3xima segunda-feira, dia 25, uma a\u00e7\u00e3o de dedetiza\u00e7\u00e3o e controle de pragas no munic\u00edpio. O primeiro bairro a receber o servi\u00e7o ser\u00e1 o Centro e na sequ\u00eancia os bairros do lado de baixo da avenida Pedro Cosenza. Todo o servi\u00e7o \u00e9 feito por empresa especializada, com [&hellip;]<\/p>\n","protected":false},"author":1,"featured_media":521,"comment_status":"open","ping_status":"open","sticky":false,"template":"","format":"standard","meta":{"_jetpack_newsletter_access":"","_jetpack_dont_email_post_to_subs":false,"_jetpack_newsletter_tier_id":0,"_jetpack_memberships_contains_paywalled_content":false,"_mbp_banners":[],"_jetpack_feature_clip_id":0,"_jetpack_memberships_contains_paid_content":false,"footnotes":"","jetpack_publicize_message":"","jetpack_publicize_feature_enabled":true,"jetpack_social_post_already_shared":true,"jetpack_social_options":{"image_generator_settings":{"template":"highway","default_image_id":0,"font":"","enabled":false},"version":2},"jetpack_post_was_ever_published":false},"categories":[20],"tags":[],"class_list":["post-520","post","type-post","status-publish","format-standard","has-post-thumbnail","category-regiao"],"jetpack_publicize_connections":[],"jetpack-related-posts":[],"jetpack_shortlink":"https:\/\/wp.me\/p7Eq1F-8o","jetpack_sharing_enabled":true,"jetpack_featured_media_url":"https:\/\/i0.wp.com\/guialimeira.com.br\/news\/wp-content\/uploads\/2024\/03\/f861c692078c135375e0d437b9d62b70.jpg?fit=800%2C450&ssl=1","_links":{"self":[{"href":"https:\/\/guialimeira.com.br\/news\/wp-json\/wp\/v2\/posts\/520","targetHints":{"allow":["GET"]}}],"collection":[{"href":"https:\/\/guialimeira.com.br\/news\/wp-json\/wp\/v2\/posts"}],"about":[{"href":"https:\/\/guialimeira.com.br\/news\/wp-json\/wp\/v2\/types\/post"}],"author":[{"embeddable":true,"href":"https:\/\/guialimeira.com.br\/news\/wp-json\/wp\/v2\/users\/1"}],"replies":[{"embeddable":true,"href":"https:\/\/guialimeira.com.br\/news\/wp-json\/wp\/v2\/comments?post=520"}],"version-history":[{"count":0,"href":"https:\/\/guialimeira.com.br\/news\/wp-json\/wp\/v2\/posts\/520\/revisions"}],"wp:featuredmedia":[{"embeddable":true,"href":"https:\/\/guialimeira.com.br\/news\/wp-json\/wp\/v2\/media\/521"}],"wp:attachment":[{"href":"https:\/\/guialimeira.com.br\/news\/wp-json\/wp\/v2\/media?parent=520"}],"wp:term":[{"taxonomy":"category","embeddable":true,"href":"https:\/\/guialimeira.com.br\/news\/wp-json\/wp\/v2\/categories?post=520"},{"taxonomy":"post_tag","embeddable":true,"href":"https:\/\/guialimeira.com.br\/news\/wp-json\/wp\/v2\/tags?post=520"}],"curies":[{"name":"wp","href":"https:\/\/api.w.org\/{rel}","templated":true}]}}