{"id":5193,"date":"2024-05-15T23:23:55","date_gmt":"2024-05-16T02:23:55","guid":{"rendered":"https:\/\/guialimeira.com.br\/2024\/05\/15\/amanda-schott-confirma-vaga-no-levantamento-de-peso-em-paris-2024\/"},"modified":"2024-05-15T23:23:55","modified_gmt":"2024-05-16T02:23:55","slug":"amanda-schott-confirma-vaga-no-levantamento-de-peso-em-paris-2024","status":"publish","type":"post","link":"https:\/\/guialimeira.com.br\/news\/amanda-schott-confirma-vaga-no-levantamento-de-peso-em-paris-2024\/","title":{"rendered":"Amanda Schott confirma vaga no levantamento de peso em Paris 2024"},"content":{"rendered":"<p> <br \/>\n<\/p>\n<div>\n<p>A <a href=\"https:\/\/www.cob.org.br\/pt\/galerias\/noticias\/lista-de-vagas-garantidas-pelo-time-brasil-nos-jogos-olimpicos-paris-2024\/\" rel=\"noopener\"><strong>delega\u00e7\u00e3o brasileira nos Jogos de Paris totalizou 220 atletas <\/strong><\/a>com a confirma\u00e7\u00e3o da vaga ol\u00edmpica da niteroiense Amanda Schott no levantamento de peso pela <strong><a href=\"https:\/\/iwf.sport\/wp-content\/uploads\/downloads\/2024\/05\/P2O7G29.pdf\" rel=\"noopener\">federa\u00e7\u00e3o internacional (IWF,<\/a><\/strong> na sigla em ingl\u00eas), nesta quarta-feira (15). Amanda, da categoria at\u00e9 71 quilos, ser\u00e1 a segunda representante do pa\u00eds na modalidade, que at\u00e9 o momento s\u00f3 conta com atletas mulheres. No m\u00eas passado, a carioca Laura Amaro (81 kg) j\u00e1 garantira presen\u00e7a nos Jogos.\u00a0\u00a0<img data-recalc-dims=\"1\" decoding=\"async\" src=\"https:\/\/i0.wp.com\/agenciabrasil.ebc.com.br\/ebc.png?w=696&#038;ssl=1\" style=\"width:1px; height:1px; display:inline;\"\/><img data-recalc-dims=\"1\" decoding=\"async\" src=\"https:\/\/i0.wp.com\/agenciabrasil.ebc.com.br\/ebc.gif?w=696&#038;ssl=1\" style=\"width:1px; height:1px; display:inline;\"\/><\/p>\n<blockquote class=\"twitter-tweet\">\n<p dir=\"ltr\" lang=\"pt\" xml:lang=\"pt\">Tem mais uma vaga confirmada em <a href=\"https:\/\/twitter.com\/hashtag\/Paris2024?src=hash&amp;ref_src=twsrc%5Etfw\" rel=\"noopener\">#Paris2024<\/a>! \ud83c\udde7\ud83c\uddf7<\/p>\n<p>Amanda Schott representar\u00e1 o <a href=\"https:\/\/twitter.com\/hashtag\/TimeBrasil?src=hash&amp;ref_src=twsrc%5Etfw\" rel=\"noopener\">#TimeBrasil<\/a> na categoria at\u00e9 71kg do levantamento de peso.<\/p>\n<p>Atual recordista brasileira da categoria, a atleta far\u00e1 sua estreia em Jogos Ol\u00edmpicos! \ud83c\udfcb\ufe0f\ud83d\udc4f <a href=\"https:\/\/t.co\/dHZPsqNUpN\">pic.twitter.com\/dHZPsqNUpN<\/a><\/p>\n<p>\u2014 Time Brasil (@timebrasil) <a href=\"https:\/\/twitter.com\/timebrasil\/status\/1790849530788761627?ref_src=twsrc%5Etfw\" rel=\"noopener\">May 15, 2024<\/a><\/p><\/blockquote>\n<p>Entre os resultados que contribu\u00edram para Amanda carimbar o passaporte ol\u00edmpico est\u00e1 a classifica\u00e7\u00e3o da atleta entre as 10 primeiras colocadas na Copa do Mundo, na Tail\u00e2ndia, no m\u00eas passado.\u00a0<\/p>\n<p>A atleta niteroiense, de 28 anos, foi bronze no Mundial de 2021, quando ainda competia nos 87 kg. Como houve redu\u00e7\u00e3o do n\u00famero de categorias para a Olimp\u00edada de Paris, a atleta optou por competir nos 71 kg, na qual faturou o bronze nos Jogos Sul-Americanos de 2022. Em fevereiro deste ano, Amanda foi bronze no arranco durante o Pan-Americano da modalidade em Caracas (Venezuela), mas se lesionou na prova do arremesso, e perdeu a chance de participar da Copa do Mundo<\/p>\n<\/p><\/div>\n<p><script async src=\"\/\/platform.twitter.com\/widgets.js\" charset=\"utf-8\"><\/script><br \/>\n<br \/><br \/>\n<br \/><a href=\"https:\/\/agenciabrasil.ebc.com.br\/esportes\/noticia\/2024-05\/amanda-schott-confirma-vaga-no-levantamento-de-peso-em-paris-2024\" rel=\"noopener\">Ag\u00eancia Brasil<\/a><\/p>\n","protected":false},"excerpt":{"rendered":"<p>A delega\u00e7\u00e3o brasileira nos Jogos de Paris totalizou 220 atletas com a confirma\u00e7\u00e3o da vaga ol\u00edmpica da niteroiense Amanda Schott no levantamento de peso pela federa\u00e7\u00e3o internacional (IWF, na sigla em ingl\u00eas), nesta quarta-feira (15). Amanda, da categoria at\u00e9 71 quilos, ser\u00e1 a segunda representante do pa\u00eds na modalidade, que at\u00e9 o momento s\u00f3 conta [&hellip;]<\/p>\n","protected":false},"author":1,"featured_media":5194,"comment_status":"open","ping_status":"open","sticky":false,"template":"","format":"standard","meta":{"_jetpack_newsletter_access":"","_jetpack_dont_email_post_to_subs":false,"_jetpack_newsletter_tier_id":0,"_jetpack_memberships_contains_paywalled_content":false,"_mbp_banners":[],"_jetpack_feature_clip_id":0,"_jetpack_memberships_contains_paid_content":false,"footnotes":"","jetpack_publicize_message":"","jetpack_publicize_feature_enabled":true,"jetpack_social_post_already_shared":true,"jetpack_social_options":{"image_generator_settings":{"template":"highway","default_image_id":0,"font":"","enabled":false},"version":2},"jetpack_post_was_ever_published":false},"categories":[23],"tags":[],"class_list":["post-5193","post","type-post","status-publish","format-standard","has-post-thumbnail","category-esportes"],"jetpack_publicize_connections":[],"jetpack-related-posts":[],"jetpack_shortlink":"https:\/\/wp.me\/p7Eq1F-1lL","jetpack_sharing_enabled":true,"jetpack_featured_media_url":"https:\/\/i0.wp.com\/guialimeira.com.br\/news\/wp-content\/uploads\/2024\/05\/amanda-schott-pan_de_santiago.jpg?fit=1600%2C800&ssl=1","_links":{"self":[{"href":"https:\/\/guialimeira.com.br\/news\/wp-json\/wp\/v2\/posts\/5193","targetHints":{"allow":["GET"]}}],"collection":[{"href":"https:\/\/guialimeira.com.br\/news\/wp-json\/wp\/v2\/posts"}],"about":[{"href":"https:\/\/guialimeira.com.br\/news\/wp-json\/wp\/v2\/types\/post"}],"author":[{"embeddable":true,"href":"https:\/\/guialimeira.com.br\/news\/wp-json\/wp\/v2\/users\/1"}],"replies":[{"embeddable":true,"href":"https:\/\/guialimeira.com.br\/news\/wp-json\/wp\/v2\/comments?post=5193"}],"version-history":[{"count":0,"href":"https:\/\/guialimeira.com.br\/news\/wp-json\/wp\/v2\/posts\/5193\/revisions"}],"wp:featuredmedia":[{"embeddable":true,"href":"https:\/\/guialimeira.com.br\/news\/wp-json\/wp\/v2\/media\/5194"}],"wp:attachment":[{"href":"https:\/\/guialimeira.com.br\/news\/wp-json\/wp\/v2\/media?parent=5193"}],"wp:term":[{"taxonomy":"category","embeddable":true,"href":"https:\/\/guialimeira.com.br\/news\/wp-json\/wp\/v2\/categories?post=5193"},{"taxonomy":"post_tag","embeddable":true,"href":"https:\/\/guialimeira.com.br\/news\/wp-json\/wp\/v2\/tags?post=5193"}],"curies":[{"name":"wp","href":"https:\/\/api.w.org\/{rel}","templated":true}]}}