{"id":51902,"date":"2025-12-30T17:04:05","date_gmt":"2025-12-30T20:04:05","guid":{"rendered":"https:\/\/guialimeira.com.br\/?p=51902"},"modified":"2025-12-30T17:04:05","modified_gmt":"2025-12-30T20:04:05","slug":"forcas-de-seguranca-alinham-operacao-de-fim-de-ano-em-cordeiropolis-prefeitura-municipal-de-cordeiropolis","status":"publish","type":"post","link":"https:\/\/guialimeira.com.br\/news\/forcas-de-seguranca-alinham-operacao-de-fim-de-ano-em-cordeiropolis-prefeitura-municipal-de-cordeiropolis\/","title":{"rendered":"For\u00e7as de seguran\u00e7a alinham opera\u00e7\u00e3o de fim de ano em Cordeir\u00f3polis \u2013 Prefeitura Municipal de Cordeir\u00f3polis"},"content":{"rendered":"<p> <br \/>\n<\/p>\n<div>\n<p>Reuni\u00e3o convocada pela prefeita Cristina Saad e pelo vice-prefeito Anderson Pique, na tarde desta segunda-feira (29), definiu a opera\u00e7\u00e3o de fim de ano em Cordeir\u00f3polis das for\u00e7as de seguran\u00e7a. A partir desta ter\u00e7a (30) j\u00e1 h\u00e1 refor\u00e7o de viaturas da Pol\u00edcia Militar e da Guarda Civil Municipal (GCM). De quarta (31) at\u00e9 dia 2 (sexta), o efetivo continuar\u00e1 refor\u00e7ado.<\/p>\n<p>Participaram do encontro o secret\u00e1rio de Seguran\u00e7a P\u00fablica e Tr\u00e2nsito, Amarildo Zorzo, a diretora de Seguran\u00e7a, C\u00e1ssia de Moraes, o sargento Augusto, da PM, o secret\u00e1rio de Finan\u00e7as e Or\u00e7amento, Renato Mascarin, e os vereadores Paulo C\u00e9sar de Morais, Deize Bettin, C\u00edcero da Silva Saraiva, Rozimar Rodrigues, Vilson Caleffi, Valmir Sanches e Sidnei Gambaro.<\/p>\n<p>\u201cReunimos as for\u00e7as de seguran\u00e7a, o Legislativo e nossas equipes para tra\u00e7ar essas a\u00e7\u00f5es estrat\u00e9gicas com o objetivo de garantir que a virada de ano seja celebrada com tranquilidade pelas fam\u00edlias. \u00c9 uma opera\u00e7\u00e3o preventiva com presen\u00e7a maior das for\u00e7as policiais nas ruas de Cordeir\u00f3polis\u201d, afirmou a prefeita Cristina Saad.<\/p>\n<p>Segundo Zorzo, o trabalho ser\u00e1 direcionado principalmente aos locais com hist\u00f3rico de maior incid\u00eancia de ocorr\u00eancias e \u00e1reas tradicionalmente marcadas por perturba\u00e7\u00e3o de sossego e outras ocorr\u00eancias t\u00edpicas do per\u00edodo de fim de ano. \u201cA PM e a GCM estar\u00e3o com os efetivos dobrados. Al\u00e9m disso, a Pol\u00edcia Civil tamb\u00e9m estar\u00e1 \u00e0 disposi\u00e7\u00e3o para nos dar suporte\u201d, explicou.<\/p>\n<figure class=\"wp-block-image size-large\"><\/figure>\n<\/p><\/div>\n<p><br \/>\n<br \/><a href=\"https:\/\/www.cordeiropolis.sp.gov.br\/forcas-de-seguranca-alinham-operacao-de-fim-de-ano-em-cordeiropolis\/\" rel=\"noopener\">Informa\u00e7\u00f5es Cordeir\u00f3polis <\/a><\/p>\n","protected":false},"excerpt":{"rendered":"<p>Reuni\u00e3o convocada pela prefeita Cristina Saad e pelo vice-prefeito Anderson Pique, na tarde desta segunda-feira (29), definiu a opera\u00e7\u00e3o de fim de ano em Cordeir\u00f3polis das for\u00e7as de seguran\u00e7a. A partir desta ter\u00e7a (30) j\u00e1 h\u00e1 refor\u00e7o de viaturas da Pol\u00edcia Militar e da Guarda Civil Municipal (GCM). De quarta (31) at\u00e9 dia 2 (sexta), [&hellip;]<\/p>\n","protected":false},"author":1,"featured_media":51903,"comment_status":"open","ping_status":"open","sticky":false,"template":"","format":"standard","meta":{"_jetpack_newsletter_access":"","_jetpack_dont_email_post_to_subs":false,"_jetpack_newsletter_tier_id":0,"_jetpack_memberships_contains_paywalled_content":false,"_mbp_banners":[],"_jetpack_feature_clip_id":0,"_jetpack_memberships_contains_paid_content":false,"footnotes":"","jetpack_publicize_message":"","jetpack_publicize_feature_enabled":true,"jetpack_social_post_already_shared":true,"jetpack_social_options":{"image_generator_settings":{"template":"highway","default_image_id":0,"font":"","enabled":false},"version":2},"jetpack_post_was_ever_published":false},"categories":[20],"tags":[],"class_list":["post-51902","post","type-post","status-publish","format-standard","has-post-thumbnail","category-regiao"],"jetpack_publicize_connections":[],"jetpack-related-posts":[],"jetpack_shortlink":"https:\/\/wp.me\/p7Eq1F-dv8","jetpack_sharing_enabled":true,"jetpack_featured_media_url":"https:\/\/i0.wp.com\/guialimeira.com.br\/news\/wp-content\/uploads\/2025\/12\/Forcas-de-seguranca-alinham-operacao-de-fim-de-ano-em.jpg?fit=1024%2C577&ssl=1","_links":{"self":[{"href":"https:\/\/guialimeira.com.br\/news\/wp-json\/wp\/v2\/posts\/51902","targetHints":{"allow":["GET"]}}],"collection":[{"href":"https:\/\/guialimeira.com.br\/news\/wp-json\/wp\/v2\/posts"}],"about":[{"href":"https:\/\/guialimeira.com.br\/news\/wp-json\/wp\/v2\/types\/post"}],"author":[{"embeddable":true,"href":"https:\/\/guialimeira.com.br\/news\/wp-json\/wp\/v2\/users\/1"}],"replies":[{"embeddable":true,"href":"https:\/\/guialimeira.com.br\/news\/wp-json\/wp\/v2\/comments?post=51902"}],"version-history":[{"count":1,"href":"https:\/\/guialimeira.com.br\/news\/wp-json\/wp\/v2\/posts\/51902\/revisions"}],"predecessor-version":[{"id":51904,"href":"https:\/\/guialimeira.com.br\/news\/wp-json\/wp\/v2\/posts\/51902\/revisions\/51904"}],"wp:featuredmedia":[{"embeddable":true,"href":"https:\/\/guialimeira.com.br\/news\/wp-json\/wp\/v2\/media\/51903"}],"wp:attachment":[{"href":"https:\/\/guialimeira.com.br\/news\/wp-json\/wp\/v2\/media?parent=51902"}],"wp:term":[{"taxonomy":"category","embeddable":true,"href":"https:\/\/guialimeira.com.br\/news\/wp-json\/wp\/v2\/categories?post=51902"},{"taxonomy":"post_tag","embeddable":true,"href":"https:\/\/guialimeira.com.br\/news\/wp-json\/wp\/v2\/tags?post=51902"}],"curies":[{"name":"wp","href":"https:\/\/api.w.org\/{rel}","templated":true}]}}