{"id":51885,"date":"2025-12-30T11:57:24","date_gmt":"2025-12-30T14:57:24","guid":{"rendered":"https:\/\/guialimeira.com.br\/?p=51885"},"modified":"2025-12-30T11:57:24","modified_gmt":"2025-12-30T14:57:24","slug":"cordeiropolis-fecha-2025-com-obras-que-sairam-do-papel-r-18-milhoes-em-dividas-foram-pagos-no-ano-prefeitura-municipal-de-cordeiropolis","status":"publish","type":"post","link":"https:\/\/guialimeira.com.br\/news\/cordeiropolis-fecha-2025-com-obras-que-sairam-do-papel-r-18-milhoes-em-dividas-foram-pagos-no-ano-prefeitura-municipal-de-cordeiropolis\/","title":{"rendered":"Cordeir\u00f3polis fecha 2025 com obras que sa\u00edram do papel; R$ 18 milh\u00f5es em d\u00edvidas foram pagos no ano \u2013 Prefeitura Municipal de Cordeir\u00f3polis"},"content":{"rendered":"<p> <br \/>\n<\/p>\n<div>\n<p>Cordeir\u00f3polis vai encerrar 2025 com um saldo positivo de entregas que foram realizadas ou tiveram in\u00edcio na gest\u00e3o da prefeita Cristina Saad e do vice Anderson Hespanhol Pique. Apesar das d\u00edvidas acumuladas em R$ 30 milh\u00f5es no in\u00edcio do ano \u2013 R$ 18 milh\u00f5es foram pagos at\u00e9 novembro \u2013, v\u00e1rias obras sa\u00edram do papel no primeiro ano da atual administra\u00e7\u00e3o.<\/p>\n<p>Entre as principais a\u00e7\u00f5es est\u00e3o as obras do Anel Vi\u00e1rio, que tiveram in\u00edcio na liga\u00e7\u00e3o da Rodovia Constante Peruchi com a Av. Presidente Vargas. O trecho deve ser entregue no in\u00edcio de 2026. As obras da Unidade B\u00e1sica de Sa\u00fade (UBS) da Vila Para\u00edso tamb\u00e9m foram iniciadas neste ano. O projeto aprovado anteriormente previa contrapartida, que foi zerada pela atual gest\u00e3o.<\/p>\n<p>\u201c2025 foi um ano de organiza\u00e7\u00e3o, planejamento e coragem de enfrentar a realidade. Herdamos quase R$ 30 milh\u00f5es em d\u00edvidas e servi\u00e7os essenciais atrasados, como energia el\u00e9trica e cestas b\u00e1sicas, que resolvemos com os fornecedores. Ainda assim, trabalhamos com responsabilidade e conseguimos avan\u00e7ar, tirar projetos do papel e melhorar \u00e1reas essenciais\u201d, afirmou Cristina.<\/p>\n<p>A prefeita destacou ainda a entrega da nova creche da Vila Botion, o CEI Bento Avelino Lordello, e a implanta\u00e7\u00e3o da nova sede do Bem-Estar Animal, onde os gatos tutelados pelo departamento s\u00e3o atendidos. O prolongamento duplicado da Avenida Aristeu Marcicano, fruto de uma parceria da prefeitura com a iniciativa privada, foi uma das \u00faltimas entregas do ano.<\/p>\n<p>\u201cFizemos melhorias nos bairros, como a recupera\u00e7\u00e3o das pra\u00e7as do Bela Vista e dos Corretores de Seguros, que ganharam nova ilumina\u00e7\u00e3o. Um problema hist\u00f3rico da Rua Jos\u00e9 Moreira foi resolvido. Sem falar nas filas zeradas de exames, pequenas cirurgias e de entrega de \u00f3culos e de aparelhos auditivos\u201d, mencionou a chefe do Executivo.<\/p>\n<p>Tamb\u00e9m est\u00e3o em execu\u00e7\u00e3o a reforma dos Centros de Educa\u00e7\u00e3o Infantil Lilia e Milton e a constru\u00e7\u00e3o da quadra poliesportiva do Jardim Cordeiro. No campo educacional, houve fortalecimento da forma\u00e7\u00e3o pedag\u00f3gica das equipes escolares e a implanta\u00e7\u00e3o do Cursinho Pr\u00e9-Vestibular Eleva, entre outras iniciativas.<\/p>\n<p>Pique enfatizou as a\u00e7\u00f5es de desenvolvimento econ\u00f4mico, como o feir\u00e3o de empregos e a amplia\u00e7\u00e3o dos cursos profissionalizantes. \u201cTemos dialogado com as empresas, aproximando esse contato, para incentivar os investimentos em nossa cidade e atrair novos empreendedores\u201d, pontuou o vice-prefeito.<\/p>\n<p>Cristina e Pique estiveram em Bras\u00edlia e em S\u00e3o Paulo ao longo do ano em busca de recursos. Um dos resultados dessas articula\u00e7\u00f5es foi a vinda do projeto de castra\u00e7\u00e3o do deputado estadual Rafael Saraiva. Ele destinou uma emenda para a compra de um carro funer\u00e1rio e incluiu o munic\u00edpio em outro projeto de castra\u00e7\u00e3o para 2026 \u2013 a\u00e7\u00e3o que teve participa\u00e7\u00e3o, tamb\u00e9m, do deputado F\u00e1bio Faria de S\u00e1.<\/p>\n<p>\u201cEm 2025, conquistamos cerca de R$ 6 milh\u00f5es em emendas e recursos federais e estaduais, que foram destinados a sa\u00fade, infraestrutura, esporte, seguran\u00e7a e meio ambiente. Al\u00e9m disso, muitos recursos estavam garantidos, mas os projetos parados, o que tamb\u00e9m destravamos atrav\u00e9s das secretarias e do N\u00facleo de A\u00e7\u00f5es Estrat\u00e9gias, o NAE\u201d, destacou Cristina.<\/p>\n<p>\u201cTodos v\u00e3o se lembrar de como encontramos Cordeir\u00f3polis em 1\u00ba de janeiro de 2025. N\u00e3o ficamos parados. Ao lado de uma equipe forte e comprometida, colocamos a casa em ordem, planejamos e fizemos. Temos certeza de que 2026 ser\u00e1 um ano de mais avan\u00e7os para nossa cidade, pois continuaremos trabalhando, todos os dias, pelo bem do nosso povo\u201d, finalizaram Cristina e Pique.<\/p>\n<p><strong>Texto e foto: Douglas Oliveira\/Prefeitura de Cordeir\u00f3polis<\/strong><\/p>\n<\/p><\/div>\n<p><br \/>\n<br \/><a href=\"https:\/\/www.cordeiropolis.sp.gov.br\/cordeiropolis-fecha-2025-com-obras-que-sairam-do-papel-r-18-milhoes-em-dividas-foram-pagos-no-ano\/\" rel=\"noopener\">Informa\u00e7\u00f5es Cordeir\u00f3polis <\/a><\/p>\n","protected":false},"excerpt":{"rendered":"<p>Cordeir\u00f3polis vai encerrar 2025 com um saldo positivo de entregas que foram realizadas ou tiveram in\u00edcio na gest\u00e3o da prefeita Cristina Saad e do vice Anderson Hespanhol Pique. Apesar das d\u00edvidas acumuladas em R$ 30 milh\u00f5es no in\u00edcio do ano \u2013 R$ 18 milh\u00f5es foram pagos at\u00e9 novembro \u2013, v\u00e1rias obras sa\u00edram do papel no [&hellip;]<\/p>\n","protected":false},"author":1,"featured_media":0,"comment_status":"open","ping_status":"open","sticky":false,"template":"","format":"standard","meta":{"_jetpack_newsletter_access":"","_jetpack_dont_email_post_to_subs":false,"_jetpack_newsletter_tier_id":0,"_jetpack_memberships_contains_paywalled_content":false,"_mbp_banners":[],"_jetpack_feature_clip_id":0,"_jetpack_memberships_contains_paid_content":false,"footnotes":"","jetpack_publicize_message":"","jetpack_publicize_feature_enabled":true,"jetpack_social_post_already_shared":true,"jetpack_social_options":{"image_generator_settings":{"template":"highway","default_image_id":0,"font":"","enabled":false},"version":2},"jetpack_post_was_ever_published":false},"categories":[20],"tags":[],"class_list":["post-51885","post","type-post","status-publish","format-standard","category-regiao"],"jetpack_publicize_connections":[],"jetpack-related-posts":[],"jetpack_shortlink":"https:\/\/wp.me\/p7Eq1F-duR","jetpack_sharing_enabled":true,"jetpack_featured_media_url":"","_links":{"self":[{"href":"https:\/\/guialimeira.com.br\/news\/wp-json\/wp\/v2\/posts\/51885","targetHints":{"allow":["GET"]}}],"collection":[{"href":"https:\/\/guialimeira.com.br\/news\/wp-json\/wp\/v2\/posts"}],"about":[{"href":"https:\/\/guialimeira.com.br\/news\/wp-json\/wp\/v2\/types\/post"}],"author":[{"embeddable":true,"href":"https:\/\/guialimeira.com.br\/news\/wp-json\/wp\/v2\/users\/1"}],"replies":[{"embeddable":true,"href":"https:\/\/guialimeira.com.br\/news\/wp-json\/wp\/v2\/comments?post=51885"}],"version-history":[{"count":1,"href":"https:\/\/guialimeira.com.br\/news\/wp-json\/wp\/v2\/posts\/51885\/revisions"}],"predecessor-version":[{"id":51886,"href":"https:\/\/guialimeira.com.br\/news\/wp-json\/wp\/v2\/posts\/51885\/revisions\/51886"}],"wp:attachment":[{"href":"https:\/\/guialimeira.com.br\/news\/wp-json\/wp\/v2\/media?parent=51885"}],"wp:term":[{"taxonomy":"category","embeddable":true,"href":"https:\/\/guialimeira.com.br\/news\/wp-json\/wp\/v2\/categories?post=51885"},{"taxonomy":"post_tag","embeddable":true,"href":"https:\/\/guialimeira.com.br\/news\/wp-json\/wp\/v2\/tags?post=51885"}],"curies":[{"name":"wp","href":"https:\/\/api.w.org\/{rel}","templated":true}]}}