{"id":51836,"date":"2025-12-29T12:23:19","date_gmt":"2025-12-29T15:23:19","guid":{"rendered":"https:\/\/guialimeira.com.br\/?p=51836"},"modified":"2025-12-29T12:23:19","modified_gmt":"2025-12-29T15:23:19","slug":"feriados-de-fim-de-ano-alteram-servicos-municipais-prefeitura-municipal-de-cordeiropolis","status":"publish","type":"post","link":"https:\/\/guialimeira.com.br\/news\/feriados-de-fim-de-ano-alteram-servicos-municipais-prefeitura-municipal-de-cordeiropolis\/","title":{"rendered":"Feriados de fim de ano alteram servi\u00e7os municipais \u2013 Prefeitura Municipal de Cordeir\u00f3polis"},"content":{"rendered":"<p> <br \/>\n<\/p>\n<div>\n<p>Os servi\u00e7os municipais de Cordeir\u00f3polis sofrem altera\u00e7\u00e3o no funcionamento durante os feriados de Natal (25 de dezembro) e Ano-Novo (1\u00ba de janeiro). Decreto assinado pela prefeita Cristina Saad determinou ponto facultativo nos dias 24 e 31, v\u00e9speras dos feriados de fim de ano. Confira o que abre e fecha nesses dias:<\/p>\n<p>PREFEITURA DE CORDEIR\u00d3POLIS:<br \/>24\/12: fechada<br \/>25\/12: fechada<br \/>26\/12: fechada<br \/>31\/12: fechada<br \/>01\/01: fechada<br \/>02\/01: fechada<\/p>\n<p>PAT (Posto de Atendimento ao Trabalhador)<br \/>24\/12: fechado<br \/>25\/12: fechado<br \/>26\/12: fechado<br \/>31\/12: fechado<br \/>01\/01: fechado<br \/>02\/01: fechado<\/p>\n<p>PROCON:<br \/>24\/12: fechado<br \/>25\/12: fechado<br \/>26\/12: fechado<br \/>31\/12: fechado<br \/>01\/01: fechado<br \/>02\/01: fechado<\/p>\n<p>COLETA DE LIXO:<br \/>24\/12: funcionamento normal<br \/>25\/12: n\u00e3o funcionar\u00e1<br \/>26\/12: funcionamento normal<br \/>31\/12: funcionamento normal<br \/>01\/01: n\u00e3o funcionar\u00e1<br \/>02\/01: funcionamento normal<\/p>\n<p>LAGO UNI\u00c3O:<br \/>24\/12: fechado<br \/>25\/12: fechado<br \/>26\/12: reabre \u00e0s 8h<br \/>31\/12: fechado<br \/>01\/01: fechado<br \/>02\/01: reabre \u00e0s 8h<\/p>\n<p>CENTRO DE LAZER:<br \/>24\/12: fechado<br \/>25\/12: fechado<br \/>26\/12: reabre \u00e0s 13h<br \/>31\/12: fechado<br \/>01\/01: fechado<br \/>02\/01: reabre \u00e0s 13h<\/p>\n<p>CENTRAL DE ATENDIMENTO DA PREFEITURA:<br \/>24\/12: n\u00e3o haver\u00e1 atendimento<br \/>(DETRAN E PRODESP aberto at\u00e9 as 12h)<br \/>25\/12: fechado<br \/>26\/12: n\u00e3o haver\u00e1 atendimento (DETRAN E PRODESP funcionamento normal)<br \/>27\/12: fechado<br \/>31\/12: fechado<br \/>01\/01: fechado<br \/>02\/01: n\u00e3o haver\u00e1 atendimento (DETRAN E PRODESP funcionamento normal)<br \/>03\/01: fechado<\/p>\n<p>POSTOS DE SA\u00daDE:<br \/>24\/12: fechados<br \/>25\/12: fechados<br \/>26\/12: fechados<br \/>31\/12: fechados<br \/>01\/01: fechados<br \/>02\/01: fechados<\/p>\n<p>UPA: Funcionamento 24 horas<\/p>\n<\/p><\/div>\n<p><br \/>\n<br \/><a href=\"https:\/\/www.cordeiropolis.sp.gov.br\/feriados-de-fim-de-ano-alteram-servicos-municipais\/\" rel=\"noopener\">Informa\u00e7\u00f5es Cordeir\u00f3polis <\/a><\/p>\n","protected":false},"excerpt":{"rendered":"<p>Os servi\u00e7os municipais de Cordeir\u00f3polis sofrem altera\u00e7\u00e3o no funcionamento durante os feriados de Natal (25 de dezembro) e Ano-Novo (1\u00ba de janeiro). Decreto assinado pela prefeita Cristina Saad determinou ponto facultativo nos dias 24 e 31, v\u00e9speras dos feriados de fim de ano. Confira o que abre e fecha nesses dias: PREFEITURA DE CORDEIR\u00d3POLIS:24\/12: fechada25\/12: [&hellip;]<\/p>\n","protected":false},"author":1,"featured_media":0,"comment_status":"open","ping_status":"open","sticky":false,"template":"","format":"standard","meta":{"_jetpack_newsletter_access":"","_jetpack_dont_email_post_to_subs":false,"_jetpack_newsletter_tier_id":0,"_jetpack_memberships_contains_paywalled_content":false,"_mbp_banners":[],"_jetpack_feature_clip_id":0,"_jetpack_memberships_contains_paid_content":false,"footnotes":"","jetpack_publicize_message":"","jetpack_publicize_feature_enabled":true,"jetpack_social_post_already_shared":true,"jetpack_social_options":{"image_generator_settings":{"template":"highway","default_image_id":0,"font":"","enabled":false},"version":2},"jetpack_post_was_ever_published":false},"categories":[20],"tags":[],"class_list":["post-51836","post","type-post","status-publish","format-standard","category-regiao"],"jetpack_publicize_connections":[],"jetpack-related-posts":[],"jetpack_shortlink":"https:\/\/wp.me\/p7Eq1F-du4","jetpack_sharing_enabled":true,"jetpack_featured_media_url":"","_links":{"self":[{"href":"https:\/\/guialimeira.com.br\/news\/wp-json\/wp\/v2\/posts\/51836","targetHints":{"allow":["GET"]}}],"collection":[{"href":"https:\/\/guialimeira.com.br\/news\/wp-json\/wp\/v2\/posts"}],"about":[{"href":"https:\/\/guialimeira.com.br\/news\/wp-json\/wp\/v2\/types\/post"}],"author":[{"embeddable":true,"href":"https:\/\/guialimeira.com.br\/news\/wp-json\/wp\/v2\/users\/1"}],"replies":[{"embeddable":true,"href":"https:\/\/guialimeira.com.br\/news\/wp-json\/wp\/v2\/comments?post=51836"}],"version-history":[{"count":1,"href":"https:\/\/guialimeira.com.br\/news\/wp-json\/wp\/v2\/posts\/51836\/revisions"}],"predecessor-version":[{"id":51837,"href":"https:\/\/guialimeira.com.br\/news\/wp-json\/wp\/v2\/posts\/51836\/revisions\/51837"}],"wp:attachment":[{"href":"https:\/\/guialimeira.com.br\/news\/wp-json\/wp\/v2\/media?parent=51836"}],"wp:term":[{"taxonomy":"category","embeddable":true,"href":"https:\/\/guialimeira.com.br\/news\/wp-json\/wp\/v2\/categories?post=51836"},{"taxonomy":"post_tag","embeddable":true,"href":"https:\/\/guialimeira.com.br\/news\/wp-json\/wp\/v2\/tags?post=51836"}],"curies":[{"name":"wp","href":"https:\/\/api.w.org\/{rel}","templated":true}]}}