{"id":5182,"date":"2024-05-15T21:24:08","date_gmt":"2024-05-16T00:24:08","guid":{"rendered":"https:\/\/guialimeira.com.br\/2024\/05\/15\/governo-de-sp-amplia-rede-de-educacao-infantil-com-nova-creche-escola-em-tatui\/"},"modified":"2024-05-15T21:24:08","modified_gmt":"2024-05-16T00:24:08","slug":"governo-de-sp-amplia-rede-de-educacao-infantil-com-nova-creche-escola-em-tatui","status":"publish","type":"post","link":"https:\/\/guialimeira.com.br\/news\/governo-de-sp-amplia-rede-de-educacao-infantil-com-nova-creche-escola-em-tatui\/","title":{"rendered":"Governo de SP amplia rede de educa\u00e7\u00e3o infantil com nova Creche Escola em Tatu\u00ed"},"content":{"rendered":"<p> <br \/>\n<\/p>\n<div id=\"\">&#13;<br \/>\n                                <!-- Title -->&#13;<br \/>\n                                &#13;<br \/>\n&#13;<br \/>\n                                <!-- Excerpt -->&#13;<\/p>\n<p class=\"excerpt\">Ampliar a rede de educa\u00e7\u00e3o infantil e dar apoio para que as fam\u00edlias consigam cuidar dos filhos pequenos e permanecer no mercado de trabalho \u00e9 um compromisso da atual gest\u00e3o. [\u2026]<\/p>\n<p>&#13;<br \/>\n&#13;<br \/>\n                                &#13;\n                            <\/p><\/div>\n<div id=\"\">&#13;<\/p>\n<figure id=\"attachment_5885362\" style=\"width: 100%;max-width: 772px\" class=\"wp-caption alignnone\"><img data-recalc-dims=\"1\" decoding=\"async\" loading=\"lazy\" class=\"wp-image-5885362\" src=\"https:\/\/i0.wp.com\/www.saopaulo.sp.gov.br\/wp-content\/uploads\/2024\/05\/Creche-em-Tatui-300x225.jpg?resize=696%2C522&#038;ssl=1\" alt=\"Vis\u00e3o a\u00e9rea de escola\" width=\"696\" height=\"522\" srcset=\"https:\/\/www.saopaulo.sp.gov.br\/wp-content\/uploads\/2024\/05\/Creche-em-Tatui-300x225.jpg 300w, https:\/\/www.saopaulo.sp.gov.br\/wp-content\/uploads\/2024\/05\/Creche-em-Tatui-1024x768.jpg 1024w, https:\/\/www.saopaulo.sp.gov.br\/wp-content\/uploads\/2024\/05\/Creche-em-Tatui-768x576.jpg 768w, https:\/\/www.saopaulo.sp.gov.br\/wp-content\/uploads\/2024\/05\/Creche-em-Tatui-1536x1152.jpg 1536w, https:\/\/www.saopaulo.sp.gov.br\/wp-content\/uploads\/2024\/05\/Creche-em-Tatui.jpg 2048w\" sizes=\"auto, (max-width: 772px) 100vw, 772px\"\/><figcaption class=\"wp-caption-text\">Creche em Tatui<\/figcaption><\/figure>\n<p><a href=\"https:\/\/www.saopaulo.sp.gov.br\/spnoticias\/ultimas-noticias\/governo-de-sp-investe-r729-mi-e-amplia-vagas-em-creches-e-oportunidades-para-maes\/?_ga=2.211344149.1299142939.1715622566-236511247.1715031818&amp;_gl=1*117kbl9*_ga*MjM2NTExMjQ3LjE3MTUwMzE4MTg.*_ga_5TZ30VM1LT*MTcxNTc5MjY4OS42LjEuMTcxNTgxMzQwMS40Mi4wLjA.\" rel=\"noopener\">Ampliar a rede de educa\u00e7\u00e3o infantil e dar apoio para que as fam\u00edlias consigam cuidar dos filhos pequenos<\/a> e permanecer no mercado de trabalho \u00e9 um compromisso da atual gest\u00e3o. Nesta quarta-feira (15), o governador em exerc\u00edcio Felicio Ramuth inaugurou em Tatu\u00ed, interior do estado, mais uma unidade do Programa Creche Escola em S\u00e3o Paulo. O investimento na a\u00e7\u00e3o foi de R$3,6 milh\u00f5es.<\/p>\n<p>\u201cQuando a gente est\u00e1 falando de creche \u00e9 um momento mais do que especial. Todos os estudos mostram que do zero aos tr\u00eas anos \u00e9 o melhor momento para o desenvolvimento cognitivo e para a sociabiliza\u00e7\u00e3o. \u00c9 aqui que se inicia a forma\u00e7\u00e3o do que aquela crian\u00e7a vai ser no futuro\u201d, afirmou o governador em exerc\u00edcio.<\/p>\n<p>\u201cE quando a gente oportuniza o maior n\u00famero de creches para o maior n\u00famero de crian\u00e7as a gente est\u00e1 sendo justo com as crian\u00e7as e com as fam\u00edlias\u201d, afirmou Felicio, que antes de entregar a unidade visitou Tatu\u00ed e a empresa do setor de alimentos Marquesplan, que gera emprego no munic\u00edpio.<\/p>\n<p>A cerim\u00f4nia de inaugura\u00e7\u00e3o contou com a presen\u00e7a do presidente da Funda\u00e7\u00e3o para o Desenvolvimento da Educa\u00e7\u00e3o (FDE), Jean Pierre Neto, da dirigente regional de ensino da regi\u00e3o de Itapetininga, professora Elizete Ribeiro Ponsi Petelinkar, parlamentares estaduais, municipais, gestores , entidades, membros das for\u00e7as de seguran\u00e7a e da sociedade civil.<\/p>\n<p>A Escola Municipal de Educa\u00e7\u00e3o Infantil (EMEI) Professora Leila Salum Menezes da Silva teve a constru\u00e7\u00e3o custeada pela Secretaria da Educa\u00e7\u00e3o do Estado de S\u00e3o Paulo (Seduc-SP) em parceria com a prefeitura. A unidade \u00e9 equipada com salas pedag\u00f3gicas, ber\u00e7\u00e1rios com frald\u00e1rio e lact\u00e1rio, secretaria, refeit\u00f3rio, banheiros e \u00e1rea de servi\u00e7o. As constru\u00e7\u00f5es tamb\u00e9m respeitam todas as normas de seguran\u00e7a e de acessibilidade.<\/p>\n<p>\u201cCom as creches dispon\u00edveis at\u00e9 o momento, o Governo de SP j\u00e1 criou 5.000 vagas para crian\u00e7as em todo o estado. Atualmente, h\u00e1 94 unidades em obras e outras 25 previstas. Seguimos firmes no nosso compromisso de apoiar os munic\u00edpios na oferta de infraestrutura escolar de qualidade para a Educa\u00e7\u00e3o Infantil. Criaremos ainda mais nos pr\u00f3ximos anos\u201d, ressaltou o presidente da Funda\u00e7\u00e3o para o Desenvolvimento da Educa\u00e7\u00e3o (FDE), Jean Pierre Neto.<\/p>\n<p>Mais cedo, em Mogi Mirim, acompanhado do secret\u00e1rio de Agricultura e Abastecimento Guilherme Piai, Felicio Ramuth acompanhou a inaugura\u00e7\u00e3o do novo laborat\u00f3rio do Centro de Pesquisa Integrada da CortevaAgriscience. A empresa americana investiu R$ 23 milh\u00f5es na sua nova unidade em S\u00e3o Paulo.<\/p>\n<figure id=\"attachment_5885363\" style=\"width: 100%;max-width: 772px\" class=\"wp-caption alignnone\"><img data-recalc-dims=\"1\" decoding=\"async\" loading=\"lazy\" class=\"wp-image-5885363\" src=\"https:\/\/i0.wp.com\/www.saopaulo.sp.gov.br\/wp-content\/uploads\/2024\/05\/Visita-a-Mogi-300x216.jpg?resize=696%2C502&#038;ssl=1\" alt=\"\" width=\"696\" height=\"502\" srcset=\"https:\/\/www.saopaulo.sp.gov.br\/wp-content\/uploads\/2024\/05\/Visita-a-Mogi-300x216.jpg 300w, https:\/\/www.saopaulo.sp.gov.br\/wp-content\/uploads\/2024\/05\/Visita-a-Mogi-1024x739.jpg 1024w, https:\/\/www.saopaulo.sp.gov.br\/wp-content\/uploads\/2024\/05\/Visita-a-Mogi-768x554.jpg 768w, https:\/\/www.saopaulo.sp.gov.br\/wp-content\/uploads\/2024\/05\/Visita-a-Mogi-1536x1108.jpg 1536w, https:\/\/www.saopaulo.sp.gov.br\/wp-content\/uploads\/2024\/05\/Visita-a-Mogi.jpg 2048w\" sizes=\"auto, (max-width: 772px) 100vw, 772px\"\/><figcaption class=\"wp-caption-text\">Visita a Mogi<\/figcaption><\/figure>\n<p><strong>Programa Creche Escola <\/strong><\/p>\n<p>Desde o in\u00edcio da atual gest\u00e3o, em 2023, a gest\u00e3o Tarc\u00edsio de Freitas entregou 39 unidades do Programa Creche Escola. Foram geradas 5 mil novas vagas e investidos R$ 78,2 milh\u00f5es. Com o programa, o governo estadual expande o atendimento de educa\u00e7\u00e3o infantil em localidades com maior vulnerabilidade social.<\/p>\n<p>Para a viabilizar uma unidade pelo programa estadual, os munic\u00edpios interessados assinam um termo de compromisso com o governo de S\u00e3o Paulo, por meio da Secretaria de Educa\u00e7\u00e3o. \u00c0 secretaria, entre outras a\u00e7\u00f5es, cabe a elabora\u00e7\u00e3o do projeto, al\u00e9m de vistorias mensais de acompanhamento e cumprimento do cronograma f\u00edsico-financeiro.<\/p>\n<\/p><\/div>\n<p><br \/>\n<br \/><a href=\"https:\/\/www.saopaulo.sp.gov.br\/spnoticias\/ultimas-noticias\/governo-de-sp-amplia-rede-de-educacao-infantil-com-nova-creche-escola-em-tatui\/\" rel=\"noopener\">Informa\u00e7\u00f5es GOV.SP<\/a><\/p>\n","protected":false},"excerpt":{"rendered":"<p>&#13; &#13; &#13; &#13; &#13; Ampliar a rede de educa\u00e7\u00e3o infantil e dar apoio para que as fam\u00edlias consigam cuidar dos filhos pequenos e permanecer no mercado de trabalho \u00e9 um compromisso da atual gest\u00e3o. [\u2026] &#13; &#13; &#13; &#13; Creche em Tatui Ampliar a rede de educa\u00e7\u00e3o infantil e dar apoio para que as [&hellip;]<\/p>\n","protected":false},"author":1,"featured_media":5183,"comment_status":"open","ping_status":"open","sticky":false,"template":"","format":"standard","meta":{"_jetpack_newsletter_access":"","_jetpack_dont_email_post_to_subs":false,"_jetpack_newsletter_tier_id":0,"_jetpack_memberships_contains_paywalled_content":false,"_mbp_banners":[],"_jetpack_feature_clip_id":0,"_jetpack_memberships_contains_paid_content":false,"footnotes":"","jetpack_publicize_message":"","jetpack_publicize_feature_enabled":true,"jetpack_social_post_already_shared":true,"jetpack_social_options":{"image_generator_settings":{"template":"highway","default_image_id":0,"font":"","enabled":false},"version":2},"jetpack_post_was_ever_published":false},"categories":[21],"tags":[],"class_list":["post-5182","post","type-post","status-publish","format-standard","has-post-thumbnail","category-sp-news"],"jetpack_publicize_connections":[],"jetpack-related-posts":[],"jetpack_shortlink":"https:\/\/wp.me\/p7Eq1F-1lA","jetpack_sharing_enabled":true,"jetpack_featured_media_url":"https:\/\/i0.wp.com\/guialimeira.com.br\/news\/wp-content\/uploads\/2024\/05\/Governo-de-SP-amplia-rede-de-educacao-infantil-com-nova.jpg?fit=300%2C225&ssl=1","_links":{"self":[{"href":"https:\/\/guialimeira.com.br\/news\/wp-json\/wp\/v2\/posts\/5182","targetHints":{"allow":["GET"]}}],"collection":[{"href":"https:\/\/guialimeira.com.br\/news\/wp-json\/wp\/v2\/posts"}],"about":[{"href":"https:\/\/guialimeira.com.br\/news\/wp-json\/wp\/v2\/types\/post"}],"author":[{"embeddable":true,"href":"https:\/\/guialimeira.com.br\/news\/wp-json\/wp\/v2\/users\/1"}],"replies":[{"embeddable":true,"href":"https:\/\/guialimeira.com.br\/news\/wp-json\/wp\/v2\/comments?post=5182"}],"version-history":[{"count":0,"href":"https:\/\/guialimeira.com.br\/news\/wp-json\/wp\/v2\/posts\/5182\/revisions"}],"wp:featuredmedia":[{"embeddable":true,"href":"https:\/\/guialimeira.com.br\/news\/wp-json\/wp\/v2\/media\/5183"}],"wp:attachment":[{"href":"https:\/\/guialimeira.com.br\/news\/wp-json\/wp\/v2\/media?parent=5182"}],"wp:term":[{"taxonomy":"category","embeddable":true,"href":"https:\/\/guialimeira.com.br\/news\/wp-json\/wp\/v2\/categories?post=5182"},{"taxonomy":"post_tag","embeddable":true,"href":"https:\/\/guialimeira.com.br\/news\/wp-json\/wp\/v2\/tags?post=5182"}],"curies":[{"name":"wp","href":"https:\/\/api.w.org\/{rel}","templated":true}]}}