{"id":5171,"date":"2024-05-15T20:22:57","date_gmt":"2024-05-15T23:22:57","guid":{"rendered":"https:\/\/guialimeira.com.br\/2024\/05\/15\/tarcisio-participa-de-paineis-nos-eua-para-discutir-investimentos-privados-em-sao-paulo\/"},"modified":"2024-05-15T20:22:57","modified_gmt":"2024-05-15T23:22:57","slug":"tarcisio-participa-de-paineis-nos-eua-para-discutir-investimentos-privados-em-sao-paulo","status":"publish","type":"post","link":"https:\/\/guialimeira.com.br\/news\/tarcisio-participa-de-paineis-nos-eua-para-discutir-investimentos-privados-em-sao-paulo\/","title":{"rendered":"Tarc\u00edsio participa de pain\u00e9is nos EUA para discutir investimentos privados em S\u00e3o Paulo"},"content":{"rendered":"<p> <br \/>\n<\/p>\n<div id=\"\">&#13;<br \/>\n                                <!-- Title -->&#13;<br \/>\n                                &#13;<br \/>\n&#13;<br \/>\n                                <!-- Excerpt -->&#13;<\/p>\n<p class=\"excerpt\">Carteira de projetos foi debatida em eventos com empres\u00e1rios e investidores globais em Nova York<\/p>\n<p>&#13;<br \/>\n&#13;<br \/>\n                                &#13;\n                            <\/p><\/div>\n<div id=\"\">&#13;<\/p>\n<figure id=\"attachment_5885338\" style=\"width: 100%;max-width: 772px\" class=\"wp-caption alignnone\"><img data-recalc-dims=\"1\" decoding=\"async\" loading=\"lazy\" class=\"wp-image-5885338\" src=\"https:\/\/i0.wp.com\/www.saopaulo.sp.gov.br\/wp-content\/uploads\/2024\/05\/Tarcisio-de-Freitas-em-NY-300x204.jpg?resize=696%2C472&#038;ssl=1\" alt=\"Tarc\u00edsio em evento nos EUA\" width=\"696\" height=\"472\" srcset=\"https:\/\/www.saopaulo.sp.gov.br\/wp-content\/uploads\/2024\/05\/Tarcisio-de-Freitas-em-NY-300x204.jpg 300w, https:\/\/www.saopaulo.sp.gov.br\/wp-content\/uploads\/2024\/05\/Tarcisio-de-Freitas-em-NY-1024x696.jpg 1024w, https:\/\/www.saopaulo.sp.gov.br\/wp-content\/uploads\/2024\/05\/Tarcisio-de-Freitas-em-NY-100x69.jpg 100w, https:\/\/www.saopaulo.sp.gov.br\/wp-content\/uploads\/2024\/05\/Tarcisio-de-Freitas-em-NY-768x522.jpg 768w, https:\/\/www.saopaulo.sp.gov.br\/wp-content\/uploads\/2024\/05\/Tarcisio-de-Freitas-em-NY-1536x1043.jpg 1536w, https:\/\/www.saopaulo.sp.gov.br\/wp-content\/uploads\/2024\/05\/Tarcisio-de-Freitas-em-NY.jpg 2048w\" sizes=\"auto, (max-width: 772px) 100vw, 772px\"\/><figcaption class=\"wp-caption-text\">Governador participou de evento para apresentar iniciativas de S\u00e3o Paulo<\/figcaption><\/figure>\n<p>No terceiro dia do roadshow do Governo de S\u00e3o Paulo para apresentar os principais projetos de infraestrutura, saneamento, log\u00edstica e mobilidade do Estado, o governador Tarc\u00edsio de Freitas mostrou iniciativas a executivos de fundos globais de investimentos na confer\u00eancia \u201cBrazil &amp; World Economy\u201d, promovida pelo BTG Pactual, nesta quarta-feira (15).<\/p>\n<p>Tarc\u00edsio foi um dos debatedores do painel \u201cOportunidades e Desafios no Brasil\u201d, em Nova York, nos Estados Unidos, e detalhou o portf\u00f3lio do programa paulista de parcerias, concess\u00f5es e desestatiza\u00e7\u00f5es, que j\u00e1 conta com 20 iniciativas qualificadas e 44 leil\u00f5es previstos.<\/p>\n<p>\u201cEstamos falando de uma carteira de investimentos que vai passar dos R$ 200 bilh\u00f5es, com projetos inovadores de saneamento, mobilidade, rodovias e sociais. Por isso, estamos estruturando o estado do ponto de vista fiscal e administrativo para ampliar nossa capacidade de investimento gerando um ganho de produtividade\u201d, afirmou o governador<\/p>\n<p>Ainda nesta quarta-feira (15), Tarc\u00edsio de Freitas participou, junto a outras autoridades nacionais, do Summit Brasil-USA, promovido pelo Valor Econ\u00f4mico. Na ocasi\u00e3o, o governador atualizou os investidores sobre o <a href=\"https:\/\/www.saopaulo.sp.gov.br\/spnoticias\/ultimas-noticias\/desestatizacao-da-sabesp-e-destaque-no-primeiro-dia-da-missao-paulista-em-nova-iorque\/?_ga=2.177992485.1299142939.1715622566-236511247.1715031818&amp;_gl=1*1i737jz*_ga*MjM2NTExMjQ3LjE3MTUwMzE4MTg.*_ga_5TZ30VM1LT*MTcxNTc5MjY4OS42LjEuMTcxNTgxMTU3OS42LjAuMA..\" rel=\"noopener\">andamento do projeto de desestatiza\u00e7\u00e3o da Companhia de Saneamento B\u00e1sico do Estado de S\u00e3o Paulo \u2013 Sabesp<\/a>.<\/p>\n<p>A pr\u00f3xima etapa do processo ser\u00e1 a reuni\u00e3o do Conselho Deliberativo da Unidade de Regional de Servi\u00e7os de Abastecimento de \u00c1gua Pot\u00e1vel e Esgotamento Sanit\u00e1rio Sudeste (URAE-1), na pr\u00f3xima semana. A expectativa da gest\u00e3o \u00e9 que a oferta p\u00fablica de a\u00e7\u00f5es da companhia seja aberta ainda neste trimestre.<\/p>\n<p>\u201cTemos um programa muito ambicioso de infraestrutura e estamos levando ele a termo. Fizemos o leil\u00e3o do Rodoanel, do Lote Litoral, do Trem Intercidades Campinas-S\u00e3o Paulo e estamos estruturando os pr\u00f3ximos. Estamos procurando trazer o m\u00e1ximo de investimentos poss\u00edveis e, para isso, fazemos todo esfor\u00e7o para eliminar a burocracia e atrair os investidores\u201d, disse Tarc\u00edsio durante o Summit Brasil-USA.<\/p>\n<p>O governador encerra a miss\u00e3o internacional nesta quinta-feira (16) na confer\u00eancia do Ita\u00fa BBA Latin Am\u00e9rica. Na ocasi\u00e3o, Tarc\u00edsio apresentar\u00e1 as oportunidades de investimentos no estado a cerca de 30 investidores e representantes de grupos privados.<\/p>\n<p><strong>A experi\u00eancia de S\u00e3o Sebasti\u00e3o<\/strong><\/p>\n<p>Durante a primeira agenda do dia, o governador Tarc\u00edsio de Freitas foi questionado sobre resili\u00eancia ambiental e os impactos dos eventos clim\u00e1ticos extremos na gest\u00e3o p\u00fablica. O chefe do Executivo paulista ressaltou que as mudan\u00e7as clim\u00e1ticas s\u00e3o uma realidade e que compete aos governos elaborar projetos e pol\u00edticas capazes de suplantar os desafios impostos por esses eventos extremos.<\/p>\n<p>Tarc\u00edsio relembrou algumas medidas adotadas pela gest\u00e3o paulista em S\u00e3o Sebasti\u00e3o, no litoral norte, ap\u00f3s o desastre de 2023. Foram realizadas obras de conten\u00e7\u00e3o, drenagem, desassoreamento, al\u00e9m da instala\u00e7\u00e3o de novos radares meteorol\u00f3gicos, sirenes e de plano de emerg\u00eancia em situa\u00e7\u00f5es de emerg\u00eancia. O governador tamb\u00e9m destacou a mudan\u00e7a da pol\u00edtica habitacional do estado, voltada agora \u00e0 remo\u00e7\u00e3o de pessoas de \u00e1rea de risco. \u201cEstamos com a maior pol\u00edtica habitacional da hist\u00f3ria de S\u00e3o Paulo. O Estado, que fazia cerca de 30 mil habita\u00e7\u00f5es a cada quatro anos, vai construir 260 mil unidades habitacionais nesse per\u00edodo. Nosso foco \u00e9 retirar as pessoas de encostas e \u00e1reas v\u00e1rzeas, mitigando riscos diante de eventos extremos\u201d, concluiu.<\/p>\n<figure id=\"attachment_5885341\" style=\"width: 100%;max-width: 772px\" class=\"wp-caption alignnone\"><img data-recalc-dims=\"1\" decoding=\"async\" loading=\"lazy\" class=\"wp-image-5885341\" src=\"https:\/\/i0.wp.com\/www.saopaulo.sp.gov.br\/wp-content\/uploads\/2024\/05\/Tarcisio-falou-para-executivos-300x158.jpg?resize=696%2C366&#038;ssl=1\" alt=\"\" width=\"696\" height=\"366\" srcset=\"https:\/\/www.saopaulo.sp.gov.br\/wp-content\/uploads\/2024\/05\/Tarcisio-falou-para-executivos-300x158.jpg 300w, https:\/\/www.saopaulo.sp.gov.br\/wp-content\/uploads\/2024\/05\/Tarcisio-falou-para-executivos-1024x539.jpg 1024w, https:\/\/www.saopaulo.sp.gov.br\/wp-content\/uploads\/2024\/05\/Tarcisio-falou-para-executivos-768x404.jpg 768w, https:\/\/www.saopaulo.sp.gov.br\/wp-content\/uploads\/2024\/05\/Tarcisio-falou-para-executivos-1536x808.jpg 1536w, https:\/\/www.saopaulo.sp.gov.br\/wp-content\/uploads\/2024\/05\/Tarcisio-falou-para-executivos.jpg 2048w\" sizes=\"auto, (max-width: 772px) 100vw, 772px\"\/><figcaption class=\"wp-caption-text\">Tarc\u00edsio falou para executivos<\/figcaption><\/figure>\n<p>\u00a0<\/p>\n<\/p><\/div>\n<p><br \/>\n<br \/><a href=\"https:\/\/www.saopaulo.sp.gov.br\/spnoticias\/ultimas-noticias\/tarcisio-participa-de-paineis-nos-eua-para-discutir-investimentos-privados-em-sao-paulo\/\" rel=\"noopener\">Informa\u00e7\u00f5es GOV.SP<\/a><\/p>\n","protected":false},"excerpt":{"rendered":"<p>&#13; &#13; &#13; &#13; &#13; Carteira de projetos foi debatida em eventos com empres\u00e1rios e investidores globais em Nova York &#13; &#13; &#13; &#13; Governador participou de evento para apresentar iniciativas de S\u00e3o Paulo No terceiro dia do roadshow do Governo de S\u00e3o Paulo para apresentar os principais projetos de infraestrutura, saneamento, log\u00edstica e mobilidade [&hellip;]<\/p>\n","protected":false},"author":1,"featured_media":5172,"comment_status":"open","ping_status":"open","sticky":false,"template":"","format":"standard","meta":{"_jetpack_newsletter_access":"","_jetpack_dont_email_post_to_subs":false,"_jetpack_newsletter_tier_id":0,"_jetpack_memberships_contains_paywalled_content":false,"_mbp_banners":[],"_jetpack_feature_clip_id":0,"_jetpack_memberships_contains_paid_content":false,"footnotes":"","jetpack_publicize_message":"","jetpack_publicize_feature_enabled":true,"jetpack_social_post_already_shared":true,"jetpack_social_options":{"image_generator_settings":{"template":"highway","default_image_id":0,"font":"","enabled":false},"version":2},"jetpack_post_was_ever_published":false},"categories":[21],"tags":[],"class_list":["post-5171","post","type-post","status-publish","format-standard","has-post-thumbnail","category-sp-news"],"jetpack_publicize_connections":[],"jetpack-related-posts":[],"jetpack_shortlink":"https:\/\/wp.me\/p7Eq1F-1lp","jetpack_sharing_enabled":true,"jetpack_featured_media_url":"https:\/\/i0.wp.com\/guialimeira.com.br\/news\/wp-content\/uploads\/2024\/05\/Tarcisio-participa-de-paineis-nos-EUA-para-discutir-investimentos-privados.jpg?fit=300%2C204&ssl=1","_links":{"self":[{"href":"https:\/\/guialimeira.com.br\/news\/wp-json\/wp\/v2\/posts\/5171","targetHints":{"allow":["GET"]}}],"collection":[{"href":"https:\/\/guialimeira.com.br\/news\/wp-json\/wp\/v2\/posts"}],"about":[{"href":"https:\/\/guialimeira.com.br\/news\/wp-json\/wp\/v2\/types\/post"}],"author":[{"embeddable":true,"href":"https:\/\/guialimeira.com.br\/news\/wp-json\/wp\/v2\/users\/1"}],"replies":[{"embeddable":true,"href":"https:\/\/guialimeira.com.br\/news\/wp-json\/wp\/v2\/comments?post=5171"}],"version-history":[{"count":0,"href":"https:\/\/guialimeira.com.br\/news\/wp-json\/wp\/v2\/posts\/5171\/revisions"}],"wp:featuredmedia":[{"embeddable":true,"href":"https:\/\/guialimeira.com.br\/news\/wp-json\/wp\/v2\/media\/5172"}],"wp:attachment":[{"href":"https:\/\/guialimeira.com.br\/news\/wp-json\/wp\/v2\/media?parent=5171"}],"wp:term":[{"taxonomy":"category","embeddable":true,"href":"https:\/\/guialimeira.com.br\/news\/wp-json\/wp\/v2\/categories?post=5171"},{"taxonomy":"post_tag","embeddable":true,"href":"https:\/\/guialimeira.com.br\/news\/wp-json\/wp\/v2\/tags?post=5171"}],"curies":[{"name":"wp","href":"https:\/\/api.w.org\/{rel}","templated":true}]}}