{"id":5159,"date":"2024-05-15T19:18:45","date_gmt":"2024-05-15T22:18:45","guid":{"rendered":"https:\/\/guialimeira.com.br\/2024\/05\/15\/governo-propoe-aumento-de-13-a-31-a-professores-ate-2026\/"},"modified":"2024-05-15T19:18:45","modified_gmt":"2024-05-15T22:18:45","slug":"governo-propoe-aumento-de-13-a-31-a-professores-ate-2026","status":"publish","type":"post","link":"https:\/\/guialimeira.com.br\/news\/governo-propoe-aumento-de-13-a-31-a-professores-ate-2026\/","title":{"rendered":"Governo prop\u00f5e aumento de 13% a 31% a professores at\u00e9 2026"},"content":{"rendered":"<p> <br \/>\n<\/p>\n<div>\n<p>Em greve h\u00e1 um m\u00eas, os professores de universidades e col\u00e9gios federais receberam uma proposta de aumento de 13,3% a 31% at\u00e9 2026. No entanto, os aumentos s\u00f3 come\u00e7ariam em 2025.<img data-recalc-dims=\"1\" decoding=\"async\" src=\"https:\/\/i0.wp.com\/agenciabrasil.ebc.com.br\/ebc.png?w=696&#038;ssl=1\" style=\"width:1px; height:1px; display:inline;\"\/><img data-recalc-dims=\"1\" decoding=\"async\" src=\"https:\/\/i0.wp.com\/agenciabrasil.ebc.com.br\/ebc.gif?w=696&#038;ssl=1\" style=\"width:1px; height:1px; display:inline;\"\/><\/p>\n<p>Os \u00edndices de reajustes deixar\u00e3o de ser unificados e variar\u00e3o com base na categoria. Os que ganham mais ter\u00e3o o aumento m\u00ednimo de 13,3%. Quem recebe menos ganhar\u00e1 o reajuste m\u00e1ximo de 31%. Segundo o Sindicato Nacional dos Docentes das Institui\u00e7\u00f5es de Ensino Superior (Andes), essa \u00e9 a \u00faltima oferta do Minist\u00e9rio da Gest\u00e3o e Inova\u00e7\u00e3o em Servi\u00e7os P\u00fablicos (MGI)\u00a0aos professores de ensino superior.<\/p>\n<p>Com o reajuste linear de 9% concedido ao funcionalismo federal em 2023, o aumento total, informou o MGI, ficar\u00e1 entre 23% e 43% no acumulado de quatro anos. A pasta ressaltou que o governo melhorou a oferta em todos os cen\u00e1rios e que os professores ter\u00e3o aumento acima da infla\u00e7\u00e3o estimada em 15% entre 2023 e 2026.<\/p>\n<p>A proposta anterior previa reajuste zero em 2024, 9% em 2025 e 3,5% em 2026. Somado ao reajuste linear de 9% concedido ao funcionalismo federal no ano passado, o aumento total chegaria a 21,5% no acumulado de quatro anos.<\/p>\n<p>Com a proposta em m\u00e3os, o\u00a0Andes far\u00e1 novas rodadas de assembleias para definir a resposta a ser dada at\u00e9 o pr\u00f3ximo dia 27. Originalmente, os <a href=\"https:\/\/agenciabrasil.ebc.com.br\/geral\/noticia\/2024-05\/governo-faz-reuniao-com-categorias-em-greve-nas-universidades\" target=\"_blank\" rel=\"noopener\">professores esperam contraproposta<\/a> \u00e0 reinvindica\u00e7\u00e3o de reajuste salarial de 22,71%, com pagamento ainda no segundo semestre deste ano.<\/p>\n<p>Os professores querem tamb\u00e9m que o governo recomponha o or\u00e7amento das universidades federais e revogue normas que prejudicam a carreira docente, baixadas no governo anterior. Na ter\u00e7a-feira (21), o MGI se reunir\u00e1 com os t\u00e9cnicos administrativos das institui\u00e7\u00f5es de ensino superior, que est\u00e3o em greve desde o in\u00edcio de mar\u00e7o, para apresentar uma proposta.<\/p>\n<\/p><\/div>\n<p><br \/>\n<br \/><a href=\"https:\/\/agenciabrasil.ebc.com.br\/economia\/noticia\/2024-05\/governo-propoe-aumento-de-13-31-professores-ate-2026\" rel=\"noopener\">Ag\u00eancia Brasil<\/a><\/p>\n","protected":false},"excerpt":{"rendered":"<p>Em greve h\u00e1 um m\u00eas, os professores de universidades e col\u00e9gios federais receberam uma proposta de aumento de 13,3% a 31% at\u00e9 2026. No entanto, os aumentos s\u00f3 come\u00e7ariam em 2025. Os \u00edndices de reajustes deixar\u00e3o de ser unificados e variar\u00e3o com base na categoria. Os que ganham mais ter\u00e3o o aumento m\u00ednimo de 13,3%. [&hellip;]<\/p>\n","protected":false},"author":1,"featured_media":5160,"comment_status":"open","ping_status":"open","sticky":false,"template":"","format":"standard","meta":{"_jetpack_newsletter_access":"","_jetpack_dont_email_post_to_subs":false,"_jetpack_newsletter_tier_id":0,"_jetpack_memberships_contains_paywalled_content":false,"_mbp_banners":[],"_jetpack_feature_clip_id":0,"_jetpack_memberships_contains_paid_content":false,"footnotes":"","jetpack_publicize_message":"","jetpack_publicize_feature_enabled":true,"jetpack_social_post_already_shared":true,"jetpack_social_options":{"image_generator_settings":{"template":"highway","default_image_id":0,"font":"","enabled":false},"version":2},"jetpack_post_was_ever_published":false},"categories":[24],"tags":[],"class_list":["post-5159","post","type-post","status-publish","format-standard","has-post-thumbnail","category-economia"],"jetpack_publicize_connections":[],"jetpack-related-posts":[],"jetpack_shortlink":"https:\/\/wp.me\/p7Eq1F-1ld","jetpack_sharing_enabled":true,"jetpack_featured_media_url":"https:\/\/i0.wp.com\/guialimeira.com.br\/news\/wp-content\/uploads\/2024\/05\/grever_7.jpg?fit=1600%2C800&ssl=1","_links":{"self":[{"href":"https:\/\/guialimeira.com.br\/news\/wp-json\/wp\/v2\/posts\/5159","targetHints":{"allow":["GET"]}}],"collection":[{"href":"https:\/\/guialimeira.com.br\/news\/wp-json\/wp\/v2\/posts"}],"about":[{"href":"https:\/\/guialimeira.com.br\/news\/wp-json\/wp\/v2\/types\/post"}],"author":[{"embeddable":true,"href":"https:\/\/guialimeira.com.br\/news\/wp-json\/wp\/v2\/users\/1"}],"replies":[{"embeddable":true,"href":"https:\/\/guialimeira.com.br\/news\/wp-json\/wp\/v2\/comments?post=5159"}],"version-history":[{"count":0,"href":"https:\/\/guialimeira.com.br\/news\/wp-json\/wp\/v2\/posts\/5159\/revisions"}],"wp:featuredmedia":[{"embeddable":true,"href":"https:\/\/guialimeira.com.br\/news\/wp-json\/wp\/v2\/media\/5160"}],"wp:attachment":[{"href":"https:\/\/guialimeira.com.br\/news\/wp-json\/wp\/v2\/media?parent=5159"}],"wp:term":[{"taxonomy":"category","embeddable":true,"href":"https:\/\/guialimeira.com.br\/news\/wp-json\/wp\/v2\/categories?post=5159"},{"taxonomy":"post_tag","embeddable":true,"href":"https:\/\/guialimeira.com.br\/news\/wp-json\/wp\/v2\/tags?post=5159"}],"curies":[{"name":"wp","href":"https:\/\/api.w.org\/{rel}","templated":true}]}}