{"id":5153,"date":"2024-05-15T18:32:47","date_gmt":"2024-05-15T21:32:47","guid":{"rendered":"https:\/\/guialimeira.com.br\/2024\/05\/15\/forum-inedito-em-limeira-debate-os-caminhos-da-saude-mental\/"},"modified":"2024-05-15T18:32:47","modified_gmt":"2024-05-15T21:32:47","slug":"forum-inedito-em-limeira-debate-os-caminhos-da-saude-mental","status":"publish","type":"post","link":"https:\/\/guialimeira.com.br\/news\/forum-inedito-em-limeira-debate-os-caminhos-da-saude-mental\/","title":{"rendered":"F\u00f3rum in\u00e9dito em Limeira debate os caminhos da Sa\u00fade Mental"},"content":{"rendered":"<p> <br \/>\n<\/p>\n<div id=\"\">&#13;<br \/>\n                &#13;<br \/>\n&#13;<br \/>\n&#13;<br \/>\n&#13;<br \/>\n    <img data-recalc-dims=\"1\" decoding=\"async\" src=\"https:\/\/i0.wp.com\/ecrie.com.br\/sistema\/conteudos\/imagem\/m_137_0_1_15052024171212.jpg?w=696&#038;ssl=1\" alt=\"F\u00f3rum in\u00e9dito em Limeira debate os caminhos da Sa\u00fade Mental\"\/>&#13;<br \/>\n&#13;<\/p>\n<p>O prefeito Mario Botion e a vice-prefeita de Limeira, Erika Tank, participaram na manh\u00e3 desta quarta-feira (15), no Teatro Nair Bello, da abertura do 1\u00ba F\u00f3rum de Sa\u00fade Mental de Limeira \u201cAl\u00e9m dos Muros\u201d. O evento, que vai at\u00e9 amanh\u00e3 (16), promove palestras, debates e apresenta\u00e7\u00f5es culturais sobre o tema. A Secretaria de Sa\u00fade, respons\u00e1vel pela organiza\u00e7\u00e3o do F\u00f3rum, informa que as inscri\u00e7\u00f5es j\u00e1 foram encerradas (todas as 300 vagas dispon\u00edveis foram preenchidas em 48 horas).<\/p>\n<p>&#13;<\/p>\n<p>Tamb\u00e9m compuseram a mesa de abertura dos trabalhos, os secret\u00e1rios Vitor Santos (Sa\u00fade) e Andr\u00e9 De Francesco (Educa\u00e7\u00e3o), a presidente do Ceprosom, Maria Auc\u00e9lia Damaceno, o presidente da C\u00e2mara Municipal, Everton Ferreira, o respons\u00e1vel pela Diretoria Regional de Sa\u00fade (DRS-10) de Piracicaba, Mois\u00e9s Taglietta, e o promotor de justi\u00e7a Rafael Augusto Pressuto. A vereadora Lu Bogo tamb\u00e9m acompanhou a cerim\u00f4nia.<\/p>\n<p>&#13;<\/p>\n<p>Botion agradeceu a presen\u00e7a do p\u00fablico que lotou o Nair Bello, destacando a relev\u00e2ncia das quest\u00f5es ligadas \u00e0 Sa\u00fade Mental. \u201cEste \u00e9 mais um momento importante da nossa gest\u00e3o e tenho certeza de que os dois dias de evento ser\u00e3o muito produtivos\u201d, frisou o prefeito. Ele tamb\u00e9m falou sobre as a\u00e7\u00f5es para melhoria e amplia\u00e7\u00e3o da rede, como a reforma do antigo pr\u00e9dio do Ambulat\u00f3rio de Sa\u00fade Mental que abrigar\u00e1 o Caps 3. \u201cOs trabalhos est\u00e3o adiantados e posso afirmar que o Caps 3 j\u00e1 \u00e9 realidade em Limeira.\u201d<\/p>\n<p>&#13;<\/p>\n<p>Contando sobre sua trajet\u00f3ria familiar &#8211; \u00a0os av\u00f3s maternos fundaram o Asilo Jo\u00e3o K\u00fchl Filho h\u00e1 mais de 1 s\u00e9culo &#8211; Erika Tank relembrou que a institui\u00e7\u00e3o abrigava, al\u00e9m de idosos, pacientes da Sa\u00fade Mental. \u201cDesde crian\u00e7a, aprendi a ter um olhar especial a essas pessoas\u201d, disse. Ao relatar a atua\u00e7\u00e3o da Rede Elza Tank de Atendimento Integrado \u00e0 Mulher em Situa\u00e7\u00e3o de Viol\u00eancia, a vice-prefeita falou da necessidade de entrela\u00e7amento desse trabalho com a Rede de Aten\u00e7\u00e3o Psicossocial (Raps), e ainda, destacou o empenho dos servidores desse setor. \u201cAgrade\u00e7o a todos os profissionais de Sa\u00fade Mental que, ao chamado da Rede Elza Tank, interv\u00eam de forma muito \u00e1gil e acolhedora\u201d, citou.<\/p>\n<p>&#13;<\/p>\n<p>Vitor Santos fez uma breve apresenta\u00e7\u00e3o de toda a Raps, que abrange o Consult\u00f3rio de Rua, o programa contraceptivo para mulheres em situa\u00e7\u00e3o de rua\/vulnerabilidade social, os Caps, o Centro de Especializa\u00e7\u00e3o Municipal do Autista\u00a0(Cema), a Farm\u00e1cia de Sa\u00fade Mental, que foi descentralizada no ano passado, o Centro de Terapias Integradas e a Resid\u00eancia Terap\u00eautica.<\/p>\n<p>&#13;<\/p>\n<p>Inaugurada no fim do ano passado, a Resid\u00eancia Terap\u00eautica \u00e9 voltada \u00e0 desinstitucionaliza\u00e7\u00e3o de pacientes que moravam em hospitais psiqui\u00e1tricos da regi\u00e3o. \u201cAtualmente, esse servi\u00e7o atende 12 pacientes que viviam encarcerados h\u00e1 d\u00e9cadas em institui\u00e7\u00f5es psiqui\u00e1tricas\u201d, frisou o secret\u00e1rio de Sa\u00fade.<\/p>\n<p>&#13;<\/p>\n<p>Vitor Santos pontuou, ainda, a quest\u00e3o do consumo excessivo de medicamentos psicotr\u00f3picos. Segundo ele, aproximadamente um ter\u00e7o de todo o volume de medicamentos dispensados no munic\u00edpio \u00e9\u00a0da \u00e1rea de Sa\u00fade Mental. \u201cEsse dado merece uma reflex\u00e3o profunda da nossa parte, e \u00e9 por esse motivo que, desde o in\u00edcio dessa gest\u00e3o, elegemos a Sa\u00fade Mental para um trabalho de constru\u00e7\u00e3o\u201d, finalizou.<\/p>\n<p>&#13;<\/p>\n<p>Marcaram presen\u00e7a no evento, o secret\u00e1rio de Comunica\u00e7\u00e3o Social, S\u00e9rgio Moreira, o assessor-executivo da Secretaria de Sa\u00fade, Alexandre Ferrari, a diretora de Aten\u00e7\u00e3o Secund\u00e1ria \u00e0 Sa\u00fade, Andresa Barros, a chefe da Divis\u00e3o de Especialidades, Mayra Ara\u00fajo &#8211; que proferiu palestra sobre a estrutura de atendimento em Sa\u00fade Mental em Limeira &#8211; demais diretores da pasta, al\u00e9m de profissionais de Limeira e regi\u00e3o das \u00e1reas de Sa\u00fade, Assist\u00eancia Social e Educa\u00e7\u00e3o, integrantes do sistema judici\u00e1rio, usu\u00e1rios dos servi\u00e7os, estudantes, entre outros.<\/p>\n<p>&#13;<\/p>\n<p>\u00a0<\/p>\n<p>&#13;<\/p>\n<p>Confira a programa\u00e7\u00e3o desta quinta-feira (16):<\/p>\n<p>&#13;<\/p>\n<p>\u00a0<\/p>\n<p>&#13;<\/p>\n<p>8h \u2013 Credenciamento e coffee\u00a0break\u00a0<\/p>\n<p>&#13;<\/p>\n<p>8h30 \u2013 Apresenta\u00e7\u00e3o\u00a0cultural &#8211; Caps\u00a0Infantojuvenil<\/p>\n<p>&#13;<\/p>\n<p>8h45 \u2013 Palestra \u201cUso de subst\u00e2ncias: do prazer ao sofrimento, sob o vi\u00e9s da redu\u00e7\u00e3o de danos\u201d, com Andreza do Nascimento Almeida (Zaz\u00e1). Com atua\u00e7\u00e3o na \u00e1rea de redu\u00e7\u00e3o de danos, integra Associa\u00e7\u00e3o Brasileira de L\u00e9sbicas, Gays, Bissexuais, Travestis, Transexuais e Intersex (ABGLT), a Rede Brasileira de Redu\u00e7\u00e3o de Danos e Direitos Humanos (Reduc) e representa a Plataforma Brasileira de Pol\u00edtica sobre Drogas no Conselho Estadual de Pol\u00edtica Sobre Drogas de S\u00e3o Paulo. Faz parte da Coordena\u00e7\u00e3o Nacional de Entidades Negras (Conen).<\/p>\n<p>&#13;<\/p>\n<p>10h &#8211; Palestra\u00a0\u201cG\u00eanero e Diversidade &#8211; Ningu\u00e9m \u00e9 igual:\u00a0respeito \u00e0s diferen\u00e7as\u201d,\u00a0com Rodrigo Presotto. Psic\u00f3logo do Ambulat\u00f3rio Transcender e\u00a0do\u00a0Centro de Conviv\u00eancia e Coopera\u00e7\u00e3o Tear das Artes\u00a0de Campinas. Especialista em\u00a0Sa\u00fade\u00a0Mental, mestre em\u00a0Sa\u00fade\u00a0Coletiva\u00a0(FCM\/Unicamp), membro do\u00a0Laborat\u00f3rio de\u00a0Pesquisa Interfaces (FCM\/Unicamp) e do Movimento da Luta Antimanicomial de Campinas\u00a0<\/p>\n<p>&#13;<\/p>\n<p>11h15 \u2013 Mesa de discuss\u00e3o:\u00a0\u201cAfinal, o que \u00e9 Aten\u00e7\u00e3o Psicossocial?\u201d,\u00a0com Ana Carolina Agapito.\u00a0Terapeuta Ocupacional\u00a0(UFSCar),\u00a0\u00e9 formada\u00a0em Psican\u00e1lise Cl\u00ednica pela Sociedade Brasileira de Psican\u00e1lise, especialista em Sa\u00fade Mental e Aten\u00e7\u00e3o Psicossocial\u00a0(Uniararas)\u00a0e especialista em Interven\u00e7\u00e3o com Pessoas em\u00a0Situa\u00e7\u00e3o de\u00a0Rua\u00a0(Fiocruz).\u00a0Possui mestrado\u00a0em Ensino em Ci\u00eancias da Sa\u00fade\u00a0(Unifesp). \u00c9 militante da Luta Antimanicomial, com atua\u00e7\u00e3o t\u00e9cnica\u00a0em Caps desde\u00a02000, incluindo o\u00a0Caps\u00a0III de Santos. Na Prefeitura de Limeira, trabalhou no\u00a0Caps AD\u00a0e,\u00a0atualmente,\u00a0integra a equipe do\u00a0Caps Infantojuvenil<\/p>\n<p>&#13;<\/p>\n<p>12h \u2013 Almo\u00e7o<\/p>\n<p>&#13;<\/p>\n<p>13h45 \u2013 Apresenta\u00e7\u00e3o\u00a0cultural &#8211; Centro de Terapias Integradas<\/p>\n<p>&#13;<\/p>\n<p>14h \u2013 Roda de\u00a0conversa:\u00a0\u201cNingu\u00e9m v\u00ea o mundo como voc\u00ea v\u00ea\u201d,\u00a0com\u00a0media\u00e7\u00e3o de\u00a0Stephanie Carolin Santos Almeida.\u00a0Graduada em Psicologia\u00a0(Ufscar), integra a\u00a0Associa\u00e7\u00e3o Brasileira de Psicologia Social\u00a0e \u00e9\u00a0militante do F\u00f3rum Limeirense de\u00a0Luta Antimanicomial.\u00a0Na Prefeitura de Limeira, trabalha como\u00a0psicoterapeuta<\/p>\n<p>&#13;<\/p>\n<p>Convidados:<\/p>\n<p>&#13;<\/p>\n<p>&#8211;\u00a0Jo\u00e3o Vitor dos Anjos: programador, ativista de movimentos sociais, entre eles,\u00a0o Movimento de\u00a0Luta Antimanicomial.\u00a0\u00c9 ex-usu\u00e1rio do Caps Infantojuvenil<\/p>\n<p>&#13;<\/p>\n<p>&#8211;\u00a0Jos\u00e9 Celetro da Silva:\u00a0Artes\u00e3o, carpinteiro e aposentado. Militante da Luta Antimanicomial e ativista de\u00a0Direitos Humanos.\u00a0\u00c9 usu\u00e1rio\u00a0do Caps AD<\/p>\n<p>&#13;<\/p>\n<p>&#8211;\u00a0An\u00e9sia Roque:\u00a0Costureira, aposentada, \u00e9 militante da Luta Antimanicomial.\u00a0Participa do Grupo da\u00a0Fam\u00edlia do Caps AD<\/p>\n<p>&#13;<\/p>\n<p>&#8211;\u00a0Talita Cristina Ribeiro Costa:\u00a0Psic\u00f3loga do Caps II, \u00e9\u00a0s\u00f3cia-propriet\u00e1ria da Cl\u00ednica Acolher<\/p>\n<p>&#13;<\/p>\n<p>15h \u2013\u00a0Palestra: \u201cSa\u00fade Mental e Cidadania\u201d,\u00a0com Leonardo Pinho. Graduado em Ci\u00eancias Sociais, foi presidente da\u00a0Central de Cooperativas Unisol Brasil, do Conselho Nacional de Direitos Humanos\u00a0e\u00a0da\u00a0Associa\u00e7\u00e3o Brasileira de Sa\u00fade Mental (Abrasme)<\/p>\n<p>&#13;<\/p>\n<p>17h \u2013 Encerramento<\/p>\n<p>&#13;<br \/>\n&#13;<br \/>\n    &#13;<br \/>\n    &#13;<br \/>\n&#13;<br \/>\n&#13;<\/p>\n<aside class=\"list-related no-print\">&#13;<br \/>\n        &#13;<br \/>\n&#13;<\/p>\n<article class=\"list-item noticias \">&#13;<br \/>\n                    <a class=\"list-item__img\" href=\"https:\/\/limeira.sp.gov.br\/imprensa\/noticias\/gabinete-do-prefeito\/abertas-inscricoes-para-evento-sobre-empregabilidade-da-pessoa-com-deficiencia\" tabindex=\"-1\" aria-hidden=\"true\" rel=\"noopener\">&#13;<br \/>\n                        <img data-recalc-dims=\"1\" decoding=\"async\" src=\"https:\/\/i0.wp.com\/ecrie.com.br\/sistema\/conteudos\/imagem\/m_137_0_1_14052024153259.jpg?w=696&#038;ssl=1\" alt=\"Abertas inscri\u00e7\u00f5es para evento sobre empregabilidade da pessoa com defici\u00eancia\"\/>&#13;<br \/>\n                    <\/a>&#13;<br \/>\n&#13;<br \/>\n                &#13;<br \/>\n            <\/article>\n<p>&#13;<\/p>\n<article class=\"list-item noticias \">&#13;<br \/>\n                    <a class=\"list-item__img\" href=\"https:\/\/limeira.sp.gov.br\/imprensa\/noticias\/gabinete-do-prefeito\/acoes-voltadas-a-inovacao-e-tecnologia-rendem-premio-a-limeira\" tabindex=\"-1\" aria-hidden=\"true\" rel=\"noopener\">&#13;<br \/>\n                        <img data-recalc-dims=\"1\" decoding=\"async\" src=\"https:\/\/i0.wp.com\/ecrie.com.br\/sistema\/conteudos\/imagem\/m_137_2_2_14052024150439.jpg?w=696&#038;ssl=1\" alt=\"A\u00e7\u00f5es voltadas \u00e0 inova\u00e7\u00e3o e tecnologia rendem pr\u00eamio a Limeira\"\/>&#13;<br \/>\n                    <\/a>&#13;<br \/>\n&#13;<br \/>\n                &#13;<br \/>\n            <\/article>\n<p>&#13;<\/p>\n<article class=\"list-item noticias \">&#13;<br \/>\n                    <a class=\"list-item__img\" href=\"https:\/\/limeira.sp.gov.br\/imprensa\/noticias\/gabinete-do-prefeito\/doacoes-para-rs-continuam-no-drive-na-praca-toledo-barros\" tabindex=\"-1\" aria-hidden=\"true\" rel=\"noopener\">&#13;<br \/>\n                        <img data-recalc-dims=\"1\" decoding=\"async\" src=\"https:\/\/i0.wp.com\/ecrie.com.br\/sistema\/conteudos\/imagem\/m_137_0_1_13052024175653.jpg?w=696&#038;ssl=1\" alt=\"Doa\u00e7\u00f5es para RS continuam no drive na Pra\u00e7a Toledo Barros\"\/>&#13;<br \/>\n                    <\/a>&#13;<br \/>\n&#13;<br \/>\n                &#13;<br \/>\n            <\/article>\n<p>&#13;<br \/>\n    <\/aside>\n<p>&#13;<br \/>\n&#13;\n            <\/p><\/div>\n<p><br \/>\n<br \/><a href=\"https:\/\/limeira.sp.gov.br\/forum-inedito-em-limeira-debate-os-caminhos-da-saude-mental\" rel=\"noopener\">Informa\u00e7\u00f5es da PML <\/a><\/p>\n","protected":false},"excerpt":{"rendered":"<p>&#13; &#13; &#13; &#13; &#13; &#13; &#13; O prefeito Mario Botion e a vice-prefeita de Limeira, Erika Tank, participaram na manh\u00e3 desta quarta-feira (15), no Teatro Nair Bello, da abertura do 1\u00ba F\u00f3rum de Sa\u00fade Mental de Limeira \u201cAl\u00e9m dos Muros\u201d. O evento, que vai at\u00e9 amanh\u00e3 (16), promove palestras, debates e apresenta\u00e7\u00f5es culturais sobre [&hellip;]<\/p>\n","protected":false},"author":1,"featured_media":5154,"comment_status":"open","ping_status":"open","sticky":false,"template":"","format":"standard","meta":{"_jetpack_newsletter_access":"","_jetpack_dont_email_post_to_subs":false,"_jetpack_newsletter_tier_id":0,"_jetpack_memberships_contains_paywalled_content":false,"_mbp_banners":[],"_jetpack_feature_clip_id":0,"_jetpack_memberships_contains_paid_content":false,"footnotes":"","jetpack_publicize_message":"","jetpack_publicize_feature_enabled":true,"jetpack_social_post_already_shared":true,"jetpack_social_options":{"image_generator_settings":{"template":"highway","default_image_id":0,"font":"","enabled":false},"version":2},"jetpack_post_was_ever_published":false},"categories":[16],"tags":[],"class_list":["post-5153","post","type-post","status-publish","format-standard","has-post-thumbnail","category-local"],"jetpack_publicize_connections":[],"jetpack-related-posts":[],"jetpack_shortlink":"https:\/\/wp.me\/p7Eq1F-1l7","jetpack_sharing_enabled":true,"jetpack_featured_media_url":"https:\/\/i0.wp.com\/guialimeira.com.br\/news\/wp-content\/uploads\/2024\/05\/m_137_0_1_15052024171212.jpg?fit=1280%2C852&ssl=1","_links":{"self":[{"href":"https:\/\/guialimeira.com.br\/news\/wp-json\/wp\/v2\/posts\/5153","targetHints":{"allow":["GET"]}}],"collection":[{"href":"https:\/\/guialimeira.com.br\/news\/wp-json\/wp\/v2\/posts"}],"about":[{"href":"https:\/\/guialimeira.com.br\/news\/wp-json\/wp\/v2\/types\/post"}],"author":[{"embeddable":true,"href":"https:\/\/guialimeira.com.br\/news\/wp-json\/wp\/v2\/users\/1"}],"replies":[{"embeddable":true,"href":"https:\/\/guialimeira.com.br\/news\/wp-json\/wp\/v2\/comments?post=5153"}],"version-history":[{"count":0,"href":"https:\/\/guialimeira.com.br\/news\/wp-json\/wp\/v2\/posts\/5153\/revisions"}],"wp:featuredmedia":[{"embeddable":true,"href":"https:\/\/guialimeira.com.br\/news\/wp-json\/wp\/v2\/media\/5154"}],"wp:attachment":[{"href":"https:\/\/guialimeira.com.br\/news\/wp-json\/wp\/v2\/media?parent=5153"}],"wp:term":[{"taxonomy":"category","embeddable":true,"href":"https:\/\/guialimeira.com.br\/news\/wp-json\/wp\/v2\/categories?post=5153"},{"taxonomy":"post_tag","embeddable":true,"href":"https:\/\/guialimeira.com.br\/news\/wp-json\/wp\/v2\/tags?post=5153"}],"curies":[{"name":"wp","href":"https:\/\/api.w.org\/{rel}","templated":true}]}}