{"id":515,"date":"2024-03-30T06:07:46","date_gmt":"2024-03-30T09:07:46","guid":{"rendered":"https:\/\/guialimeira.com.br\/2024\/03\/30\/prefeitura-municipal-de-americana-17\/"},"modified":"2024-03-30T06:07:46","modified_gmt":"2024-03-30T09:07:46","slug":"prefeitura-municipal-de-americana-17","status":"publish","type":"post","link":"https:\/\/guialimeira.com.br\/news\/prefeitura-municipal-de-americana-17\/","title":{"rendered":"Prefeitura Municipal de Americana"},"content":{"rendered":"<p> <br \/>\n<\/p>\n<div>O DAE (Departamento de \u00c1gua e Esgoto) de Americana iniciou nesta semana a montagem da cobertura do novo tanque do Centro de Reserva\u00e7\u00e3o de \u00c1gua do S\u00e3o Vito (CR-1). As equipes come\u00e7aram os trabalhos no solo. Posteriormente, quando a estrutura estiver pronta, ela ser\u00e1 i\u00e7ada por um guindaste.<\/p>\n<p>Trata-se de um teto autoportante geod\u00e9sico, com a forma aproximada de uma superf\u00edcie esf\u00e9rica, que ser\u00e1 apoiado na parede do tanque, de cerca de 10,5 metros de altura, formada por an\u00e9is montados com placas de a\u00e7o vitrificado.<\/p>\n<p>&#8220;Depois de conclu\u00edda a cobertura, entraremos na fase dos acess\u00f3rios, entradas e sa\u00eddas de \u00e1gua, registros e a interliga\u00e7\u00e3o do sistema&#8221;, explicou o superintendente do DAE, Marcos Morelli.<\/p>\n<p>O novo tanque do CR-1 segue os mesmos padr\u00f5es dos reservat\u00f3rios j\u00e1 entregues no Jardim Ipiranga (CR-5) e Cidade Jardim (CR-6), o da Vila Santa Catarina (CR-3), em fase final de obras, e o do Parque Gramado (CR-16), tamb\u00e9m em fase de montagem da cobertura.  A capacidade \u00e9 de 2,1 milh\u00f5es de litros de \u00e1gua cada.<\/p>\n<p>O CR-1 j\u00e1 armazena 1,6 milh\u00e3o de litros de \u00e1gua e, com o novo reservat\u00f3rio, ser\u00e3o 3,7 milh\u00f5es de litros de \u00e1gua para abastecer cerca de 20 mil moradores do S\u00e3o Vito e de bairros como Vila Margarida, Vila Mariana, Vila Bertini, Belvedere e Santa Sofia.<\/p>\n<p>Paralelamente \u00e0 montagem do novo tanque no S\u00e3o Vito, o DAE est\u00e1 executando os servi\u00e7os de instala\u00e7\u00e3o da subadutora (SA-01) que vai abastecer o CR-1.<\/p>\n<p>Texto: Rodrigo Francischangelis\n                            <\/p>\n<\/div>\n<p><script async defer crossorigin=\"anonymous\" src=\"https:\/\/connect.facebook.net\/pt_BR\/sdk.js#xfbml=1&#038;version=v5.0\"><\/script><br \/>\n<br \/><br \/>\n<br \/><a href=\"https:\/\/www.americana.sp.gov.br\/americana-index.php?a=noticia&#038;id=30449\" rel=\"noopener\">Informa\u00e7\u00f5es PMA<\/a><\/p>\n","protected":false},"excerpt":{"rendered":"<p>O DAE (Departamento de \u00c1gua e Esgoto) de Americana iniciou nesta semana a montagem da cobertura do novo tanque do Centro de Reserva\u00e7\u00e3o de \u00c1gua do S\u00e3o Vito (CR-1). As equipes come\u00e7aram os trabalhos no solo. Posteriormente, quando a estrutura estiver pronta, ela ser\u00e1 i\u00e7ada por um guindaste. Trata-se de um teto autoportante geod\u00e9sico, com [&hellip;]<\/p>\n","protected":false},"author":1,"featured_media":0,"comment_status":"open","ping_status":"open","sticky":false,"template":"","format":"standard","meta":{"_jetpack_newsletter_access":"","_jetpack_dont_email_post_to_subs":false,"_jetpack_newsletter_tier_id":0,"_jetpack_memberships_contains_paywalled_content":false,"_mbp_banners":[],"_jetpack_feature_clip_id":0,"_jetpack_memberships_contains_paid_content":false,"footnotes":"","jetpack_publicize_message":"","jetpack_publicize_feature_enabled":true,"jetpack_social_post_already_shared":true,"jetpack_social_options":{"image_generator_settings":{"template":"highway","default_image_id":0,"font":"","enabled":false},"version":2},"jetpack_post_was_ever_published":false},"categories":[20],"tags":[],"class_list":["post-515","post","type-post","status-publish","format-standard","category-regiao"],"jetpack_publicize_connections":[],"jetpack-related-posts":[],"jetpack_shortlink":"https:\/\/wp.me\/p7Eq1F-8j","jetpack_sharing_enabled":true,"jetpack_featured_media_url":"","_links":{"self":[{"href":"https:\/\/guialimeira.com.br\/news\/wp-json\/wp\/v2\/posts\/515","targetHints":{"allow":["GET"]}}],"collection":[{"href":"https:\/\/guialimeira.com.br\/news\/wp-json\/wp\/v2\/posts"}],"about":[{"href":"https:\/\/guialimeira.com.br\/news\/wp-json\/wp\/v2\/types\/post"}],"author":[{"embeddable":true,"href":"https:\/\/guialimeira.com.br\/news\/wp-json\/wp\/v2\/users\/1"}],"replies":[{"embeddable":true,"href":"https:\/\/guialimeira.com.br\/news\/wp-json\/wp\/v2\/comments?post=515"}],"version-history":[{"count":0,"href":"https:\/\/guialimeira.com.br\/news\/wp-json\/wp\/v2\/posts\/515\/revisions"}],"wp:attachment":[{"href":"https:\/\/guialimeira.com.br\/news\/wp-json\/wp\/v2\/media?parent=515"}],"wp:term":[{"taxonomy":"category","embeddable":true,"href":"https:\/\/guialimeira.com.br\/news\/wp-json\/wp\/v2\/categories?post=515"},{"taxonomy":"post_tag","embeddable":true,"href":"https:\/\/guialimeira.com.br\/news\/wp-json\/wp\/v2\/tags?post=515"}],"curies":[{"name":"wp","href":"https:\/\/api.w.org\/{rel}","templated":true}]}}