{"id":5147,"date":"2024-05-15T18:17:46","date_gmt":"2024-05-15T21:17:46","guid":{"rendered":"https:\/\/guialimeira.com.br\/2024\/05\/15\/haddad-diz-que-prorrogacao-da-divida-do-rs-e-provisoria\/"},"modified":"2024-05-15T18:17:46","modified_gmt":"2024-05-15T21:17:46","slug":"haddad-diz-que-prorrogacao-da-divida-do-rs-e-provisoria","status":"publish","type":"post","link":"https:\/\/guialimeira.com.br\/news\/haddad-diz-que-prorrogacao-da-divida-do-rs-e-provisoria\/","title":{"rendered":"Haddad diz que prorroga\u00e7\u00e3o da d\u00edvida do RS \u00e9 provis\u00f3ria"},"content":{"rendered":"<p> <br \/>\n<\/p>\n<div>\n<p>O ministro da Fazenda, Fernando Haddad, reconheceu nesta quarta-feira (15) que a decis\u00e3o de <a href=\"https:\/\/agenciabrasil.ebc.com.br\/politica\/noticia\/2024-05\/governo-suspende-parcelas-e-perdoa-juros-da-divida-do-rs-por-36-meses\" target=\"_blank\" rel=\"noopener\">suspender o pagamento da d\u00edvida do Rio Grande do Sul com a Uni\u00e3o pelo per\u00edodo de 36 meses<\/a> \u00e9 um &#8220;pacto provis\u00f3rio&#8221; e poder\u00e1 ser ampliado com termos mais favor\u00e1veis. O estado vive a maior cat\u00e1strofe clim\u00e1tica de sua hist\u00f3ria, com chuvas e enchentes que resultaram na morte de 149 pessoas e deixaram mais de 800 mil fora de suas casas.<img data-recalc-dims=\"1\" decoding=\"async\" src=\"https:\/\/i0.wp.com\/agenciabrasil.ebc.com.br\/ebc.png?w=696&#038;ssl=1\" style=\"width:1px; height:1px; display:inline;\"\/><img data-recalc-dims=\"1\" decoding=\"async\" src=\"https:\/\/i0.wp.com\/agenciabrasil.ebc.com.br\/ebc.gif?w=696&#038;ssl=1\" style=\"width:1px; height:1px; display:inline;\"\/><\/p>\n<p>&#8220;Encontramos a maneira de garantir fluxo de mais\u00a0 R$ 11 bilh\u00f5es para o estado do Rio Grande do Sul, num pacto provis\u00f3rio, ainda, sobre a d\u00edvida do estado, que vai ter que receber um tratamento adicional, em virtude do fato de que h\u00e1 outros estados tamb\u00e9m no processo de negocia\u00e7\u00e3o&#8221;, explicou Haddad durante ato p\u00fablico em S\u00e3o Leopoldo do Sul, regi\u00e3o metropolitana de Porto Alegre, para o an\u00fancio de <a href=\"https:\/\/agenciabrasil.ebc.com.br\/geral\/noticia\/2024-05\/governo-federal-anuncia-pix-de-r-51-mil-para-familias-do-rs\" target=\"_blank\" rel=\"noopener\">medidas de apoio direto \u00e0s fam\u00edlias afetadas pela trag\u00e9dia<\/a>.<\/p>\n<p>Ainda segundo o ministro, outros estados que t\u00eam d\u00edvidas com a Uni\u00e3o, em montantes que somam mais de R$ 800 bilh\u00f5es, seguem em processos de negocia\u00e7\u00e3o e tudo o que for facilitado para esses entes ser\u00e1 concedido tamb\u00e9m ao Rio Grande do Sul.<\/p>\n<p>&#8220;J\u00e1 h\u00e1 compromisso firmado com o governador de que qualquer que seja o benef\u00edcio em rela\u00e7\u00e3o aos demais estados, tenha um rebatimento no contrato da d\u00edvida do Rio Grande do Sul&#8221;, disse, acrescentando que &#8220;nenhuma medida isoladamente vai resolver o problema, que \u00e9 muito grande, muito monumental&#8221;.<\/p>\n<h2>An\u00fancio<\/h2>\n<p>O an\u00fancio da suspens\u00e3o da d\u00edvida do Rio Grande do Sul foi feito na segunda-feira (13), com o envio de um projeto de lei complementar, j\u00e1 <a href=\"https:\/\/agenciabrasil.ebc.com.br\/geral\/noticia\/2024-05\/camara-aprova-suspensao-da-divida-do-rs-com-uniao-por-tres-anos\" target=\"_blank\" rel=\"noopener\">aprovado pela C\u00e2mara dos Deputados<\/a> e que tamb\u00e9m dever\u00e1 passar com facilidade no Senado Federal. A medida suspende o pagamento da d\u00edvida do estado com a Uni\u00e3o por 3 anos. Al\u00e9m disso, os juros que corrigem a d\u00edvida anualmente, em torno de 4%, ser\u00e3o zerados pelo mesmo per\u00edodo.<\/p>\n<p>O estoque da d\u00edvida do estado com a Uni\u00e3o est\u00e1 em cerca de R$ 100 bilh\u00f5es atualmente e, com a suspens\u00e3o das parcelas, o estado dispor\u00e1 de R$ 11 bilh\u00f5es a serem utilizados em a\u00e7\u00f5es de reconstru\u00e7\u00e3o. Outros R$ 12 bilh\u00f5es em juros deixar\u00e3o de ser pagos no mesmo per\u00edodo.<\/p>\n<\/p><\/div>\n<p><br \/>\n<br \/><a href=\"https:\/\/agenciabrasil.ebc.com.br\/economia\/noticia\/2024-05\/haddad-diz-que-prorrogacao-da-divida-do-rs-e-provisoria\" rel=\"noopener\">Ag\u00eancia Brasil<\/a><\/p>\n","protected":false},"excerpt":{"rendered":"<p>O ministro da Fazenda, Fernando Haddad, reconheceu nesta quarta-feira (15) que a decis\u00e3o de suspender o pagamento da d\u00edvida do Rio Grande do Sul com a Uni\u00e3o pelo per\u00edodo de 36 meses \u00e9 um &#8220;pacto provis\u00f3rio&#8221; e poder\u00e1 ser ampliado com termos mais favor\u00e1veis. O estado vive a maior cat\u00e1strofe clim\u00e1tica de sua hist\u00f3ria, com [&hellip;]<\/p>\n","protected":false},"author":1,"featured_media":5148,"comment_status":"open","ping_status":"open","sticky":false,"template":"","format":"standard","meta":{"_jetpack_newsletter_access":"","_jetpack_dont_email_post_to_subs":false,"_jetpack_newsletter_tier_id":0,"_jetpack_memberships_contains_paywalled_content":false,"_mbp_banners":[],"_jetpack_feature_clip_id":0,"_jetpack_memberships_contains_paid_content":false,"footnotes":"","jetpack_publicize_message":"","jetpack_publicize_feature_enabled":true,"jetpack_social_post_already_shared":true,"jetpack_social_options":{"image_generator_settings":{"template":"highway","default_image_id":0,"font":"","enabled":false},"version":2},"jetpack_post_was_ever_published":false},"categories":[24],"tags":[],"class_list":["post-5147","post","type-post","status-publish","format-standard","has-post-thumbnail","category-economia"],"jetpack_publicize_connections":[],"jetpack-related-posts":[],"jetpack_shortlink":"https:\/\/wp.me\/p7Eq1F-1l1","jetpack_sharing_enabled":true,"jetpack_featured_media_url":"https:\/\/i0.wp.com\/guialimeira.com.br\/news\/wp-content\/uploads\/2024\/05\/53722836857_a2a35c43d0_o.jpg?fit=1600%2C800&ssl=1","_links":{"self":[{"href":"https:\/\/guialimeira.com.br\/news\/wp-json\/wp\/v2\/posts\/5147","targetHints":{"allow":["GET"]}}],"collection":[{"href":"https:\/\/guialimeira.com.br\/news\/wp-json\/wp\/v2\/posts"}],"about":[{"href":"https:\/\/guialimeira.com.br\/news\/wp-json\/wp\/v2\/types\/post"}],"author":[{"embeddable":true,"href":"https:\/\/guialimeira.com.br\/news\/wp-json\/wp\/v2\/users\/1"}],"replies":[{"embeddable":true,"href":"https:\/\/guialimeira.com.br\/news\/wp-json\/wp\/v2\/comments?post=5147"}],"version-history":[{"count":0,"href":"https:\/\/guialimeira.com.br\/news\/wp-json\/wp\/v2\/posts\/5147\/revisions"}],"wp:featuredmedia":[{"embeddable":true,"href":"https:\/\/guialimeira.com.br\/news\/wp-json\/wp\/v2\/media\/5148"}],"wp:attachment":[{"href":"https:\/\/guialimeira.com.br\/news\/wp-json\/wp\/v2\/media?parent=5147"}],"wp:term":[{"taxonomy":"category","embeddable":true,"href":"https:\/\/guialimeira.com.br\/news\/wp-json\/wp\/v2\/categories?post=5147"},{"taxonomy":"post_tag","embeddable":true,"href":"https:\/\/guialimeira.com.br\/news\/wp-json\/wp\/v2\/tags?post=5147"}],"curies":[{"name":"wp","href":"https:\/\/api.w.org\/{rel}","templated":true}]}}