{"id":5143,"date":"2024-05-15T18:10:42","date_gmt":"2024-05-15T21:10:42","guid":{"rendered":"https:\/\/guialimeira.com.br\/2024\/05\/15\/vacina-contra-a-dengue-usada-no-brasil-e-pre-qualificada-pela-oms\/"},"modified":"2024-05-15T18:10:42","modified_gmt":"2024-05-15T21:10:42","slug":"vacina-contra-a-dengue-usada-no-brasil-e-pre-qualificada-pela-oms","status":"publish","type":"post","link":"https:\/\/guialimeira.com.br\/news\/vacina-contra-a-dengue-usada-no-brasil-e-pre-qualificada-pela-oms\/","title":{"rendered":"Vacina contra a dengue usada no Brasil \u00e9 pr\u00e9-qualificada pela OMS"},"content":{"rendered":"<p> <br \/>\n<\/p>\n<div>\n<p>A Organiza\u00e7\u00e3o Mundial da Sa\u00fade (OMS) informou nesta quarta-feira (15) que pr\u00e9-qualificou a vacina Qdenga, produzida pelo laborat\u00f3rio japon\u00eas Takeda e atualmente usada para imuniza\u00e7\u00e3o contra a dengue no Brasil. Este \u00e9 o segundo imunizante que combate a doen\u00e7a pr\u00e9-qualificado pela entidade.<img data-recalc-dims=\"1\" decoding=\"async\" src=\"https:\/\/i0.wp.com\/agenciabrasil.ebc.com.br\/ebc.png?w=696&#038;ssl=1\" style=\"width:1px; height:1px; display:inline;\"\/><img data-recalc-dims=\"1\" decoding=\"async\" src=\"https:\/\/i0.wp.com\/agenciabrasil.ebc.com.br\/ebc.gif?w=696&#038;ssl=1\" style=\"width:1px; height:1px; display:inline;\"\/><\/p>\n<p>Em nota, a OMS define a Qdenga como uma vacina viva atenuada que cont\u00e9m vers\u00f5es enfraquecidas dos quatro sorotipos do v\u00edrus causador da dengue. A organiza\u00e7\u00e3o recomenda que a dose seja aplicada em crian\u00e7as e adolescentes de 6 a 16 anos em locais com alta transmiss\u00e3o de dengue.<\/p>\n<p>Ainda de acordo com a OMS, a Qdenga deve ser administrada em esquema de duas doses com intervalo de tr\u00eas meses entre elas \u2013 mesmo esquema vacinal atualmente adotado no Brasil.<\/p>\n<p>\u201cA pr\u00e9-qualifica\u00e7\u00e3o \u00e9 um passo importante na expans\u00e3o do acesso global a vacinas contra a dengue, uma vez que torna a dose eleg\u00edvel para aquisi\u00e7\u00e3o por parte de ag\u00eancias da ONU [Organiza\u00e7\u00e3o das Na\u00e7\u00f5es Unidas], incluindo o Unicef [Fundo das Na\u00e7\u00f5es Unidas para a Inf\u00e2ncia] e a Opas [Organiza\u00e7\u00e3o Pan-Americana da Sa\u00fade]\u201d, avaliou o diretor de regula\u00e7\u00e3o e Pr\u00e9-qualifica\u00e7\u00e3o da OMS, Rogerio Gaspar.<\/p>\n<p>\u201cCom apenas duas vacinas contra a dengue pr\u00e9-qualificadas at\u00e9 o momento, esperamos que mais desenvolvedores de vacinas se apresentem para avalia\u00e7\u00e3o, para que possamos garantir que as doses cheguem a todas as comunidades que necessitam delas\u201d, completou. A outra dose pr\u00e9-qualificada \u00e9 a da Sanofi Pasteur.<\/p>\n<h2>Vacina\u00e7\u00e3o no Brasil<\/h2>\n<p>No Brasil, a Qdenga come\u00e7ou a ser aplicada na rede p\u00fablica de sa\u00fade em fevereiro. Em raz\u00e3o da quantidade limitada de doses a serem fornecidas pelo pr\u00f3prio fabricante, a imuniza\u00e7\u00e3o \u00e9 feita apenas em crian\u00e7as e adolescentes de 10 a 14 anos de idade, faixa et\u00e1ria que concentra o maior n\u00famero de hospitaliza\u00e7\u00f5es depois dos idosos.<\/p>\n<p>Pessoas com mais de 60 anos n\u00e3o t\u00eam indica\u00e7\u00e3o para receber a dose em raz\u00e3o da aus\u00eancia de estudos cl\u00ednicos.<\/p>\n<h2>Anvisa<\/h2>\n<p>O imunizante teve seu registro aprovado pela Ag\u00eancia Nacional de Vigil\u00e2ncia Sanit\u00e1ria (Anvisa) em mar\u00e7o de 2023. O processo permite a comercializa\u00e7\u00e3o da vacina no Brasil, desde que mantidas as condi\u00e7\u00f5es aprovadas. Em dezembro do ano passado, o minist\u00e9rio anunciou a incorpora\u00e7\u00e3o do insumo no Sistema \u00danico de Sa\u00fade (SUS).<\/p>\n<\/p><\/div>\n<p><br \/>\n<br \/><a href=\"https:\/\/agenciabrasil.ebc.com.br\/saude\/noticia\/2024-05\/vacina-contra-dengue-usada-no-brasil-e-pre-qualificada-pela-oms\" rel=\"noopener\">Ag\u00eancia Brasil <\/a><\/p>\n","protected":false},"excerpt":{"rendered":"<p>A Organiza\u00e7\u00e3o Mundial da Sa\u00fade (OMS) informou nesta quarta-feira (15) que pr\u00e9-qualificou a vacina Qdenga, produzida pelo laborat\u00f3rio japon\u00eas Takeda e atualmente usada para imuniza\u00e7\u00e3o contra a dengue no Brasil. Este \u00e9 o segundo imunizante que combate a doen\u00e7a pr\u00e9-qualificado pela entidade. Em nota, a OMS define a Qdenga como uma vacina viva atenuada que [&hellip;]<\/p>\n","protected":false},"author":1,"featured_media":5144,"comment_status":"open","ping_status":"open","sticky":false,"template":"","format":"standard","meta":{"_jetpack_newsletter_access":"","_jetpack_dont_email_post_to_subs":false,"_jetpack_newsletter_tier_id":0,"_jetpack_memberships_contains_paywalled_content":false,"_mbp_banners":[],"_jetpack_feature_clip_id":0,"_jetpack_memberships_contains_paid_content":false,"footnotes":"","jetpack_publicize_message":"","jetpack_publicize_feature_enabled":true,"jetpack_social_post_already_shared":true,"jetpack_social_options":{"image_generator_settings":{"template":"highway","default_image_id":0,"font":"","enabled":false},"version":2},"jetpack_post_was_ever_published":false},"categories":[15],"tags":[],"class_list":["post-5143","post","type-post","status-publish","format-standard","has-post-thumbnail","category-saude"],"jetpack_publicize_connections":[],"jetpack-related-posts":[],"jetpack_shortlink":"https:\/\/wp.me\/p7Eq1F-1kX","jetpack_sharing_enabled":true,"jetpack_featured_media_url":"https:\/\/i0.wp.com\/guialimeira.com.br\/news\/wp-content\/uploads\/2024\/05\/53602194743_99c2f4cb77_o.jpg?fit=1600%2C800&ssl=1","_links":{"self":[{"href":"https:\/\/guialimeira.com.br\/news\/wp-json\/wp\/v2\/posts\/5143","targetHints":{"allow":["GET"]}}],"collection":[{"href":"https:\/\/guialimeira.com.br\/news\/wp-json\/wp\/v2\/posts"}],"about":[{"href":"https:\/\/guialimeira.com.br\/news\/wp-json\/wp\/v2\/types\/post"}],"author":[{"embeddable":true,"href":"https:\/\/guialimeira.com.br\/news\/wp-json\/wp\/v2\/users\/1"}],"replies":[{"embeddable":true,"href":"https:\/\/guialimeira.com.br\/news\/wp-json\/wp\/v2\/comments?post=5143"}],"version-history":[{"count":0,"href":"https:\/\/guialimeira.com.br\/news\/wp-json\/wp\/v2\/posts\/5143\/revisions"}],"wp:featuredmedia":[{"embeddable":true,"href":"https:\/\/guialimeira.com.br\/news\/wp-json\/wp\/v2\/media\/5144"}],"wp:attachment":[{"href":"https:\/\/guialimeira.com.br\/news\/wp-json\/wp\/v2\/media?parent=5143"}],"wp:term":[{"taxonomy":"category","embeddable":true,"href":"https:\/\/guialimeira.com.br\/news\/wp-json\/wp\/v2\/categories?post=5143"},{"taxonomy":"post_tag","embeddable":true,"href":"https:\/\/guialimeira.com.br\/news\/wp-json\/wp\/v2\/tags?post=5143"}],"curies":[{"name":"wp","href":"https:\/\/api.w.org\/{rel}","templated":true}]}}