{"id":5136,"date":"2024-05-15T17:09:42","date_gmt":"2024-05-15T20:09:42","guid":{"rendered":"https:\/\/guialimeira.com.br\/2024\/05\/15\/rs-gestantes-terao-prioridade-para-testagem-de-hiv-e-sifilis\/"},"modified":"2024-05-15T17:09:42","modified_gmt":"2024-05-15T20:09:42","slug":"rs-gestantes-terao-prioridade-para-testagem-de-hiv-e-sifilis","status":"publish","type":"post","link":"https:\/\/guialimeira.com.br\/news\/rs-gestantes-terao-prioridade-para-testagem-de-hiv-e-sifilis\/","title":{"rendered":"RS: gestantes ter\u00e3o prioridade para testagem de HIV e s\u00edfilis"},"content":{"rendered":"<p> <br \/>\n<\/p>\n<div>\n<p>No Rio Grande do Sul, gestantes e seus parceiros sexuais, al\u00e9m de pessoas com sinais ou sintomas de infec\u00e7\u00f5es sexualmente transmiss\u00edveis (IST), ter\u00e3o prioridade na\u00a0realiza\u00e7\u00e3o de testagem r\u00e1pida para HIV, s\u00edfilis e hepatites B e C. A determina\u00e7\u00e3o consta em nota t\u00e9cnica do Minist\u00e9rio da Sa\u00fade com orienta\u00e7\u00f5es emergenciais sobre as enchentes que atingem munic\u00edpios ga\u00fachos.<img data-recalc-dims=\"1\" decoding=\"async\" src=\"https:\/\/i0.wp.com\/agenciabrasil.ebc.com.br\/ebc.png?w=696&#038;ssl=1\" style=\"width:1px; height:1px; display:inline;\"\/><img data-recalc-dims=\"1\" decoding=\"async\" src=\"https:\/\/i0.wp.com\/agenciabrasil.ebc.com.br\/ebc.gif?w=696&#038;ssl=1\" style=\"width:1px; height:1px; display:inline;\"\/><\/p>\n<p>Ainda de acordo com as orienta\u00e7\u00f5es, a falta de documenta\u00e7\u00e3o, comum em locais atingidos por desastres naturais, n\u00e3o impedir\u00e1 a realiza\u00e7\u00e3o de testagem r\u00e1pida e de exames laboratoriais para IST.<\/p>\n<p>A nota foi elaborada ap\u00f3s mapeamento do cen\u00e1rio dos servi\u00e7os de sa\u00fade que realizam exames de carga viral de HIV, hepatites B e C e contagem de linf\u00f3citos, feito pelo Departamento de HIV, Aids, Tuberculose, Hepatites Virais e Infec\u00e7\u00f5es Sexualmente Transmiss\u00edveis do minist\u00e9rio.<\/p>\n<p>\u201cO documento re\u00fane situa\u00e7\u00f5es e popula\u00e7\u00f5es priorit\u00e1rias para a realiza\u00e7\u00e3o dos respectivos exames, que precisam ser registradas nas solicita\u00e7\u00f5es dos exames, para que os laborat\u00f3rios e servi\u00e7os de sa\u00fade priorizem o atendimento\u201d, destacou a pasta, em nota.<\/p>\n<h2>Tratamento<\/h2>\n<p>Ainda de acordo com o comunicado, o protocolo cl\u00ednico e as diretrizes terap\u00eauticas para o manejo cl\u00ednico de adultos que vivem com HIV preveem que o tratamento antirretroviral deve ser iniciado logo ap\u00f3s o diagn\u00f3stico, de prefer\u00eancia nos primeiros sete dias.<\/p>\n<p>\u201cA equipe t\u00e9cnica do departamento est\u00e1 em contato com gestores de sa\u00fade do Rio Grande do Sul para garantir o cuidado das pessoas mesmo na situa\u00e7\u00e3o de calamidade.\u201d<\/p>\n<h2>Barreiras<\/h2>\n<p>Na semana passada, o minist\u00e9rio publicou nota sobre a remo\u00e7\u00e3o de barreiras de acesso ao tratamento de HIV, aids e hepatites virais durante a vig\u00eancia da situa\u00e7\u00e3o de calamidade p\u00fablica no Rio Grande do Sul.<\/p>\n<p>\u201cAs medidas previstas na nota possuem car\u00e1ter emergencial e excepcional, que visam reduzir o impacto da situa\u00e7\u00e3o de calamidade p\u00fablica que o Rio Grande do Sul vem sofrendo e permanecem v\u00e1lidas durante a vig\u00eancia da Portaria N\u00ba 1.377, de 5 de maio de 2024.\u201d<\/p>\n<\/p><\/div>\n<p><br \/>\n<br \/><a href=\"https:\/\/agenciabrasil.ebc.com.br\/saude\/noticia\/2024-05\/rs-gestantes-terao-prioridade-para-testagem-de-hiv-e-sifilis\" rel=\"noopener\">Ag\u00eancia Brasil <\/a><\/p>\n","protected":false},"excerpt":{"rendered":"<p>No Rio Grande do Sul, gestantes e seus parceiros sexuais, al\u00e9m de pessoas com sinais ou sintomas de infec\u00e7\u00f5es sexualmente transmiss\u00edveis (IST), ter\u00e3o prioridade na\u00a0realiza\u00e7\u00e3o de testagem r\u00e1pida para HIV, s\u00edfilis e hepatites B e C. A determina\u00e7\u00e3o consta em nota t\u00e9cnica do Minist\u00e9rio da Sa\u00fade com orienta\u00e7\u00f5es emergenciais sobre as enchentes que atingem munic\u00edpios [&hellip;]<\/p>\n","protected":false},"author":1,"featured_media":5137,"comment_status":"open","ping_status":"open","sticky":false,"template":"","format":"standard","meta":{"_jetpack_newsletter_access":"","_jetpack_dont_email_post_to_subs":false,"_jetpack_newsletter_tier_id":0,"_jetpack_memberships_contains_paywalled_content":false,"_mbp_banners":[],"_jetpack_feature_clip_id":0,"_jetpack_memberships_contains_paid_content":false,"footnotes":"","jetpack_publicize_message":"","jetpack_publicize_feature_enabled":true,"jetpack_social_post_already_shared":true,"jetpack_social_options":{"image_generator_settings":{"template":"highway","default_image_id":0,"font":"","enabled":false},"version":2},"jetpack_post_was_ever_published":false},"categories":[15],"tags":[],"class_list":["post-5136","post","type-post","status-publish","format-standard","has-post-thumbnail","category-saude"],"jetpack_publicize_connections":[],"jetpack-related-posts":[],"jetpack_shortlink":"https:\/\/wp.me\/p7Eq1F-1kQ","jetpack_sharing_enabled":true,"jetpack_featured_media_url":"https:\/\/i0.wp.com\/guialimeira.com.br\/news\/wp-content\/uploads\/2024\/05\/testagemhiv3.jpg?fit=1600%2C800&ssl=1","_links":{"self":[{"href":"https:\/\/guialimeira.com.br\/news\/wp-json\/wp\/v2\/posts\/5136","targetHints":{"allow":["GET"]}}],"collection":[{"href":"https:\/\/guialimeira.com.br\/news\/wp-json\/wp\/v2\/posts"}],"about":[{"href":"https:\/\/guialimeira.com.br\/news\/wp-json\/wp\/v2\/types\/post"}],"author":[{"embeddable":true,"href":"https:\/\/guialimeira.com.br\/news\/wp-json\/wp\/v2\/users\/1"}],"replies":[{"embeddable":true,"href":"https:\/\/guialimeira.com.br\/news\/wp-json\/wp\/v2\/comments?post=5136"}],"version-history":[{"count":0,"href":"https:\/\/guialimeira.com.br\/news\/wp-json\/wp\/v2\/posts\/5136\/revisions"}],"wp:featuredmedia":[{"embeddable":true,"href":"https:\/\/guialimeira.com.br\/news\/wp-json\/wp\/v2\/media\/5137"}],"wp:attachment":[{"href":"https:\/\/guialimeira.com.br\/news\/wp-json\/wp\/v2\/media?parent=5136"}],"wp:term":[{"taxonomy":"category","embeddable":true,"href":"https:\/\/guialimeira.com.br\/news\/wp-json\/wp\/v2\/categories?post=5136"},{"taxonomy":"post_tag","embeddable":true,"href":"https:\/\/guialimeira.com.br\/news\/wp-json\/wp\/v2\/tags?post=5136"}],"curies":[{"name":"wp","href":"https:\/\/api.w.org\/{rel}","templated":true}]}}