{"id":513,"date":"2024-03-30T06:06:49","date_gmt":"2024-03-30T09:06:49","guid":{"rendered":"https:\/\/guialimeira.com.br\/2024\/03\/30\/pira-nos-bairros-chega-ao-jardim-costa-rica-neste-sabado-24-02-portal-do-municipio-de-piracicaba\/"},"modified":"2024-03-30T06:06:49","modified_gmt":"2024-03-30T09:06:49","slug":"pira-nos-bairros-chega-ao-jardim-costa-rica-neste-sabado-24-02-portal-do-municipio-de-piracicaba","status":"publish","type":"post","link":"https:\/\/guialimeira.com.br\/news\/pira-nos-bairros-chega-ao-jardim-costa-rica-neste-sabado-24-02-portal-do-municipio-de-piracicaba\/","title":{"rendered":"Pira nos Bairros chega ao Jardim Costa Rica neste s\u00e1bado, 24\/02 \u2013 Portal do Munic\u00edpio de Piracicaba"},"content":{"rendered":"<p> <br \/>\n<\/p>\n<div>\n<figure class=\"text-center\">\n<img data-recalc-dims=\"1\" width=\"696\" height=\"464\" src=\"https:\/\/i0.wp.com\/piracicaba.sp.gov.br\/wp-content\/uploads\/2024\/02\/Prefeitura-vai-disponibilizar-diversos-servicos-municipais-aos-moradores-da-regiao-do-Costa-Rica-1024x683.jpg?resize=696%2C464&#038;ssl=1\" class=\"img-fluid img-thumbnail border-1 wp-post-image\" alt=\"Prefeitura vai disponibilizar diversos servi\u00e7os municipais aos moradores da regi\u00e3o do Costa Rica\" itemprop=\"image\" decoding=\"async\" fetchpriority=\"high\" srcset=\"https:\/\/piracicaba.sp.gov.br\/wp-content\/uploads\/2024\/02\/Prefeitura-vai-disponibilizar-diversos-servicos-municipais-aos-moradores-da-regiao-do-Costa-Rica-1024x683.jpg 1024w, https:\/\/piracicaba.sp.gov.br\/wp-content\/uploads\/2024\/02\/Prefeitura-vai-disponibilizar-diversos-servicos-municipais-aos-moradores-da-regiao-do-Costa-Rica-300x200.jpg 300w, https:\/\/piracicaba.sp.gov.br\/wp-content\/uploads\/2024\/02\/Prefeitura-vai-disponibilizar-diversos-servicos-municipais-aos-moradores-da-regiao-do-Costa-Rica-768x512.jpg 768w, https:\/\/piracicaba.sp.gov.br\/wp-content\/uploads\/2024\/02\/Prefeitura-vai-disponibilizar-diversos-servicos-municipais-aos-moradores-da-regiao-do-Costa-Rica-1536x1024.jpg 1536w, https:\/\/piracicaba.sp.gov.br\/wp-content\/uploads\/2024\/02\/Prefeitura-vai-disponibilizar-diversos-servicos-municipais-aos-moradores-da-regiao-do-Costa-Rica-2048x1365.jpg 2048w\" sizes=\"(max-width: 1024px) 100vw, 1024px\"\/><figcaption class=\"text-center small fw-bold fst-italic mt-1\">Prefeitura vai disponibilizar diversos servi\u00e7os municipais aos moradores da regi\u00e3o do Costa Rica<\/figcaption><\/figure>\n<p>Amanh\u00e3, 24\/02, \u00e9 a vez da regi\u00e3o do Jardim Costa Rica receber as a\u00e7\u00f5es do programa Pira nos Bairros. A segunda a\u00e7\u00e3o do ano acontecer\u00e1 na Escola Municipal Jo\u00e3o Oriani, localizada na rua Vaticano, 502, das 9h \u00e0s 13h. Al\u00e9m de reunir em um \u00fanico lugar e de forma simult\u00e2nea diversos servi\u00e7os oferecidos pelo Prefeitura de Piracicaba, por meio das secretarias municipais, desta vez a a\u00e7\u00e3o ter\u00e1 foco especial no combate \u00e0 dengue.<\/p>\n<p>A intensifica\u00e7\u00e3o deste trabalho se faz necess\u00e1ria uma vez que todas as cidades da Regi\u00e3o Metropolitana de Piracicaba est\u00e3o sendo acometidas pelo crescimento dos casos confirmados de dengue, o que tem preocupado as autoridades em sa\u00fade municipal, estadual e federal. Na oportunidade, a\u00e7\u00f5es de preven\u00e7\u00e3o, orienta\u00e7\u00e3o e educa\u00e7\u00e3o acontecer\u00e3o como importantes aliados na elimina\u00e7\u00e3o dos criadouros e afastar os riscos que a dengue traz \u00e0 popula\u00e7\u00e3o. Cabe destacar que esta programa\u00e7\u00e3o integra a\u00e7\u00e3o regional de combate \u00e0 dengue promovida pela EPTV, emissora filiada a Rede Globo.<\/p>\n<p>Al\u00e9m do combate \u00e0 dengue, diversos outros servi\u00e7os ser\u00e3o oferecidos \u00e0 popula\u00e7\u00e3o. Os moradores podem consultar e parcelar d\u00e9bitos, como IPTU e taxas municipais (Secretaria de Finan\u00e7as), informa\u00e7\u00f5es sobre servi\u00e7os e programas da Assist\u00eancia Social, al\u00e9m de atualiza\u00e7\u00e3o do Cadastro \u00danico (Smads).<\/p>\n<figure class=\"wp-block-image size-large\"><img data-recalc-dims=\"1\" loading=\"lazy\" data-attachment-id=\"73322\" data-permalink=\"https:\/\/guialimeira.com.br\/news\/mes-dos-pais-patio-limeira-shopping-sedia-9a-feira-de-discos\/whatsapp-image-2026-07-29-at-12-50-07-jpeg\/\" data-orig-file=\"https:\/\/i0.wp.com\/guialimeira.com.br\/news\/wp-content\/uploads\/2026\/07\/WhatsApp-Image-2026-07-29-at-12.50.07.jpeg?fit=1213%2C683&amp;ssl=1\" data-orig-size=\"1213,683\" data-comments-opened=\"0\" data-image-meta=\"{&quot;aperture&quot;:&quot;0&quot;,&quot;credit&quot;:&quot;&quot;,&quot;camera&quot;:&quot;&quot;,&quot;caption&quot;:&quot;&quot;,&quot;created_timestamp&quot;:&quot;0&quot;,&quot;copyright&quot;:&quot;&quot;,&quot;focal_length&quot;:&quot;0&quot;,&quot;iso&quot;:&quot;0&quot;,&quot;shutter_speed&quot;:&quot;0&quot;,&quot;title&quot;:&quot;&quot;,&quot;orientation&quot;:&quot;0&quot;,&quot;alt&quot;:&quot;&quot;}\" data-image-title=\"WhatsApp-Image-2026-07-29-at-12.50.07.jpeg\" data-image-description=\"\" data-image-caption=\"\" data-large-file=\"https:\/\/i0.wp.com\/guialimeira.com.br\/news\/wp-content\/uploads\/2026\/07\/WhatsApp-Image-2026-07-29-at-12.50.07.jpeg?fit=696%2C392&amp;ssl=1\" decoding=\"async\" width=\"696\" height=\"392\" src=\"https:\/\/i0.wp.com\/piracicaba.sp.gov.br\/wp-content\/uploads\/2024\/02\/Pira-nos-Bairros-no-bairro-Costa-Rica-3-1024x576.jpg?resize=696%2C392&#038;ssl=1\" alt=\"Pira nos Bairros acontecer\u00e1 no bairro Costa Rica\" class=\"wp-image-73322\" srcset=\"https:\/\/piracicaba.sp.gov.br\/wp-content\/uploads\/2024\/02\/Pira-nos-Bairros-no-bairro-Costa-Rica-3-1024x576.jpg 1024w, https:\/\/piracicaba.sp.gov.br\/wp-content\/uploads\/2024\/02\/Pira-nos-Bairros-no-bairro-Costa-Rica-3-300x169.jpg 300w, https:\/\/piracicaba.sp.gov.br\/wp-content\/uploads\/2024\/02\/Pira-nos-Bairros-no-bairro-Costa-Rica-3-768x432.jpg 768w, https:\/\/piracicaba.sp.gov.br\/wp-content\/uploads\/2024\/02\/Pira-nos-Bairros-no-bairro-Costa-Rica-3-1536x864.jpg 1536w, https:\/\/piracicaba.sp.gov.br\/wp-content\/uploads\/2024\/02\/Pira-nos-Bairros-no-bairro-Costa-Rica-3-2048x1152.jpg 2048w\" sizes=\"auto, (max-width: 1024px) 100vw, 1024px\"\/><figcaption class=\"wp-element-caption\"><strong><em>Pira nos Bairros acontecer\u00e1 no bairro Costa Rica<\/em><\/strong><\/figcaption><\/figure>\n<p>A Secretaria Municipal de Desenvolvimento Econ\u00f4mico, Trabalho e Turismo (Semdettur) vai fazer no local cadastro para vagas de emprego e cursos de qualifica\u00e7\u00e3o, al\u00e9m de orienta\u00e7\u00f5es sobre o Banco do Povo, MEI e sobre formaliza\u00e7\u00e3o de ambulantes. Tamb\u00e9m \u00e9 poss\u00edvel fazer a emiss\u00e3o do cart\u00e3o de transporte coletivo ou espec\u00edficos para idosos e PCD\u2019s.<\/p>\n<p>O Semae (Servi\u00e7o Municipal de \u00c1gua e Esgoto) fornecer\u00e1 informa\u00e7\u00f5es sobre a Tarifa Social, consultas e tamb\u00e9m ser\u00e1 poss\u00edvel fazer notifica\u00e7\u00f5es de vazamentos, atualiza\u00e7\u00e3o de cadastros, levantamento de d\u00e9bitos, entre outros servi\u00e7os.<\/p>\n<p>As crian\u00e7as podem aproveitar as atividades oferecidas pela Secretaria Municipal da A\u00e7\u00e3o Cultural (Semac), como pintura facial, recrea\u00e7\u00e3o com personagens infantis e atividades circenses. A Secretaria de Esportes, Lazer e Atividades Motoras (Selam) oferece ainda atividades esportivas, brinquedos infl\u00e1veis, pipoca e algod\u00e3o-doce.<\/p>\n<figure class=\"wp-block-image size-large\"><img data-recalc-dims=\"1\" loading=\"lazy\" decoding=\"async\" width=\"696\" height=\"464\" src=\"https:\/\/i0.wp.com\/piracicaba.sp.gov.br\/wp-content\/uploads\/2024\/02\/Atracoes-culturais-estarao-presentes-nesta-edicao-do-Pira-nos-Bairros-1024x683.jpg?resize=696%2C464&#038;ssl=1\" alt=\"Atra\u00e7\u00f5es culturais estar\u00e3o presentes nesta edi\u00e7\u00e3o do Pira nos Bairros\" class=\"wp-image-73321\" srcset=\"https:\/\/piracicaba.sp.gov.br\/wp-content\/uploads\/2024\/02\/Atracoes-culturais-estarao-presentes-nesta-edicao-do-Pira-nos-Bairros-1024x683.jpg 1024w, https:\/\/piracicaba.sp.gov.br\/wp-content\/uploads\/2024\/02\/Atracoes-culturais-estarao-presentes-nesta-edicao-do-Pira-nos-Bairros-300x200.jpg 300w, https:\/\/piracicaba.sp.gov.br\/wp-content\/uploads\/2024\/02\/Atracoes-culturais-estarao-presentes-nesta-edicao-do-Pira-nos-Bairros-768x512.jpg 768w, https:\/\/piracicaba.sp.gov.br\/wp-content\/uploads\/2024\/02\/Atracoes-culturais-estarao-presentes-nesta-edicao-do-Pira-nos-Bairros-1536x1024.jpg 1536w, https:\/\/piracicaba.sp.gov.br\/wp-content\/uploads\/2024\/02\/Atracoes-culturais-estarao-presentes-nesta-edicao-do-Pira-nos-Bairros-2048x1365.jpg 2048w\" sizes=\"auto, (max-width: 1024px) 100vw, 1024px\"\/><figcaption class=\"wp-element-caption\"><strong><em>Atra\u00e7\u00f5es culturais estar\u00e3o presentes nesta edi\u00e7\u00e3o do Pira nos Bairros<\/em><\/strong><\/figcaption><\/figure>\n<p>Durante a a\u00e7\u00e3o, a Guarda Civil tamb\u00e9m faz a apresenta\u00e7\u00e3o do canil e Setor de Direito Animal.<\/p>\n<p><strong>SA\u00daDE \u2013<\/strong>\u00a0A Secretaria Municipal de Sa\u00fade tamb\u00e9m levar\u00e1 diversos servi\u00e7os e atendimentos para a popula\u00e7\u00e3o como aferi\u00e7\u00e3o de press\u00e3o arterial, teste de glicemia e testes r\u00e1pidos de HIV, s\u00edfilis e hepatite; avalia\u00e7\u00e3o antropom\u00e9trica (peso e altura) e orienta\u00e7\u00f5es sobre alimenta\u00e7\u00e3o e seguran\u00e7a alimentar, vacina\u00e7\u00e3o contra a gripe (influenza) e a Covid-19 (Bivalente). No setor de odontologia, haver\u00e1 orienta\u00e7\u00e3o sobre sa\u00fade bucal e atendimento para rastreio de les\u00f5es bucais. A Cl\u00ednica de Olhos far\u00e1 testes de vis\u00e3o e avalia\u00e7\u00e3o de retina.<\/p>\n<p>O Centro de Controle de Zoonoses (CCZ) tamb\u00e9m oferece orienta\u00e7\u00f5es de sa\u00fade sobre animais sinantr\u00f3picos (escorpi\u00e3o, aranha, barata, pombo, morcego, carrapato, rato e mosquito Aedes Aegypti).<\/p>\n<p><strong>PETS E SA\u00daDE ANIMAL<\/strong>\u00a0\u2013 Os moradores que precisam atualizar a vacina\u00e7\u00e3o dos animais de estima\u00e7\u00e3o podem contar com este servi\u00e7o durante a a\u00e7\u00e3o. Em parceria com a Unimep (Universidade Metodista de Piracicaba) o N\u00facleo de Bem-Estar Animal (NBA) vai fazer a imuniza\u00e7\u00e3o de c\u00e3es e gatos com a vacina polivalente (V10), al\u00e9m de agendamento de castra\u00e7\u00e3o (a ser realizada no NBA) e orienta\u00e7\u00e3o veterin\u00e1ria pelo Consult\u00f3rio Itinerante.<\/p>\n<p><strong>PARCEIROS<\/strong>\u00a0\u2013 A OAB (Ordem dos Advogados do Brasil), que participa do programa em parceria com a Prefeitura, faz atendimentos e orienta\u00e7\u00e3o jur\u00eddica durante a a\u00e7\u00e3o. O Memorial Metropolitano vai oferecer cortes de cabelo, manicure e design de sobrancelhas para a popula\u00e7\u00e3o.<\/p>\n<p><strong>SERVI\u00c7O \u2013<\/strong>\u00a013\u00aa edi\u00e7\u00e3o do Pira nos Bairros.\u00a0Amanh\u00e3, s\u00e1bado, 24\/02, na Escola Municipal Jo\u00e3o Oriani, \u00e0 rua Vaticano, 502, das 9h \u00e0s 13h. Gratuito.<\/p>\n<\/div>\n<p><br \/>\n<br \/><a href=\"https:\/\/piracicaba.sp.gov.br\/noticias\/pira-nos-bairros-chega-ao-jardim-costa-rica-neste-sabado-24-02\/\" rel=\"noopener\">Informa\u00e7\u00f5es PMP <\/a><\/p>\n","protected":false},"excerpt":{"rendered":"<p>Prefeitura vai disponibilizar diversos servi\u00e7os municipais aos moradores da regi\u00e3o do Costa Rica Amanh\u00e3, 24\/02, \u00e9 a vez da regi\u00e3o do Jardim Costa Rica receber as a\u00e7\u00f5es do programa Pira nos Bairros. A segunda a\u00e7\u00e3o do ano acontecer\u00e1 na Escola Municipal Jo\u00e3o Oriani, localizada na rua Vaticano, 502, das 9h \u00e0s 13h. Al\u00e9m de reunir [&hellip;]<\/p>\n","protected":false},"author":1,"featured_media":514,"comment_status":"open","ping_status":"open","sticky":false,"template":"","format":"standard","meta":{"_jetpack_newsletter_access":"","_jetpack_dont_email_post_to_subs":false,"_jetpack_newsletter_tier_id":0,"_jetpack_memberships_contains_paywalled_content":false,"_mbp_banners":[],"_jetpack_feature_clip_id":0,"_jetpack_memberships_contains_paid_content":false,"footnotes":"","jetpack_publicize_message":"","jetpack_publicize_feature_enabled":true,"jetpack_social_post_already_shared":true,"jetpack_social_options":{"image_generator_settings":{"template":"highway","default_image_id":0,"font":"","enabled":false},"version":2},"jetpack_post_was_ever_published":false},"categories":[20],"tags":[],"class_list":["post-513","post","type-post","status-publish","format-standard","has-post-thumbnail","category-regiao"],"jetpack_publicize_connections":[],"jetpack-related-posts":[],"jetpack_shortlink":"https:\/\/wp.me\/p7Eq1F-8h","jetpack_sharing_enabled":true,"jetpack_featured_media_url":"https:\/\/i0.wp.com\/guialimeira.com.br\/news\/wp-content\/uploads\/2024\/03\/Prefeitura-vai-disponibilizar-diversos-servicos-municipais-aos-moradores-da-regiao-do-Costa-Rica-scaled.jpg?fit=2560%2C1706&ssl=1","_links":{"self":[{"href":"https:\/\/guialimeira.com.br\/news\/wp-json\/wp\/v2\/posts\/513","targetHints":{"allow":["GET"]}}],"collection":[{"href":"https:\/\/guialimeira.com.br\/news\/wp-json\/wp\/v2\/posts"}],"about":[{"href":"https:\/\/guialimeira.com.br\/news\/wp-json\/wp\/v2\/types\/post"}],"author":[{"embeddable":true,"href":"https:\/\/guialimeira.com.br\/news\/wp-json\/wp\/v2\/users\/1"}],"replies":[{"embeddable":true,"href":"https:\/\/guialimeira.com.br\/news\/wp-json\/wp\/v2\/comments?post=513"}],"version-history":[{"count":0,"href":"https:\/\/guialimeira.com.br\/news\/wp-json\/wp\/v2\/posts\/513\/revisions"}],"wp:featuredmedia":[{"embeddable":true,"href":"https:\/\/guialimeira.com.br\/news\/wp-json\/wp\/v2\/media\/514"}],"wp:attachment":[{"href":"https:\/\/guialimeira.com.br\/news\/wp-json\/wp\/v2\/media?parent=513"}],"wp:term":[{"taxonomy":"category","embeddable":true,"href":"https:\/\/guialimeira.com.br\/news\/wp-json\/wp\/v2\/categories?post=513"},{"taxonomy":"post_tag","embeddable":true,"href":"https:\/\/guialimeira.com.br\/news\/wp-json\/wp\/v2\/tags?post=513"}],"curies":[{"name":"wp","href":"https:\/\/api.w.org\/{rel}","templated":true}]}}