{"id":5128,"date":"2024-05-15T15:18:43","date_gmt":"2024-05-15T18:18:43","guid":{"rendered":"https:\/\/guialimeira.com.br\/2024\/05\/15\/confira-a-operacao-dos-transportes-metropolitanos-na-virada-cultural\/"},"modified":"2024-05-15T15:18:43","modified_gmt":"2024-05-15T18:18:43","slug":"confira-a-operacao-dos-transportes-metropolitanos-na-virada-cultural","status":"publish","type":"post","link":"https:\/\/guialimeira.com.br\/news\/confira-a-operacao-dos-transportes-metropolitanos-na-virada-cultural\/","title":{"rendered":"Confira a opera\u00e7\u00e3o dos Transportes Metropolitanos na Virada Cultural"},"content":{"rendered":"<p> <br \/>\n<\/p>\n<div id=\"\">&#13;<br \/>\n                                <!-- Title -->&#13;<br \/>\n                                &#13;<br \/>\n&#13;<br \/>\n                                <!-- Excerpt -->&#13;<\/p>\n<p class=\"excerpt\">As linhas sobre trilhos funcionar\u00e3o de maneira ininterrupta para facilitar o trajeto dos passageiros que pretendem curtir as atra\u00e7\u00f5es<\/p>\n<p>&#13;<br \/>\n&#13;<br \/>\n                                &#13;\n                            <\/p><\/div>\n<div id=\"\">&#13;<\/p>\n<figure id=\"attachment_5885177\" style=\"width: 100%;max-width: 1600px\" class=\"wp-caption alignnone\"><img data-recalc-dims=\"1\" decoding=\"async\" loading=\"lazy\" class=\"wp-image-5885177 size-full\" src=\"https:\/\/i0.wp.com\/www.saopaulo.sp.gov.br\/wp-content\/uploads\/2024\/05\/arquivo5-1.jpg?resize=696%2C446&#038;ssl=1\" alt=\"\" width=\"696\" height=\"446\" srcset=\"https:\/\/www.saopaulo.sp.gov.br\/wp-content\/uploads\/2024\/05\/arquivo5-1.jpg 1600w, https:\/\/www.saopaulo.sp.gov.br\/wp-content\/uploads\/2024\/05\/arquivo5-1-300x192.jpg 300w, https:\/\/www.saopaulo.sp.gov.br\/wp-content\/uploads\/2024\/05\/arquivo5-1-1024x657.jpg 1024w, https:\/\/www.saopaulo.sp.gov.br\/wp-content\/uploads\/2024\/05\/arquivo5-1-768x492.jpg 768w, https:\/\/www.saopaulo.sp.gov.br\/wp-content\/uploads\/2024\/05\/arquivo5-1-1536x985.jpg 1536w\" sizes=\"auto, (max-width: 1600px) 100vw, 1600px\"\/><figcaption class=\"wp-caption-text\">As linhas funcionar\u00e3o de maneira ininterrupta para facilitar o trajeto dos passageiros<\/figcaption><\/figure>\n<p>Neste fim de semana, nos dias 18 e 19 de maio, as empresas ligadas \u00e0 Secretaria dos Transportes Metropolitanos (STM) ter\u00e3o opera\u00e7\u00e3o especial para atender ao p\u00fablico da Virada Cultural 2024. As linhas sobre trilhos funcionar\u00e3o de maneira ininterrupta para facilitar o trajeto dos passageiros que pretendem curtir as atra\u00e7\u00f5es culturais.<\/p>\n<p><b>Trilhos<\/b><\/p>\n<p>De s\u00e1bado (18) para domingo (19), as linhas da CPTM ir\u00e3o operar ininterruptamente durante a madrugada. Entre meia-noite e 4h da manh\u00e3, as esta\u00e7\u00f5es estar\u00e3o fechadas para embarque e apenas os passageiros que chegarem \u00e0 CPTM por meio de integra\u00e7\u00e3o com o Metr\u00f4 poder\u00e3o embarcar. Os intervalos m\u00e9dios entre os trens ser\u00e3o de 30 minutos nas cinco linhas da companhia neste hor\u00e1rio especial. Ser\u00e3o disponibilizados trens de prontid\u00e3o em locais estrat\u00e9gicos ao longo da malha ferrovi\u00e1ria, que poder\u00e3o ser utilizados se necess\u00e1rio.<\/p>\n<p>J\u00e1 no\u00a0Metr\u00f4, a opera\u00e7\u00e3o das quatro linhas ser\u00e1 ininterrupta durante a madrugada do s\u00e1bado (18) para o domingo (19). As esta\u00e7\u00f5es S\u00e3o Bento e Anhangaba\u00fa ficar\u00e3o abertas para embarque e desembarque e todas as demais esta\u00e7\u00f5es abertas para desembarque. Na esta\u00e7\u00e3o Anhangaba\u00fa, o embarque ser\u00e1 feito pelo acesso Formosa e, na esta\u00e7\u00e3o S\u00e3o Bento, o p\u00fablico poder\u00e1 embarcar pelo acesso do Vale. Os demais acessos destas esta\u00e7\u00f5es ficar\u00e3o fechados. A opera\u00e7\u00e3o ser\u00e1 monitorada pelo Centro de Controle Operacional (CCO) e se\u00a0 houver necessidade, haver\u00e1 aumento na frota.<\/p>\n<p><b>Linhas intermunicipais<\/b><\/p>\n<p>As linhas intermunicipais gerenciadas pela\u00a0EMTU\u00a0que operam nas regi\u00f5es do Butant\u00e3 e Heli\u00f3polis ter\u00e3o mudan\u00e7as de itiner\u00e1rio durante a Virada Cultural.<\/p>\n<p>A partir das 22h da sexta-feira (17) at\u00e9 a madrugada de segunda-feira (20), as linhas 033, 068, 079, 191, 241, 300, 511 e 841 ir\u00e3o utilizar o Corredor Francisco Morato. Na regi\u00e3o de Heli\u00f3polis, os servi\u00e7os 008, 063, 063EX1, 158, 160, 493 e 493DV1 ter\u00e3o desvio de itiner\u00e1rio, no sentido ABC, a partir das 17h da sexta (17) at\u00e9 a madrugada de segunda-feira (20). Agentes da EMTU v\u00e3o monitorar a opera\u00e7\u00e3o e orientar os passageiros.<\/p>\n<p>Siga o canal \u201cGoverno de S\u00e3o Paulo\u201d no WhatsApp:<br \/><a href=\"https:\/\/bit.ly\/govspnozap\" target=\"_blank\" rel=\"noopener noreferrer\">https:\/\/bit.ly\/govspnozap<\/a><\/p>\n<\/p><\/div>\n<p><br \/>\n<br \/><a href=\"https:\/\/www.saopaulo.sp.gov.br\/spnoticias\/ultimas-noticias\/virada-cultural-confira-a-operacao-especial-dos-transportes-metropolitanos-de-sp\/\" rel=\"noopener\">Informa\u00e7\u00f5es GOV.SP<\/a><\/p>\n","protected":false},"excerpt":{"rendered":"<p>&#13; &#13; &#13; &#13; &#13; As linhas sobre trilhos funcionar\u00e3o de maneira ininterrupta para facilitar o trajeto dos passageiros que pretendem curtir as atra\u00e7\u00f5es &#13; &#13; &#13; &#13; As linhas funcionar\u00e3o de maneira ininterrupta para facilitar o trajeto dos passageiros Neste fim de semana, nos dias 18 e 19 de maio, as empresas ligadas \u00e0 [&hellip;]<\/p>\n","protected":false},"author":1,"featured_media":5129,"comment_status":"open","ping_status":"open","sticky":false,"template":"","format":"standard","meta":{"_jetpack_newsletter_access":"","_jetpack_dont_email_post_to_subs":false,"_jetpack_newsletter_tier_id":0,"_jetpack_memberships_contains_paywalled_content":false,"_mbp_banners":[],"_jetpack_feature_clip_id":0,"_jetpack_memberships_contains_paid_content":false,"footnotes":"","jetpack_publicize_message":"","jetpack_publicize_feature_enabled":true,"jetpack_social_post_already_shared":true,"jetpack_social_options":{"image_generator_settings":{"template":"highway","default_image_id":0,"font":"","enabled":false},"version":2},"jetpack_post_was_ever_published":false},"categories":[21],"tags":[],"class_list":["post-5128","post","type-post","status-publish","format-standard","has-post-thumbnail","category-sp-news"],"jetpack_publicize_connections":[],"jetpack-related-posts":[],"jetpack_shortlink":"https:\/\/wp.me\/p7Eq1F-1kI","jetpack_sharing_enabled":true,"jetpack_featured_media_url":"https:\/\/i0.wp.com\/guialimeira.com.br\/news\/wp-content\/uploads\/2024\/05\/Confira-a-operacao-dos-Transportes-Metropolitanos-na-Virada-Cultural.jpg?fit=1600%2C1026&ssl=1","_links":{"self":[{"href":"https:\/\/guialimeira.com.br\/news\/wp-json\/wp\/v2\/posts\/5128","targetHints":{"allow":["GET"]}}],"collection":[{"href":"https:\/\/guialimeira.com.br\/news\/wp-json\/wp\/v2\/posts"}],"about":[{"href":"https:\/\/guialimeira.com.br\/news\/wp-json\/wp\/v2\/types\/post"}],"author":[{"embeddable":true,"href":"https:\/\/guialimeira.com.br\/news\/wp-json\/wp\/v2\/users\/1"}],"replies":[{"embeddable":true,"href":"https:\/\/guialimeira.com.br\/news\/wp-json\/wp\/v2\/comments?post=5128"}],"version-history":[{"count":0,"href":"https:\/\/guialimeira.com.br\/news\/wp-json\/wp\/v2\/posts\/5128\/revisions"}],"wp:featuredmedia":[{"embeddable":true,"href":"https:\/\/guialimeira.com.br\/news\/wp-json\/wp\/v2\/media\/5129"}],"wp:attachment":[{"href":"https:\/\/guialimeira.com.br\/news\/wp-json\/wp\/v2\/media?parent=5128"}],"wp:term":[{"taxonomy":"category","embeddable":true,"href":"https:\/\/guialimeira.com.br\/news\/wp-json\/wp\/v2\/categories?post=5128"},{"taxonomy":"post_tag","embeddable":true,"href":"https:\/\/guialimeira.com.br\/news\/wp-json\/wp\/v2\/tags?post=5128"}],"curies":[{"name":"wp","href":"https:\/\/api.w.org\/{rel}","templated":true}]}}