{"id":5120,"date":"2024-05-15T14:13:45","date_gmt":"2024-05-15T17:13:45","guid":{"rendered":"https:\/\/guialimeira.com.br\/2024\/05\/15\/conselho-da-petrobras-aprova-fim-do-mandato-de-jean-paul-prates\/"},"modified":"2024-05-15T14:13:45","modified_gmt":"2024-05-15T17:13:45","slug":"conselho-da-petrobras-aprova-fim-do-mandato-de-jean-paul-prates","status":"publish","type":"post","link":"https:\/\/guialimeira.com.br\/news\/conselho-da-petrobras-aprova-fim-do-mandato-de-jean-paul-prates\/","title":{"rendered":"Conselho da Petrobras aprova fim do mandato de Jean Paul Prates"},"content":{"rendered":"<p> <br \/>\n<\/p>\n<div>\n<p>O Conselho de Administra\u00e7\u00e3o da Petrobras aprovou, na manh\u00e3 desta quarta-feira (15), o encerramento antecipado do mandato do presidente Jean Paul Prates. Para o seu lugar, foi nomeada interinamente a diretora executiva de assuntos corporativos, Clarice Coppetti.<img data-recalc-dims=\"1\" decoding=\"async\" src=\"https:\/\/i0.wp.com\/agenciabrasil.ebc.com.br\/ebc.png?w=696&#038;ssl=1\" style=\"width:1px; height:1px; display:inline;\"\/><img data-recalc-dims=\"1\" decoding=\"async\" src=\"https:\/\/i0.wp.com\/agenciabrasil.ebc.com.br\/ebc.gif?w=696&#038;ssl=1\" style=\"width:1px; height:1px; display:inline;\"\/><\/p>\n<p>No m\u00eas passado, o\u00a0ministro de Minas e Energia, Alexandre Silveira,\u00a0<a href=\"https:\/\/agenciabrasil.ebc.com.br\/economia\/noticia\/2024-04\/ministro-diz-que-demissao-de-presidente-da-petrobras-e-especulacao\" target=\"_blank\" rel=\"noopener\">reconheceu\u00a0a exist\u00eancia de posi\u00e7\u00f5es p\u00fablicas divergentes\u00a0entre o presidente da companhia e o governo<\/a>, mas classificou rumores sobre demiss\u00e3o como especula\u00e7\u00f5es.\u00a0\u00a0<\/p>\n<p>O Minist\u00e9rio de Minas e Energia (MME) <a href=\"https:\/\/agenciabrasil.ebc.com.br\/economia\/noticia\/2024-05\/governo-indica-magda-chambriard-para-presidencia-da-petrobras\" target=\"_blank\" rel=\"noopener\">indicou a engenheira Magda Chambriard<\/a> para substituir Prates.<\/p>\n<p>O nome de Magda ainda precisa passar por an\u00e1lises internas da empresa. S\u00e3o investigados potenciais conflitos de interesse e preparo para o cargo. Posteriormente, a indica\u00e7\u00e3o de Magda dever\u00e1 ser aprovada no Conselho de Administra\u00e7\u00e3o e referendada pela Assembleia dos Acionistas.<\/p>\n<p>Ela \u00e9 engenheira qu\u00edmica e civil e iniciou sua carreira na Petrobras em 1980, tendo sido posteriormente cedida \u00e0 Ag\u00eancia Nacional de Petr\u00f3leo, G\u00e1s Natural e Biocombust\u00edveis (ANP) em 2002. Ela ocupou a diretoria geral da ANP entre 2012 e 2016, nomeada pela ent\u00e3o presidenta\u00a0Dilma Rousseff.<\/p>\n<p>O diretor financeiro e de relacionamento com investidores, Sergio Caetano Leite, tamb\u00e9m foi destitu\u00eddo do cargo pelo Conselho de Administra\u00e7\u00e3o. Ele era pr\u00f3ximo a Jean Paul Prates. Para o seu lugar, foi nomeado interinamente Carlos Alberto Rechelo Neto, atual gerente executivo de finan\u00e7as.<\/p>\n<\/p><\/div>\n<p><br \/>\n<br \/><a href=\"https:\/\/agenciabrasil.ebc.com.br\/economia\/noticia\/2024-05\/conselho-da-petrobras-aprova-fim-do-mandato-de-jean-paul-prates\" rel=\"noopener\">Ag\u00eancia Brasil<\/a><\/p>\n","protected":false},"excerpt":{"rendered":"<p>O Conselho de Administra\u00e7\u00e3o da Petrobras aprovou, na manh\u00e3 desta quarta-feira (15), o encerramento antecipado do mandato do presidente Jean Paul Prates. Para o seu lugar, foi nomeada interinamente a diretora executiva de assuntos corporativos, Clarice Coppetti. No m\u00eas passado, o\u00a0ministro de Minas e Energia, Alexandre Silveira,\u00a0reconheceu\u00a0a exist\u00eancia de posi\u00e7\u00f5es p\u00fablicas divergentes\u00a0entre o presidente da [&hellip;]<\/p>\n","protected":false},"author":1,"featured_media":1320,"comment_status":"open","ping_status":"open","sticky":false,"template":"","format":"standard","meta":{"_jetpack_newsletter_access":"","_jetpack_dont_email_post_to_subs":false,"_jetpack_newsletter_tier_id":0,"_jetpack_memberships_contains_paywalled_content":false,"_mbp_banners":[],"_jetpack_feature_clip_id":0,"_jetpack_memberships_contains_paid_content":false,"footnotes":"","jetpack_publicize_message":"","jetpack_publicize_feature_enabled":true,"jetpack_social_post_already_shared":true,"jetpack_social_options":{"image_generator_settings":{"template":"highway","default_image_id":0,"font":"","enabled":false},"version":2},"jetpack_post_was_ever_published":false},"categories":[24],"tags":[],"class_list":["post-5120","post","type-post","status-publish","format-standard","has-post-thumbnail","category-economia"],"jetpack_publicize_connections":[],"jetpack-related-posts":[],"jetpack_shortlink":"https:\/\/wp.me\/p7Eq1F-1kA","jetpack_sharing_enabled":true,"jetpack_featured_media_url":"https:\/\/i0.wp.com\/guialimeira.com.br\/news\/wp-content\/uploads\/2024\/04\/mg_1605.jpg?fit=1600%2C800&ssl=1","_links":{"self":[{"href":"https:\/\/guialimeira.com.br\/news\/wp-json\/wp\/v2\/posts\/5120","targetHints":{"allow":["GET"]}}],"collection":[{"href":"https:\/\/guialimeira.com.br\/news\/wp-json\/wp\/v2\/posts"}],"about":[{"href":"https:\/\/guialimeira.com.br\/news\/wp-json\/wp\/v2\/types\/post"}],"author":[{"embeddable":true,"href":"https:\/\/guialimeira.com.br\/news\/wp-json\/wp\/v2\/users\/1"}],"replies":[{"embeddable":true,"href":"https:\/\/guialimeira.com.br\/news\/wp-json\/wp\/v2\/comments?post=5120"}],"version-history":[{"count":0,"href":"https:\/\/guialimeira.com.br\/news\/wp-json\/wp\/v2\/posts\/5120\/revisions"}],"wp:featuredmedia":[{"embeddable":true,"href":"https:\/\/guialimeira.com.br\/news\/wp-json\/wp\/v2\/media\/1320"}],"wp:attachment":[{"href":"https:\/\/guialimeira.com.br\/news\/wp-json\/wp\/v2\/media?parent=5120"}],"wp:term":[{"taxonomy":"category","embeddable":true,"href":"https:\/\/guialimeira.com.br\/news\/wp-json\/wp\/v2\/categories?post=5120"},{"taxonomy":"post_tag","embeddable":true,"href":"https:\/\/guialimeira.com.br\/news\/wp-json\/wp\/v2\/tags?post=5120"}],"curies":[{"name":"wp","href":"https:\/\/api.w.org\/{rel}","templated":true}]}}