{"id":51116,"date":"2025-12-10T18:49:12","date_gmt":"2025-12-10T21:49:12","guid":{"rendered":"https:\/\/guialimeira.com.br\/?p=51116"},"modified":"2025-12-10T18:49:12","modified_gmt":"2025-12-10T21:49:12","slug":"duplicado-prolongamento-da-avenida-aristeu-marcicano-e-liberado-prefeitura-municipal-de-cordeiropolis","status":"publish","type":"post","link":"https:\/\/guialimeira.com.br\/news\/duplicado-prolongamento-da-avenida-aristeu-marcicano-e-liberado-prefeitura-municipal-de-cordeiropolis\/","title":{"rendered":"Duplicado, prolongamento da Avenida Aristeu Marcicano \u00e9 liberado \u2013 Prefeitura Municipal de Cordeir\u00f3polis"},"content":{"rendered":"<p> <br \/>\n<\/p>\n<div>\n<p>A prefeita Cristina Saad e o vice-prefeito Anderson Hespanhol Pique entregaram, nesta quarta-feira (10), o prolongamento duplicado da Avenida Aristeu Marcicano, na zona sul da cidade. A iniciativa atende a uma reivindica\u00e7\u00e3o antiga da popula\u00e7\u00e3o. O trecho foi executado em parceria com a Terratec\/Grupo Engep, respons\u00e1vel pelos loteamentos na regi\u00e3o. O tr\u00e2nsito tamb\u00e9m j\u00e1 foi liberado.<\/p>\n<p>Com a libera\u00e7\u00e3o, o trecho da via que antes era m\u00e3o dupla, a partir da Rua \u00c2ngelo Zaros, torna-se m\u00e3o \u00fanica sentido Lago Uni\u00e3o. Os motoristas podem usar a nova via agora no sentido para o S\u00e3o Lu\u00eds e os demais bairros da regi\u00e3o. Dois acessos da via, nas ruas Jos\u00e9 Peruchi e Eduardo Felippe, seguir\u00e3o interditados por conta de postes de energia, que dependem da concession\u00e1ria de energia, assim como a ilumina\u00e7\u00e3o desse trecho.<\/p>\n<p>\u201cTiramos do papel essa obra e entregamos para a popula\u00e7\u00e3o, que esperava h\u00e1 muitos anos. Esse prolongamento tornou-se realidade gra\u00e7as \u00e0 parceria com a Terratec, dando mais infraestrutura para a zona sul. Minha gratid\u00e3o ao Victor Levy por essa parceria e pelo carinho com nossa cidade. Agrade\u00e7o tamb\u00e9m meu time, que trabalhou muito por isso. Juntos, faremos com que o povo tenha orgulho de morar em Cordeir\u00f3polis\u201d, afirmou a prefeita Cristina Saad.<\/p>\n<p>\u201cA Aristeu Marcicano \u00e9 a avenida mais extensa da nossa cidade e aqui \u00e9 a regi\u00e3o mais populosa. Essa entrega \u00e9 para as fam\u00edlias que usam essa via, trazendo mais mobilidade, seguran\u00e7a e comodidade para a popula\u00e7\u00e3o, especialmente para quem utiliza para levar as crian\u00e7as \u00e0 escola e para o trabalho\u201d, enfatizou o vice-prefeito Pique.<\/p>\n<p>Na ocasi\u00e3o, Magali Tomazela, filha de Aristeu Marcicano, foi homenageada. Tamb\u00e9m houve o plantio de uma \u00e1rvore para simbolizar a inaugura\u00e7\u00e3o e de outras 50 \u00e1rvores em celebra\u00e7\u00e3o aos 50 anos do Rotary Club, iniciativa em parceria com a Secretaria de Meio Ambiente.<\/p>\n<p>Participaram da entrega o presidente da C\u00e2mara, vereador Paulo C\u00e9sar Morais, a vereadora Deize Bettin, e os vereadores C\u00edcero da Silva, Valmir Sanches, Vilson Caleffi, Sidnei Gambaro, Rozimar Rodrigues de Oliveira e Jos\u00e9 Antonio Br\u00e1s da Silva; secret\u00e1rios municipais; empres\u00e1rios; l\u00edderes religiosos; servidores; for\u00e7as de seguran\u00e7a; e popula\u00e7\u00e3o em geral.<\/p>\n<figure class=\"wp-block-gallery has-nested-images columns-default is-cropped wp-block-gallery-1 is-layout-flex wp-block-gallery-is-layout-flex\">\n<figure class=\"wp-block-image size-large\"><\/figure>\n<figure class=\"wp-block-image size-large\"><img data-recalc-dims=\"1\" decoding=\"async\" data-attachment-id=\"31858\" data-permalink=\"https:\/\/guialimeira.com.br\/news\/paulo-cesar-montagner-toma-posse-como-14o-reitor-da-unicamp\/paulo-cesar-montagner-toma-posse-como-14o-reitor-da-unicamp-2\/\" data-orig-file=\"https:\/\/i0.wp.com\/guialimeira.com.br\/news\/wp-content\/uploads\/2025\/04\/Paulo-Cesar-Montagner-toma-posse-como-14o-reitor-da-Unicamp.jpeg?fit=1620%2C1080&amp;ssl=1\" data-orig-size=\"1620,1080\" data-comments-opened=\"1\" data-image-meta=\"{&quot;aperture&quot;:&quot;5.6&quot;,&quot;credit&quot;:&quot;&quot;,&quot;camera&quot;:&quot;Canon EOS R8&quot;,&quot;caption&quot;:&quot;&quot;,&quot;created_timestamp&quot;:&quot;1745795159&quot;,&quot;copyright&quot;:&quot;&quot;,&quot;focal_length&quot;:&quot;55&quot;,&quot;iso&quot;:&quot;2500&quot;,&quot;shutter_speed&quot;:&quot;0.016666666666667&quot;,&quot;title&quot;:&quot;&quot;,&quot;orientation&quot;:&quot;1&quot;}\" data-image-title=\"Paulo Cesar Montagner toma posse como 14\u00ba reitor da Unicamp\" data-image-description=\"\" data-image-caption=\"\" data-large-file=\"https:\/\/i0.wp.com\/guialimeira.com.br\/news\/wp-content\/uploads\/2025\/04\/Paulo-Cesar-Montagner-toma-posse-como-14o-reitor-da-Unicamp.jpeg?fit=696%2C464&amp;ssl=1\" loading=\"lazy\" width=\"696\" height=\"392\" data-id=\"31858\" src=\"https:\/\/i0.wp.com\/guialimeira.com.br\/wp-content\/uploads\/2025\/12\/1765403350_907_Duplicado-prolongamento-da-Avenida-Aristeu-Marcicano-e-liberado-%E2%80%93-Prefeitura.jpg?resize=696%2C392&#038;ssl=1\" alt=\"\" class=\"wp-image-31858\" \/><\/figure>\n<figure class=\"wp-block-image size-large\"><img data-recalc-dims=\"1\" decoding=\"async\" data-attachment-id=\"31860\" data-permalink=\"https:\/\/guialimeira.com.br\/news\/mais-de-80-de-recursos-destinados-as-enchentes-no-rs-foram-investidos\/waldez-bdm_mcamgo_abr_29042025-11-jpg\/\" data-orig-file=\"https:\/\/i0.wp.com\/guialimeira.com.br\/news\/wp-content\/uploads\/2025\/04\/waldez-bdm_mcamgo_abr_29042025-11.jpg?fit=1600%2C800&amp;ssl=1\" data-orig-size=\"1600,800\" data-comments-opened=\"1\" data-image-meta=\"{&quot;aperture&quot;:&quot;0&quot;,&quot;credit&quot;:&quot;&quot;,&quot;camera&quot;:&quot;&quot;,&quot;caption&quot;:&quot;&quot;,&quot;created_timestamp&quot;:&quot;0&quot;,&quot;copyright&quot;:&quot;&quot;,&quot;focal_length&quot;:&quot;0&quot;,&quot;iso&quot;:&quot;0&quot;,&quot;shutter_speed&quot;:&quot;0&quot;,&quot;title&quot;:&quot;&quot;,&quot;orientation&quot;:&quot;0&quot;}\" data-image-title=\"waldez-bdm_mcamgo_abr_29042025-11.jpg\" data-image-description=\"\" data-image-caption=\"\" data-large-file=\"https:\/\/i0.wp.com\/guialimeira.com.br\/news\/wp-content\/uploads\/2025\/04\/waldez-bdm_mcamgo_abr_29042025-11.jpg?fit=696%2C348&amp;ssl=1\" loading=\"lazy\" width=\"696\" height=\"522\" data-id=\"31860\" src=\"https:\/\/i0.wp.com\/guialimeira.com.br\/wp-content\/uploads\/2025\/12\/1765403350_444_Duplicado-prolongamento-da-Avenida-Aristeu-Marcicano-e-liberado-%E2%80%93-Prefeitura.jpg?resize=696%2C522&#038;ssl=1\" alt=\"\" class=\"wp-image-31860\" \/><\/figure>\n<figure class=\"wp-block-image size-large\"><img data-recalc-dims=\"1\" decoding=\"async\" loading=\"lazy\" width=\"696\" height=\"522\" data-id=\"31861\" src=\"https:\/\/i0.wp.com\/guialimeira.com.br\/wp-content\/uploads\/2025\/12\/1765403350_903_Duplicado-prolongamento-da-Avenida-Aristeu-Marcicano-e-liberado-%E2%80%93-Prefeitura.jpg?resize=696%2C522&#038;ssl=1\" alt=\"\" class=\"wp-image-31861\" \/><\/figure>\n<\/figure><\/div>\n<p><br \/>\n<br \/><a href=\"https:\/\/www.cordeiropolis.sp.gov.br\/duplicado-prolongamento-da-avenida-aristeu-marcicano-e-liberado\/\" rel=\"noopener\">Informa\u00e7\u00f5es Cordeir\u00f3polis <\/a><\/p>\n","protected":false},"excerpt":{"rendered":"<p>A prefeita Cristina Saad e o vice-prefeito Anderson Hespanhol Pique entregaram, nesta quarta-feira (10), o prolongamento duplicado da Avenida Aristeu Marcicano, na zona sul da cidade. A iniciativa atende a uma reivindica\u00e7\u00e3o antiga da popula\u00e7\u00e3o. O trecho foi executado em parceria com a Terratec\/Grupo Engep, respons\u00e1vel pelos loteamentos na regi\u00e3o. O tr\u00e2nsito tamb\u00e9m j\u00e1 foi [&hellip;]<\/p>\n","protected":false},"author":1,"featured_media":51117,"comment_status":"open","ping_status":"open","sticky":false,"template":"","format":"standard","meta":{"_jetpack_newsletter_access":"","_jetpack_dont_email_post_to_subs":false,"_jetpack_newsletter_tier_id":0,"_jetpack_memberships_contains_paywalled_content":false,"_mbp_banners":[],"_jetpack_feature_clip_id":0,"_jetpack_memberships_contains_paid_content":false,"footnotes":"","jetpack_publicize_message":"","jetpack_publicize_feature_enabled":true,"jetpack_social_post_already_shared":true,"jetpack_social_options":{"image_generator_settings":{"template":"highway","default_image_id":0,"font":"","enabled":false},"version":2},"jetpack_post_was_ever_published":false},"categories":[20],"tags":[],"class_list":["post-51116","post","type-post","status-publish","format-standard","has-post-thumbnail","category-regiao"],"jetpack_publicize_connections":[],"jetpack-related-posts":[],"jetpack_shortlink":"https:\/\/wp.me\/p7Eq1F-dis","jetpack_sharing_enabled":true,"jetpack_featured_media_url":"https:\/\/i0.wp.com\/guialimeira.com.br\/news\/wp-content\/uploads\/2025\/12\/Duplicado-prolongamento-da-Avenida-Aristeu-Marcicano-e-liberado-%E2%80%93-Prefeitura.jpg?fit=1024%2C768&ssl=1","_links":{"self":[{"href":"https:\/\/guialimeira.com.br\/news\/wp-json\/wp\/v2\/posts\/51116","targetHints":{"allow":["GET"]}}],"collection":[{"href":"https:\/\/guialimeira.com.br\/news\/wp-json\/wp\/v2\/posts"}],"about":[{"href":"https:\/\/guialimeira.com.br\/news\/wp-json\/wp\/v2\/types\/post"}],"author":[{"embeddable":true,"href":"https:\/\/guialimeira.com.br\/news\/wp-json\/wp\/v2\/users\/1"}],"replies":[{"embeddable":true,"href":"https:\/\/guialimeira.com.br\/news\/wp-json\/wp\/v2\/comments?post=51116"}],"version-history":[{"count":1,"href":"https:\/\/guialimeira.com.br\/news\/wp-json\/wp\/v2\/posts\/51116\/revisions"}],"predecessor-version":[{"id":51118,"href":"https:\/\/guialimeira.com.br\/news\/wp-json\/wp\/v2\/posts\/51116\/revisions\/51118"}],"wp:featuredmedia":[{"embeddable":true,"href":"https:\/\/guialimeira.com.br\/news\/wp-json\/wp\/v2\/media\/51117"}],"wp:attachment":[{"href":"https:\/\/guialimeira.com.br\/news\/wp-json\/wp\/v2\/media?parent=51116"}],"wp:term":[{"taxonomy":"category","embeddable":true,"href":"https:\/\/guialimeira.com.br\/news\/wp-json\/wp\/v2\/categories?post=51116"},{"taxonomy":"post_tag","embeddable":true,"href":"https:\/\/guialimeira.com.br\/news\/wp-json\/wp\/v2\/tags?post=51116"}],"curies":[{"name":"wp","href":"https:\/\/api.w.org\/{rel}","templated":true}]}}