{"id":511,"date":"2024-03-30T06:05:43","date_gmt":"2024-03-30T09:05:43","guid":{"rendered":"https:\/\/guialimeira.com.br\/2024\/03\/30\/nota-de-pesar-jose-maury-penteado-dos\/"},"modified":"2024-03-30T06:05:43","modified_gmt":"2024-03-30T09:05:43","slug":"nota-de-pesar-jose-maury-penteado-dos","status":"publish","type":"post","link":"https:\/\/guialimeira.com.br\/news\/nota-de-pesar-jose-maury-penteado-dos\/","title":{"rendered":"Nota de Pesar &#8211; Jos\u00e9 Maury Penteado dos&#8230;"},"content":{"rendered":"<p> <br \/>\n<br \/><img data-recalc-dims=\"1\" decoding=\"async\" src=\"https:\/\/i0.wp.com\/www.iracemapolis.sp.gov.br\/fotos\/8e345358ce319ba5dc0c138b4fde05aa.png?w=696&#038;ssl=1\" \/><\/p>\n<div>\n<p>A Prefeitura de Iracem\u00e1polis manifesta pesar pelo falecimento de Jos\u00e9 Maury Penteado do Santos. Ele faleceu hoje aos 83 anos. Jos\u00e9 era ex-vereador e tamb\u00e9m chegou a ocupar o posto de presidente da C\u00e2mara.<\/p>\n<p>Segundo a C\u00e2mara, foi um vereador atuante nas quest\u00f5es sobre o desenvolvimento e qualidade de vida em prol da popula\u00e7\u00e3o. Seus mandatos ocorreram nos per\u00edodos: vereador de 1967 a 1969 e presidente de 1968 a 1969. Jos\u00e9 Maury tamb\u00e9m foi um empres\u00e1rio atuante em Iracem\u00e1polis.<\/p>\n<p>A prefeita Nelita Michel e o vice-prefeito Chic\u00e3o Rossetti manifestam seus mais sinceros sentimentos a todos os familiares e amigos. A Prefeitura de Iracem\u00e1polis decretar\u00e1 luto oficial por tr\u00eas dias e as bandeiras ser\u00e3o hasteadas em meio mastro no Pa\u00e7o Municipal.<\/p>\n<\/p><\/div>\n<p><br \/>\n<br \/><a href=\"https:\/\/www.iracemapolis.sp.gov.br\/portal\/noticias\/0\/3\/2118\/nota-de-pesar---jose-maury-penteado-dos-santos\/\" rel=\"noopener\">Informa\u00e7\u00f5es PMI<\/a><\/p>\n","protected":false},"excerpt":{"rendered":"<p>A Prefeitura de Iracem\u00e1polis manifesta pesar pelo falecimento de Jos\u00e9 Maury Penteado do Santos. Ele faleceu hoje aos 83 anos. Jos\u00e9 era ex-vereador e tamb\u00e9m chegou a ocupar o posto de presidente da C\u00e2mara. Segundo a C\u00e2mara, foi um vereador atuante nas quest\u00f5es sobre o desenvolvimento e qualidade de vida em prol da popula\u00e7\u00e3o. Seus [&hellip;]<\/p>\n","protected":false},"author":1,"featured_media":512,"comment_status":"open","ping_status":"open","sticky":false,"template":"","format":"standard","meta":{"_jetpack_newsletter_access":"","_jetpack_dont_email_post_to_subs":false,"_jetpack_newsletter_tier_id":0,"_jetpack_memberships_contains_paywalled_content":false,"_mbp_banners":[],"_jetpack_feature_clip_id":0,"_jetpack_memberships_contains_paid_content":false,"footnotes":"","jetpack_publicize_message":"","jetpack_publicize_feature_enabled":true,"jetpack_social_post_already_shared":true,"jetpack_social_options":{"image_generator_settings":{"template":"highway","default_image_id":0,"font":"","enabled":false},"version":2},"jetpack_post_was_ever_published":false},"categories":[20],"tags":[],"class_list":["post-511","post","type-post","status-publish","format-standard","has-post-thumbnail","category-regiao"],"jetpack_publicize_connections":[],"jetpack-related-posts":[],"jetpack_shortlink":"https:\/\/wp.me\/p7Eq1F-8f","jetpack_sharing_enabled":true,"jetpack_featured_media_url":"https:\/\/i0.wp.com\/guialimeira.com.br\/news\/wp-content\/uploads\/2024\/03\/8e345358ce319ba5dc0c138b4fde05aa.png?fit=800%2C800&ssl=1","_links":{"self":[{"href":"https:\/\/guialimeira.com.br\/news\/wp-json\/wp\/v2\/posts\/511","targetHints":{"allow":["GET"]}}],"collection":[{"href":"https:\/\/guialimeira.com.br\/news\/wp-json\/wp\/v2\/posts"}],"about":[{"href":"https:\/\/guialimeira.com.br\/news\/wp-json\/wp\/v2\/types\/post"}],"author":[{"embeddable":true,"href":"https:\/\/guialimeira.com.br\/news\/wp-json\/wp\/v2\/users\/1"}],"replies":[{"embeddable":true,"href":"https:\/\/guialimeira.com.br\/news\/wp-json\/wp\/v2\/comments?post=511"}],"version-history":[{"count":0,"href":"https:\/\/guialimeira.com.br\/news\/wp-json\/wp\/v2\/posts\/511\/revisions"}],"wp:featuredmedia":[{"embeddable":true,"href":"https:\/\/guialimeira.com.br\/news\/wp-json\/wp\/v2\/media\/512"}],"wp:attachment":[{"href":"https:\/\/guialimeira.com.br\/news\/wp-json\/wp\/v2\/media?parent=511"}],"wp:term":[{"taxonomy":"category","embeddable":true,"href":"https:\/\/guialimeira.com.br\/news\/wp-json\/wp\/v2\/categories?post=511"},{"taxonomy":"post_tag","embeddable":true,"href":"https:\/\/guialimeira.com.br\/news\/wp-json\/wp\/v2\/tags?post=511"}],"curies":[{"name":"wp","href":"https:\/\/api.w.org\/{rel}","templated":true}]}}