{"id":5107,"date":"2024-05-15T12:15:43","date_gmt":"2024-05-15T15:15:43","guid":{"rendered":"https:\/\/guialimeira.com.br\/2024\/05\/15\/nucleo-de-conservacao-da-fauna-silvestre-de-sp-tem-novo-filhote-de-mico-leao-preto\/"},"modified":"2024-05-15T12:15:43","modified_gmt":"2024-05-15T15:15:43","slug":"nucleo-de-conservacao-da-fauna-silvestre-de-sp-tem-novo-filhote-de-mico-leao-preto","status":"publish","type":"post","link":"https:\/\/guialimeira.com.br\/news\/nucleo-de-conservacao-da-fauna-silvestre-de-sp-tem-novo-filhote-de-mico-leao-preto\/","title":{"rendered":"N\u00facleo de Conserva\u00e7\u00e3o da Fauna Silvestre de SP tem novo filhote de mico-le\u00e3o-preto"},"content":{"rendered":"<p> <br \/>\n<\/p>\n<div id=\"\">&#13;<br \/>\n                                <!-- Title -->&#13;<br \/>\n                                &#13;<br \/>\n&#13;<br \/>\n                                <!-- Excerpt -->&#13;<\/p>\n<p class=\"excerpt\">A esp\u00e9cie \u00e9 considerada amea\u00e7ada de extin\u00e7\u00e3o e tem o t\u00edtulo de patrim\u00f4nio ambiental, s\u00edmbolo do estado de S\u00e3o Paulo<\/p>\n<p>&#13;<br \/>\n&#13;<br \/>\n                                &#13;\n                            <\/p><\/div>\n<div id=\"\">&#13;<\/p>\n<figure id=\"attachment_5885104\" style=\"width: 100%;max-width: 1600px\" class=\"wp-caption alignnone caption-hide\"><img data-recalc-dims=\"1\" decoding=\"async\" loading=\"lazy\" class=\"wp-image-5885104 size-full\" src=\"https:\/\/i0.wp.com\/www.saopaulo.sp.gov.br\/wp-content\/uploads\/2024\/05\/ac4b3978-f038-45ea-b7d4-943c1a4e7ad0.jpeg?resize=696%2C522&#038;ssl=1\" alt=\"\" width=\"696\" height=\"522\" srcset=\"https:\/\/www.saopaulo.sp.gov.br\/wp-content\/uploads\/2024\/05\/ac4b3978-f038-45ea-b7d4-943c1a4e7ad0.jpeg 1600w, https:\/\/www.saopaulo.sp.gov.br\/wp-content\/uploads\/2024\/05\/ac4b3978-f038-45ea-b7d4-943c1a4e7ad0-300x225.jpeg 300w, https:\/\/www.saopaulo.sp.gov.br\/wp-content\/uploads\/2024\/05\/ac4b3978-f038-45ea-b7d4-943c1a4e7ad0-1024x768.jpeg 1024w, https:\/\/www.saopaulo.sp.gov.br\/wp-content\/uploads\/2024\/05\/ac4b3978-f038-45ea-b7d4-943c1a4e7ad0-768x576.jpeg 768w, https:\/\/www.saopaulo.sp.gov.br\/wp-content\/uploads\/2024\/05\/ac4b3978-f038-45ea-b7d4-943c1a4e7ad0-1536x1152.jpeg 1536w\" sizes=\"auto, (max-width: 1600px) 100vw, 1600px\"\/><\/figure>\n<p>O N\u00facleo de Pesquisa e Conserva\u00e7\u00e3o de Fauna Silvestre do Estado de S\u00e3o Paulo (CECFAU) se adapta \u00e0 chegada do mais novo integrante do local, um filhote de mico-le\u00e3o-preto macho. A gesta\u00e7\u00e3o ficou famosa depois da divulga\u00e7\u00e3o do ultrassom feito na mam\u00e3e primata em fevereiro.<\/p>\n<p>A esp\u00e9cie \u00e9 considerada amea\u00e7ada de extin\u00e7\u00e3o e tem o t\u00edtulo de patrim\u00f4nio ambiental, s\u00edmbolo do estado de S\u00e3o Paulo.<\/p>\n<p>O filhote nasceu em mar\u00e7o com apenas 70 g e agora j\u00e1 pesa 200 g. O retrato oficial do mico ocorreu apenas agora, j\u00e1 que os cuidadores optaram pelo menor contato poss\u00edvel no p\u00f3s-parto para evitar estresse da m\u00e3e. Ele continua sendo amamentado, mas tamb\u00e9m come frutas, legumes e insetos.<\/p>\n<figure id=\"attachment_5885105\" style=\"width: 100%;max-width: 1114px\" class=\"wp-caption alignnone caption-hide\"><img data-recalc-dims=\"1\" decoding=\"async\" loading=\"lazy\" class=\"wp-image-5885105 size-full\" src=\"https:\/\/i0.wp.com\/www.saopaulo.sp.gov.br\/wp-content\/uploads\/2024\/05\/aa2d2e1c-3764-4f74-8c2e-0feded435af6.jpeg?resize=696%2C1000&#038;ssl=1\" alt=\"\" width=\"696\" height=\"1000\" srcset=\"https:\/\/www.saopaulo.sp.gov.br\/wp-content\/uploads\/2024\/05\/aa2d2e1c-3764-4f74-8c2e-0feded435af6.jpeg 1114w, https:\/\/www.saopaulo.sp.gov.br\/wp-content\/uploads\/2024\/05\/aa2d2e1c-3764-4f74-8c2e-0feded435af6-209x300.jpeg 209w, https:\/\/www.saopaulo.sp.gov.br\/wp-content\/uploads\/2024\/05\/aa2d2e1c-3764-4f74-8c2e-0feded435af6-713x1024.jpeg 713w, https:\/\/www.saopaulo.sp.gov.br\/wp-content\/uploads\/2024\/05\/aa2d2e1c-3764-4f74-8c2e-0feded435af6-768x1103.jpeg 768w, https:\/\/www.saopaulo.sp.gov.br\/wp-content\/uploads\/2024\/05\/aa2d2e1c-3764-4f74-8c2e-0feded435af6-1069x1536.jpeg 1069w\" sizes=\"auto, (max-width: 1114px) 100vw, 1114px\"\/><\/figure>\n<p>\u201cA alimenta\u00e7\u00e3o com insetos acontece de forma natural, at\u00e9 em raz\u00e3o de observar os adultos. Os filhotes v\u00e3o experimentando e explorando mais o ambiente, criando a pr\u00f3pria autonomia\u201d, explica a assessora t\u00e9cnica da Secretaria de Meio Ambiente, Infraestrutura e Log\u00edstica (Semil) Giannina Piatto Clerici.<\/p>\n<p>A gesta\u00e7\u00e3o da mam\u00e3e mico era de dois filhotes, mas um deles n\u00e3o sobreviveu e morreu logo ap\u00f3s o parto. \u201c\u00c9 comum acontecer complica\u00e7\u00f5es no parto ou p\u00f3s-parto, o que sabemos \u00e9 que o filhote morreu de causas naturais\u201d, afirma a assessora t\u00e9cnica da Semil.<\/p>\n<figure id=\"attachment_5885106\" style=\"width: 100%;max-width: 1146px\" class=\"wp-caption alignnone caption-hide\"><img data-recalc-dims=\"1\" decoding=\"async\" loading=\"lazy\" class=\"wp-image-5885106 size-full\" src=\"https:\/\/i0.wp.com\/www.saopaulo.sp.gov.br\/wp-content\/uploads\/2024\/05\/f1e84ba6-65c4-4a46-b121-1ad445f37de7.jpeg?resize=696%2C972&#038;ssl=1\" alt=\"\" width=\"696\" height=\"972\" srcset=\"https:\/\/www.saopaulo.sp.gov.br\/wp-content\/uploads\/2024\/05\/f1e84ba6-65c4-4a46-b121-1ad445f37de7.jpeg 1146w, https:\/\/www.saopaulo.sp.gov.br\/wp-content\/uploads\/2024\/05\/f1e84ba6-65c4-4a46-b121-1ad445f37de7-215x300.jpeg 215w, https:\/\/www.saopaulo.sp.gov.br\/wp-content\/uploads\/2024\/05\/f1e84ba6-65c4-4a46-b121-1ad445f37de7-733x1024.jpeg 733w, https:\/\/www.saopaulo.sp.gov.br\/wp-content\/uploads\/2024\/05\/f1e84ba6-65c4-4a46-b121-1ad445f37de7-768x1072.jpeg 768w, https:\/\/www.saopaulo.sp.gov.br\/wp-content\/uploads\/2024\/05\/f1e84ba6-65c4-4a46-b121-1ad445f37de7-1100x1536.jpeg 1100w\" sizes=\"auto, (max-width: 1146px) 100vw, 1146px\"\/><\/figure>\n<p>Com o nascimento, o CECFAU passa a contar com 23 micos-le\u00f5es-pretos. A esp\u00e9cie \u00e9 uma das quatro de micos-le\u00f5es. Atualmente, estima-se que existam de 1.600 a 1.800 micos-le\u00f5es-pretos vivendo em remanescentes de Mata Atl\u00e2ntica de interior e matas ciliares.<\/p>\n<p>Os primatas se alimentam principalmente de frutos e insetos e dormem em buracos de \u00e1rvores. Eles pesam em m\u00e9dia 600 gramas e medem cerca de 30 cm de corpo e 40 cm de cauda. Os micos machos adultos, as f\u00eameas e os jovens apresentam a mesma pelagem predominantemente preta, com exce\u00e7\u00e3o das coxas e da base da cauda, que apresentam cor vermelho alaranjada. Na regi\u00e3o da cabe\u00e7a, possuem uma juba que cobre as orelhas.<\/p>\n<figure id=\"attachment_5885107\" style=\"width: 100%;max-width: 1066px\" class=\"wp-caption alignnone caption-hide\"><img data-recalc-dims=\"1\" decoding=\"async\" loading=\"lazy\" class=\"wp-image-5885107 size-full\" src=\"https:\/\/i0.wp.com\/www.saopaulo.sp.gov.br\/wp-content\/uploads\/2024\/05\/f5267728-c026-4fdf-aebf-62ea5b68a858.jpeg?resize=696%2C1045&#038;ssl=1\" alt=\"\" width=\"696\" height=\"1045\" srcset=\"https:\/\/www.saopaulo.sp.gov.br\/wp-content\/uploads\/2024\/05\/f5267728-c026-4fdf-aebf-62ea5b68a858.jpeg 1066w, https:\/\/www.saopaulo.sp.gov.br\/wp-content\/uploads\/2024\/05\/f5267728-c026-4fdf-aebf-62ea5b68a858-200x300.jpeg 200w, https:\/\/www.saopaulo.sp.gov.br\/wp-content\/uploads\/2024\/05\/f5267728-c026-4fdf-aebf-62ea5b68a858-682x1024.jpeg 682w, https:\/\/www.saopaulo.sp.gov.br\/wp-content\/uploads\/2024\/05\/f5267728-c026-4fdf-aebf-62ea5b68a858-768x1153.jpeg 768w, https:\/\/www.saopaulo.sp.gov.br\/wp-content\/uploads\/2024\/05\/f5267728-c026-4fdf-aebf-62ea5b68a858-1023x1536.jpeg 1023w\" sizes=\"auto, (max-width: 1066px) 100vw, 1066px\"\/><\/figure>\n<p><strong>Sobre o CECFAU<\/strong><\/p>\n<p>Desde 2015, o CECFAU j\u00e1 registrou 400 nascimentos de filhotes de esp\u00e9cies amea\u00e7adas de extin\u00e7\u00e3o. O local \u00e9 voltado \u00e0 pesquisa e manejo de fauna silvestre, localizado em uma \u00e1rea de 80 mil m\u00b2 em Ara\u00e7oiaba da Serra, no interior do estado. Atualmente, os esfor\u00e7os se concentram em preservar e proteger seis esp\u00e9cies: o sagui-da-serra-escuro, o mico-le\u00e3o-preto, o mico-le\u00e3o-de-cara-dourada, a arara-azul-de-lear, o tamandu\u00e1-bandeira e a perereca-pintada-do-rio-pomba.<\/p>\n<p>Os pesquisadores do N\u00facleo de Conserva\u00e7\u00e3o da Fauna Silvestre do Governo de SP trabalham para a preserva\u00e7\u00e3o das esp\u00e9cies da fauna brasileira, o desenvolvimento de estrat\u00e9gias destinadas \u00e0 manuten\u00e7\u00e3o de esp\u00e9cies sob cuidados humanos geneticamente vi\u00e1veis para programas de reintrodu\u00e7\u00e3o e o refor\u00e7o das popula\u00e7\u00f5es na natureza.<\/p>\n<\/p><\/div>\n<p><br \/>\n<br \/><a href=\"https:\/\/www.saopaulo.sp.gov.br\/spnoticias\/ultimas-noticias\/nucleo-de-conservacao-da-fauna-silvestre-de-sp-tem-novo-filhote-de-mico-leao-preto\/\" rel=\"noopener\">Informa\u00e7\u00f5es GOV.SP<\/a><\/p>\n","protected":false},"excerpt":{"rendered":"<p>&#13; &#13; &#13; &#13; &#13; A esp\u00e9cie \u00e9 considerada amea\u00e7ada de extin\u00e7\u00e3o e tem o t\u00edtulo de patrim\u00f4nio ambiental, s\u00edmbolo do estado de S\u00e3o Paulo &#13; &#13; &#13; &#13; O N\u00facleo de Pesquisa e Conserva\u00e7\u00e3o de Fauna Silvestre do Estado de S\u00e3o Paulo (CECFAU) se adapta \u00e0 chegada do mais novo integrante do local, um [&hellip;]<\/p>\n","protected":false},"author":1,"featured_media":5108,"comment_status":"open","ping_status":"open","sticky":false,"template":"","format":"standard","meta":{"_jetpack_newsletter_access":"","_jetpack_dont_email_post_to_subs":false,"_jetpack_newsletter_tier_id":0,"_jetpack_memberships_contains_paywalled_content":false,"_mbp_banners":[],"_jetpack_feature_clip_id":0,"_jetpack_memberships_contains_paid_content":false,"footnotes":"","jetpack_publicize_message":"","jetpack_publicize_feature_enabled":true,"jetpack_social_post_already_shared":true,"jetpack_social_options":{"image_generator_settings":{"template":"highway","default_image_id":0,"font":"","enabled":false},"version":2},"jetpack_post_was_ever_published":false},"categories":[21],"tags":[],"class_list":["post-5107","post","type-post","status-publish","format-standard","has-post-thumbnail","category-sp-news"],"jetpack_publicize_connections":[],"jetpack-related-posts":[],"jetpack_shortlink":"https:\/\/wp.me\/p7Eq1F-1kn","jetpack_sharing_enabled":true,"jetpack_featured_media_url":"https:\/\/i0.wp.com\/guialimeira.com.br\/news\/wp-content\/uploads\/2024\/05\/Nucleo-de-Conservacao-da-Fauna-Silvestre-de-SP-tem-novo.jpeg?fit=1600%2C1200&ssl=1","_links":{"self":[{"href":"https:\/\/guialimeira.com.br\/news\/wp-json\/wp\/v2\/posts\/5107","targetHints":{"allow":["GET"]}}],"collection":[{"href":"https:\/\/guialimeira.com.br\/news\/wp-json\/wp\/v2\/posts"}],"about":[{"href":"https:\/\/guialimeira.com.br\/news\/wp-json\/wp\/v2\/types\/post"}],"author":[{"embeddable":true,"href":"https:\/\/guialimeira.com.br\/news\/wp-json\/wp\/v2\/users\/1"}],"replies":[{"embeddable":true,"href":"https:\/\/guialimeira.com.br\/news\/wp-json\/wp\/v2\/comments?post=5107"}],"version-history":[{"count":0,"href":"https:\/\/guialimeira.com.br\/news\/wp-json\/wp\/v2\/posts\/5107\/revisions"}],"wp:featuredmedia":[{"embeddable":true,"href":"https:\/\/guialimeira.com.br\/news\/wp-json\/wp\/v2\/media\/5108"}],"wp:attachment":[{"href":"https:\/\/guialimeira.com.br\/news\/wp-json\/wp\/v2\/media?parent=5107"}],"wp:term":[{"taxonomy":"category","embeddable":true,"href":"https:\/\/guialimeira.com.br\/news\/wp-json\/wp\/v2\/categories?post=5107"},{"taxonomy":"post_tag","embeddable":true,"href":"https:\/\/guialimeira.com.br\/news\/wp-json\/wp\/v2\/tags?post=5107"}],"curies":[{"name":"wp","href":"https:\/\/api.w.org\/{rel}","templated":true}]}}