{"id":51068,"date":"2025-12-09T18:16:06","date_gmt":"2025-12-09T21:16:06","guid":{"rendered":"https:\/\/guialimeira.com.br\/?p=51068"},"modified":"2025-12-09T18:16:06","modified_gmt":"2025-12-09T21:16:06","slug":"inauguracao-de-prolongamento-duplicado-da-aristeu-marcicano-e-nesta-quarta-10-prefeitura-municipal-de-cordeiropolis","status":"publish","type":"post","link":"https:\/\/guialimeira.com.br\/news\/inauguracao-de-prolongamento-duplicado-da-aristeu-marcicano-e-nesta-quarta-10-prefeitura-municipal-de-cordeiropolis\/","title":{"rendered":"Inaugura\u00e7\u00e3o de prolongamento duplicado da Aristeu Marcicano \u00e9 nesta quarta (10) \u2013 Prefeitura Municipal de Cordeir\u00f3polis"},"content":{"rendered":"<p> <br \/>\n<\/p>\n<div>\n<p>O prolongamento duplicado da Avenida Aristeu Marcicano ser\u00e1 inaugurado nesta quarta-feira (10) em Cordeir\u00f3polis. O trecho, de 700 metros, foi implantado em parceria com a Terratec\/Grupo Engep, sem custos para o munic\u00edpio. A cerim\u00f4nia est\u00e1 marcada para 10h, na esquina da avenida com a Rua \u00c2ngelo Zaros. Logo ap\u00f3s, o tr\u00e2nsito na via ser\u00e1 liberado.<\/p>\n<p>Por conta da complexidade da retirada de postes de energia, duas travessias ficar\u00e3o interditadas. S\u00e3o eles os acessos para as ruas Jos\u00e9 Peruchi e Eduardo Felippe. A realoca\u00e7\u00e3o dos postes depende de cronograma da concession\u00e1ria de energia em alinhamento \u00e0 construtora respons\u00e1vel pelas obras da regi\u00e3o.<\/p>\n<p>A duplica\u00e7\u00e3o do prolongamento da avenida \u00e9 uma reivindica\u00e7\u00e3o antiga da popula\u00e7\u00e3o da regi\u00e3o sul de Cordeir\u00f3polis. Al\u00e9m da inaugura\u00e7\u00e3o do trecho, haver\u00e1 plantio de \u00e1rvores para marcar a entrega.<\/p>\n<\/p><\/div>\n<p><br \/>\n<br \/><a href=\"https:\/\/www.cordeiropolis.sp.gov.br\/inauguracao-de-prolongamento-duplicado-da-aristeu-marcicano-e-nesta-quarta-10\/\" rel=\"noopener\">Informa\u00e7\u00f5es Cordeir\u00f3polis <\/a><\/p>\n","protected":false},"excerpt":{"rendered":"<p>O prolongamento duplicado da Avenida Aristeu Marcicano ser\u00e1 inaugurado nesta quarta-feira (10) em Cordeir\u00f3polis. O trecho, de 700 metros, foi implantado em parceria com a Terratec\/Grupo Engep, sem custos para o munic\u00edpio. A cerim\u00f4nia est\u00e1 marcada para 10h, na esquina da avenida com a Rua \u00c2ngelo Zaros. Logo ap\u00f3s, o tr\u00e2nsito na via ser\u00e1 liberado. [&hellip;]<\/p>\n","protected":false},"author":1,"featured_media":0,"comment_status":"open","ping_status":"open","sticky":false,"template":"","format":"standard","meta":{"_jetpack_newsletter_access":"","_jetpack_dont_email_post_to_subs":false,"_jetpack_newsletter_tier_id":0,"_jetpack_memberships_contains_paywalled_content":false,"_mbp_banners":[],"_jetpack_feature_clip_id":0,"_jetpack_memberships_contains_paid_content":false,"footnotes":"","jetpack_publicize_message":"","jetpack_publicize_feature_enabled":true,"jetpack_social_post_already_shared":true,"jetpack_social_options":{"image_generator_settings":{"template":"highway","default_image_id":0,"font":"","enabled":false},"version":2},"jetpack_post_was_ever_published":false},"categories":[20],"tags":[],"class_list":["post-51068","post","type-post","status-publish","format-standard","category-regiao"],"jetpack_publicize_connections":[],"jetpack-related-posts":[],"jetpack_shortlink":"https:\/\/wp.me\/p7Eq1F-dhG","jetpack_sharing_enabled":true,"jetpack_featured_media_url":"","_links":{"self":[{"href":"https:\/\/guialimeira.com.br\/news\/wp-json\/wp\/v2\/posts\/51068","targetHints":{"allow":["GET"]}}],"collection":[{"href":"https:\/\/guialimeira.com.br\/news\/wp-json\/wp\/v2\/posts"}],"about":[{"href":"https:\/\/guialimeira.com.br\/news\/wp-json\/wp\/v2\/types\/post"}],"author":[{"embeddable":true,"href":"https:\/\/guialimeira.com.br\/news\/wp-json\/wp\/v2\/users\/1"}],"replies":[{"embeddable":true,"href":"https:\/\/guialimeira.com.br\/news\/wp-json\/wp\/v2\/comments?post=51068"}],"version-history":[{"count":1,"href":"https:\/\/guialimeira.com.br\/news\/wp-json\/wp\/v2\/posts\/51068\/revisions"}],"predecessor-version":[{"id":51069,"href":"https:\/\/guialimeira.com.br\/news\/wp-json\/wp\/v2\/posts\/51068\/revisions\/51069"}],"wp:attachment":[{"href":"https:\/\/guialimeira.com.br\/news\/wp-json\/wp\/v2\/media?parent=51068"}],"wp:term":[{"taxonomy":"category","embeddable":true,"href":"https:\/\/guialimeira.com.br\/news\/wp-json\/wp\/v2\/categories?post=51068"},{"taxonomy":"post_tag","embeddable":true,"href":"https:\/\/guialimeira.com.br\/news\/wp-json\/wp\/v2\/tags?post=51068"}],"curies":[{"name":"wp","href":"https:\/\/api.w.org\/{rel}","templated":true}]}}