{"id":51020,"date":"2025-12-09T08:27:59","date_gmt":"2025-12-09T11:27:59","guid":{"rendered":"https:\/\/guialimeira.com.br\/sessao-da-camara-e-suspensa-devido-a-queda-de-energia-trabalhos-serao-retomados-na-quinta-11-12\/"},"modified":"2025-12-09T08:27:59","modified_gmt":"2025-12-09T11:27:59","slug":"sessao-da-camara-e-suspensa-devido-a-queda-de-energia-trabalhos-serao-retomados-na-quinta-11-12","status":"publish","type":"post","link":"https:\/\/guialimeira.com.br\/news\/sessao-da-camara-e-suspensa-devido-a-queda-de-energia-trabalhos-serao-retomados-na-quinta-11-12\/","title":{"rendered":"Sess\u00e3o da C\u00e2mara \u00e9 suspensa devido \u00e0 queda de energia, trabalhos ser\u00e3o retomados na quinta (11\/12)"},"content":{"rendered":"<p><img data-recalc-dims=\"1\" decoding=\"async\" src=\"https:\/\/i0.wp.com\/www.limeira.sp.leg.br\/assets\/uploads\/noticia\/2025-12-09_sessao-da-camara-e-suspensa-devido-a-queda-de-energia-trabalhos-serao-retomados-na-quinta-1112_1.jpg?w=696&#038;ssl=1\" alt=\"Sess\u00e3o da C\u00e2mara \u00e9 suspensa devido \u00e0 queda de energia, trabalhos ser\u00e3o retomados na quinta (11\/12)\" \/><\/p>\n<p>Sess\u00e3o da C\u00e2mara \u00e9 suspensa devido \u00e0 queda de energia, trabalhos ser\u00e3o retomados na quinta (11\/12)<\/p>\n<p><a href=\"https:\/\/www.limeira.sp.leg.br\/noticias\/view\/2025-12-09_sessao-da-camara-e-suspensa-devido-a-queda-de-energia-trabalhos-serao-retomados-na-quinta-1112\" rel=\"noopener\">Exibir artigo<\/a><\/p>\n<p><a href=\"https:\/\/www.limeira.sp.leg.br\/noticias\/view\/2025-12-09_sessao-da-camara-e-suspensa-devido-a-queda-de-energia-trabalhos-serao-retomados-na-quinta-1112\" target=\"_blank\" rel=\"noopener\">Read original article<\/a><\/p>\n","protected":false},"excerpt":{"rendered":"<p><img decoding=\"async\" src=\"https:\/\/www.limeira.sp.leg.br\/assets\/uploads\/noticia\/2025-12-09_sessao-da-camara-e-suspensa-devido-a-queda-de-energia-trabalhos-serao-retomados-na-quinta-1112_1.jpg\" alt=\"Sess\u00e3o da C\u00e2mara \u00e9 suspensa devido \u00e0 queda de energia, trabalhos ser\u00e3o retomados na quinta (11\/12)\" \/><\/p>\n<p>Sess\u00e3o da C\u00e2mara \u00e9 suspensa devido \u00e0 queda de energia, trabalhos ser\u00e3o retomados na quinta (11\/12)<\/p>\n<p><a href=\"https:\/\/www.limeira.sp.leg.br\/noticias\/view\/2025-12-09_sessao-da-camara-e-suspensa-devido-a-queda-de-energia-trabalhos-serao-retomados-na-quinta-1112\">Exibir artigo<\/a><\/p>\n","protected":false},"author":4,"featured_media":0,"comment_status":"open","ping_status":"open","sticky":false,"template":"","format":"standard","meta":{"_jetpack_newsletter_access":"","_jetpack_dont_email_post_to_subs":false,"_jetpack_newsletter_tier_id":0,"_jetpack_memberships_contains_paywalled_content":false,"_mbp_banners":[],"_jetpack_feature_clip_id":0,"_jetpack_memberships_contains_paid_content":false,"footnotes":"","jetpack_publicize_message":"","jetpack_publicize_feature_enabled":true,"jetpack_social_post_already_shared":true,"jetpack_social_options":{"image_generator_settings":{"template":"highway","default_image_id":0,"font":"","enabled":false},"version":2},"jetpack_post_was_ever_published":false},"categories":[1],"tags":[],"class_list":["post-51020","post","type-post","status-publish","format-standard","category-geral"],"jetpack_publicize_connections":[],"jetpack-related-posts":[],"jetpack_shortlink":"https:\/\/wp.me\/p7Eq1F-dgU","jetpack_sharing_enabled":true,"jetpack_featured_media_url":"","_links":{"self":[{"href":"https:\/\/guialimeira.com.br\/news\/wp-json\/wp\/v2\/posts\/51020","targetHints":{"allow":["GET"]}}],"collection":[{"href":"https:\/\/guialimeira.com.br\/news\/wp-json\/wp\/v2\/posts"}],"about":[{"href":"https:\/\/guialimeira.com.br\/news\/wp-json\/wp\/v2\/types\/post"}],"author":[{"embeddable":true,"href":"https:\/\/guialimeira.com.br\/news\/wp-json\/wp\/v2\/users\/4"}],"replies":[{"embeddable":true,"href":"https:\/\/guialimeira.com.br\/news\/wp-json\/wp\/v2\/comments?post=51020"}],"version-history":[{"count":0,"href":"https:\/\/guialimeira.com.br\/news\/wp-json\/wp\/v2\/posts\/51020\/revisions"}],"wp:attachment":[{"href":"https:\/\/guialimeira.com.br\/news\/wp-json\/wp\/v2\/media?parent=51020"}],"wp:term":[{"taxonomy":"category","embeddable":true,"href":"https:\/\/guialimeira.com.br\/news\/wp-json\/wp\/v2\/categories?post=51020"},{"taxonomy":"post_tag","embeddable":true,"href":"https:\/\/guialimeira.com.br\/news\/wp-json\/wp\/v2\/tags?post=51020"}],"curies":[{"name":"wp","href":"https:\/\/api.w.org\/{rel}","templated":true}]}}