{"id":5101,"date":"2024-05-15T12:04:47","date_gmt":"2024-05-15T15:04:47","guid":{"rendered":"https:\/\/guialimeira.com.br\/2024\/05\/15\/spikevax-df-comeca-a-aplicar-nova-dose-contra-a-covid-19\/"},"modified":"2024-05-15T12:04:47","modified_gmt":"2024-05-15T15:04:47","slug":"spikevax-df-comeca-a-aplicar-nova-dose-contra-a-covid-19","status":"publish","type":"post","link":"https:\/\/guialimeira.com.br\/news\/spikevax-df-comeca-a-aplicar-nova-dose-contra-a-covid-19\/","title":{"rendered":"SpikeVax: DF come\u00e7a a aplicar nova dose contra a covid-19"},"content":{"rendered":"<p> <br \/>\n<\/p>\n<div>\n<p>A Secretaria de Sa\u00fade do Distrito Federal come\u00e7a a aplicar, nesta quarta-feira (15), a vacina contra a covid-19 SpikeVax, da farmac\u00eautica Moderna. Os imunizantes se destinam a crian\u00e7as de at\u00e9 4 anos, conforme calend\u00e1rio de rotina, e como dose de refor\u00e7o para os seguintes grupos priorit\u00e1rios:<img data-recalc-dims=\"1\" decoding=\"async\" src=\"https:\/\/i0.wp.com\/agenciabrasil.ebc.com.br\/ebc.png?w=696&#038;ssl=1\" style=\"width:1px; height:1px; display:inline;\"\/><img data-recalc-dims=\"1\" decoding=\"async\" src=\"https:\/\/i0.wp.com\/agenciabrasil.ebc.com.br\/ebc.gif?w=696&#038;ssl=1\" style=\"width:1px; height:1px; display:inline;\"\/><\/p>\n<ul>\n<li>pessoas com 60 anos ou mais;<\/li>\n<li>pessoas que vivem em institui\u00e7\u00f5es de longa perman\u00eancia;<\/li>\n<li>pessoas imunocomprometidas;<\/li>\n<li>gestantes e pu\u00e9rperas;<\/li>\n<li>trabalhadores da sa\u00fade;<\/li>\n<li>pessoas com defici\u00eancia permanente;<\/li>\n<li>pessoas com comorbidades;<\/li>\n<li>pessoas privadas de liberdade;<\/li>\n<li>adolescentes cumprindo medidas socioeducativas;<\/li>\n<li>funcion\u00e1rios do sistema de priva\u00e7\u00e3o de liberdade;<\/li>\n<li>ribeirinhos;<\/li>\n<li>quilombolas;<\/li>\n<li>ind\u00edgenas.<\/li>\n<\/ul>\n<p>Em nota, a Secretaria de Sa\u00fade destacou que, independentemente do n\u00famero de doses pr\u00e9vias contra a covid-19, todos que pertencem aos grupos priorit\u00e1rios devem tomar uma dose ao ano da SpikeVax. No caso de pessoas com mais de 60 anos, imunocomprometidos e gestantes ou pu\u00e9rperas, a orienta\u00e7\u00e3o \u00e9 receber uma dose a cada seis meses.<\/p>\n<blockquote>\n<p>\u201cQuem estiver nessas tr\u00eas condi\u00e7\u00f5es e tiver tomado a vacina Pfizer Bivalente em 2024 deve retornar tr\u00eas meses ap\u00f3s a dose aplicada\u201d, ressaltou o \u00f3rg\u00e3o.<\/p>\n<\/blockquote>\n<p>Para receber a dose, \u00e9 necess\u00e1rio apresentar documento com foto e a caderneta de vacina\u00e7\u00e3o. Pessoas dos grupos priorit\u00e1rios devem apresentar ainda laudos m\u00e9dicos que apontem as comorbidades listadas ou comprovantes das atividades profissionais previstas, conforme o caso.<\/p>\n<p>S\u00e3o classificados como indiv\u00edduos imunocomprometidos ou em condi\u00e7\u00e3o de imunossupress\u00e3o:<\/p>\n<ul>\n<li>pessoas transplantadas de \u00f3rg\u00e3o s\u00f3lido ou medula \u00f3ssea;<\/li>\n<li>pessoas vivendo com HIV;<\/li>\n<li>pessoas com doen\u00e7as inflamat\u00f3rias imunomediadas em atividade e em uso de corticoide em doses iguais ou maiores que 20 miligramas (mg) ao dia de prednisona, ou equivalente, por 14 dias ou mais;<\/li>\n<li>crian\u00e7as de at\u00e9 10 quilos que receberam 2 mg ou mais de prednisona por dia, por mais de 14 dias;<\/li>\n<li>pessoas em uso de imunossupressores e\/ou imunibiol\u00f3gicos que levem \u00e0 imunossupress\u00e3o;<\/li>\n<li>pessoas com erros inatos de imunidade (imunodefici\u00eancias prim\u00e1rias);<\/li>\n<li>pessoas com doen\u00e7a renal cr\u00f4nica em hemodi\u00e1lise;<\/li>\n<li>pacientes oncol\u00f3gicos que realizam ou realizaram tratamento;<\/li>\n<li>quimioter\u00e1pico ou radioter\u00e1pico que est\u00e3o em acompanhamento;<\/li>\n<li>pessoas com neoplasias hematol\u00f3gicas.<\/li>\n<\/ul>\n<p>J\u00e1 as comorbidades inclu\u00eddas como priorit\u00e1rias para a vacina\u00e7\u00e3o com a SpikeVax s\u00e3o:<\/p>\n<ul>\n<li>diabetes mellitus;<\/li>\n<li>pneumopatias cr\u00f4nicas graves;<\/li>\n<li>hipertens\u00e3o arterial resistente (HAR);<\/li>\n<li>hipertens\u00e3o arterial est\u00e1gio 3;<\/li>\n<li>hipertens\u00e3o arterial est\u00e1gios 1 e 2 com les\u00e3o em \u00f3rg\u00e3o-alvo;<\/li>\n<li>insufici\u00eancia card\u00edaca;<\/li>\n<li>cor pulmonale e hipertens\u00e3o pulmonar;<\/li>\n<li>cardiopatia hipertensiva;<\/li>\n<li>s\u00edndromes coronarianas;<\/li>\n<li>valvopatias;<\/li>\n<li>miocardiopatias e pericardiopatias;<\/li>\n<li>doen\u00e7as da aorta, dos grandes vasos e f\u00edstulas arteriovenosas;<\/li>\n<li>arritmias card\u00edacas;<\/li>\n<li>cardiopatias cong\u00eanitas em adultos;<\/li>\n<li>pr\u00f3teses valvares e dispositivos card\u00edacos implantados;<\/li>\n<li>doen\u00e7as neurol\u00f3gicas cr\u00f4nicas e distrofias musculares;<\/li>\n<li>doen\u00e7a renal cr\u00f4nica;<\/li>\n<li>hemoglobinopatias e disfun\u00e7\u00f5es espl\u00eanicas graves;<\/li>\n<li>obesidade m\u00f3rbida (\u00edndice de massa corporal maior ou igual a 40);<\/li>\n<li>s\u00edndrome de Down e outras trissomias;<\/li>\n<li>doen\u00e7a hep\u00e1tica cr\u00f4nica.<\/li>\n<\/ul>\n<h2>Entenda<\/h2>\n<p>A aquisi\u00e7\u00e3o da nova vacina tem como proposta atualizar a prote\u00e7\u00e3o contra a covid-19, j\u00e1 que a SpikeVax protege contra variantes do v\u00edrus que surgiram mais recentemente, al\u00e9m de suas sublinhagens, como a VOI JN.1 e a VOI XBB 1.5.<\/p>\n<p>Ainda de acordo com a Secretaria de Sa\u00fade, a dose produzida pela Moderna pode ser administrada juntamente com outras vacinas, exceto a da dengue. \u201cNa pr\u00e1tica, \u00e9 poss\u00edvel atualizar diversos esquemas vacinais simultaneamente, incluindo, por exemplo, a vacina contra a gripe (influenza), t\u00e9tano, febre amarela, sempre de acordo com o calend\u00e1rio vacinal\u201d.<\/p>\n<p>A lista dos locais de vacina\u00e7\u00e3o no Distrito Federal <a href=\"https:\/\/www.saude.df.gov.br\/reforco-covid\" target=\"_top\" rel=\"noopener\">pode ser acessada aqui<\/a>.<\/p>\n<\/p><\/div>\n<p><br \/>\n<br \/><a href=\"https:\/\/agenciabrasil.ebc.com.br\/saude\/noticia\/2024-05\/spikevax-df-comeca-aplicar-nova-dose-contra-covid-19\" rel=\"noopener\">Ag\u00eancia Brasil <\/a><\/p>\n","protected":false},"excerpt":{"rendered":"<p>A Secretaria de Sa\u00fade do Distrito Federal come\u00e7a a aplicar, nesta quarta-feira (15), a vacina contra a covid-19 SpikeVax, da farmac\u00eautica Moderna. Os imunizantes se destinam a crian\u00e7as de at\u00e9 4 anos, conforme calend\u00e1rio de rotina, e como dose de refor\u00e7o para os seguintes grupos priorit\u00e1rios: pessoas com 60 anos ou mais; pessoas que vivem [&hellip;]<\/p>\n","protected":false},"author":1,"featured_media":5102,"comment_status":"open","ping_status":"open","sticky":false,"template":"","format":"standard","meta":{"_jetpack_newsletter_access":"","_jetpack_dont_email_post_to_subs":false,"_jetpack_newsletter_tier_id":0,"_jetpack_memberships_contains_paywalled_content":false,"_mbp_banners":[],"_jetpack_feature_clip_id":0,"_jetpack_memberships_contains_paid_content":false,"footnotes":"","jetpack_publicize_message":"","jetpack_publicize_feature_enabled":true,"jetpack_social_post_already_shared":true,"jetpack_social_options":{"image_generator_settings":{"template":"highway","default_image_id":0,"font":"","enabled":false},"version":2},"jetpack_post_was_ever_published":false},"categories":[15],"tags":[],"class_list":["post-5101","post","type-post","status-publish","format-standard","has-post-thumbnail","category-saude"],"jetpack_publicize_connections":[],"jetpack-related-posts":[],"jetpack_shortlink":"https:\/\/wp.me\/p7Eq1F-1kh","jetpack_sharing_enabled":true,"jetpack_featured_media_url":"https:\/\/i0.wp.com\/guialimeira.com.br\/news\/wp-content\/uploads\/2024\/05\/img_3307.jpg?fit=1600%2C800&ssl=1","_links":{"self":[{"href":"https:\/\/guialimeira.com.br\/news\/wp-json\/wp\/v2\/posts\/5101","targetHints":{"allow":["GET"]}}],"collection":[{"href":"https:\/\/guialimeira.com.br\/news\/wp-json\/wp\/v2\/posts"}],"about":[{"href":"https:\/\/guialimeira.com.br\/news\/wp-json\/wp\/v2\/types\/post"}],"author":[{"embeddable":true,"href":"https:\/\/guialimeira.com.br\/news\/wp-json\/wp\/v2\/users\/1"}],"replies":[{"embeddable":true,"href":"https:\/\/guialimeira.com.br\/news\/wp-json\/wp\/v2\/comments?post=5101"}],"version-history":[{"count":0,"href":"https:\/\/guialimeira.com.br\/news\/wp-json\/wp\/v2\/posts\/5101\/revisions"}],"wp:featuredmedia":[{"embeddable":true,"href":"https:\/\/guialimeira.com.br\/news\/wp-json\/wp\/v2\/media\/5102"}],"wp:attachment":[{"href":"https:\/\/guialimeira.com.br\/news\/wp-json\/wp\/v2\/media?parent=5101"}],"wp:term":[{"taxonomy":"category","embeddable":true,"href":"https:\/\/guialimeira.com.br\/news\/wp-json\/wp\/v2\/categories?post=5101"},{"taxonomy":"post_tag","embeddable":true,"href":"https:\/\/guialimeira.com.br\/news\/wp-json\/wp\/v2\/tags?post=5101"}],"curies":[{"name":"wp","href":"https:\/\/api.w.org\/{rel}","templated":true}]}}