{"id":50981,"date":"2025-12-08T17:15:19","date_gmt":"2025-12-08T20:15:19","guid":{"rendered":"https:\/\/guialimeira.com.br\/?p=50981"},"modified":"2025-12-08T17:15:24","modified_gmt":"2025-12-08T20:15:24","slug":"bndes-aprova-r-4517-mi-para-suzano-modernizar-unidades-industriais","status":"publish","type":"post","link":"https:\/\/guialimeira.com.br\/news\/bndes-aprova-r-4517-mi-para-suzano-modernizar-unidades-industriais\/","title":{"rendered":"BNDES aprova R$ 451,7 mi para Suzano modernizar unidades industriais"},"content":{"rendered":"\n<p class=\"wp-block-paragraph\"><em>Recursos do Finem e do Fundo Clima permitir\u00e3o ampliar a capacidade de armazenagem de res\u00edduos e reduzir consumo de g\u00e1s natural<\/em><\/p>\n\n\n\n<p class=\"wp-block-paragraph\">O Banco Nacional de Desenvolvimento Econ\u00f4mico e Social (BNDES) aprovou financiamento no valor de R$ 451,7 milh\u00f5es para a Suzano S.A. modernizar, revitalizar estruturas e aumentar a capacidade de armazenagem em unidades industriais em Aracruz (ES), Limeira (SP), Mogi das Cruzes (SP), Mucuri (BA) e Tr\u00eas Lagoas (MS).<\/p>\n\n\n\n<p class=\"wp-block-paragraph\">O financiamento do Banco para os projetos, que contam com investimento total de R$ 700 milh\u00f5es, ter\u00e1 recursos do Finem (R$ 342,8 milh\u00f5es) e do Fundo Clima (R$ 108,9 milh\u00f5es). A expectativa \u00e9 que as interven\u00e7\u00f5es gerem 670 empregos diretos durante a implementa\u00e7\u00e3o e 286 empregos indiretos.<\/p>\n\n\n\n<p class=\"wp-block-paragraph\">Com esses recursos, a Suzano investir\u00e1 em oito projetos alinhados aos Compromissos para Renovar a Vida, conjunto de metas de longo prazo da companhia associadas aos Objetivos de Desenvolvimento Sustent\u00e1vel (ODS) da ONU. Essas iniciativas integram inova\u00e7\u00e3o, tecnologia e responsabilidade ambiental e visam apoiar um modelo produtivo voltado \u00e0 economia regenerativa e ao desenvolvimento sustent\u00e1vel.<\/p>\n\n\n\n<p class=\"wp-block-paragraph\">Em Aracruz, a empresa aumentar\u00e1 em 200.000 m<sup>3<\/sup>&nbsp;a capacidade de armazenamento de res\u00edduos do Aterro Industrial C, e implantar\u00e1 estrutura para a dragagem do lodo das lagoas da Esta\u00e7\u00e3o de Tratamento de Efluentes (ETE), garantindo a gest\u00e3o mais eficiente, adequada e segura dos res\u00edduos gerados no processo de produ\u00e7\u00e3o de celulose.<\/p>\n\n\n\n<p class=\"wp-block-paragraph\">Em Limeira, o projeto tem como objetivo principal melhorar a efici\u00eancia energ\u00e9tica da unidade industrial, com a redu\u00e7\u00e3o de consumo qu\u00edmicos e energ\u00e9ticos. Eliminar\u00e1 o consumo de g\u00e1s natural em cerca de 10,5 milh\u00f5es m<sup>3<\/sup>\/ano por meio da otimiza\u00e7\u00e3o da utiliza\u00e7\u00e3o de vapor no processo produtivo, resultando em cerca de 25 mil toneladas de CO<sub>2<\/sub>&nbsp;equivalentes a menos emitidos para a atmosfera.<\/p>\n\n\n\n<p class=\"wp-block-paragraph\">Em Mogi das Cruzes, a Suzano far\u00e1 adequa\u00e7\u00e3o rodovi\u00e1ria com a constru\u00e7\u00e3o de pistas de desacelera\u00e7\u00e3o e acelera\u00e7\u00e3o no acesso \u00e0 unidade industrial, ampliando a seguran\u00e7a vi\u00e1ria para colaboradores(as), motoristas e comunidade local e refor\u00e7ando a seguran\u00e7a como valor inegoci\u00e1vel da companhia.<\/p>\n\n\n\n<p class=\"wp-block-paragraph\">Em Mucuri, ser\u00e1 instalada a etapa de separa\u00e7\u00e3o de areia no processo de cozimento das Linhas 1 e 2 com a aquisi\u00e7\u00e3o de equipamentos e estrutura, al\u00e9m da revitaliza\u00e7\u00e3o dos difusores da Linha 1, incluindo a substitui\u00e7\u00e3o de peneiras, chapas perfuradas, sistemas de eleva\u00e7\u00e3o, raspadores e recupera\u00e7\u00e3o das estruturas de acesso. Os projetos t\u00eam como objetivo fortalecer as melhores pr\u00e1ticas de fabrica\u00e7\u00e3o, otimizar o consumo de qu\u00edmicos e garantir a maior qualidade do produto ao cliente.<\/p>\n\n\n\n<p class=\"wp-block-paragraph\">Na unidade de Tr\u00eas Lagoas, a empresa substituir\u00e1 as tr\u00eas bombas de cavaco da f\u00e1brica 1 para garantir maior confiabilidade operacional e efici\u00eancia no processo produtivo.<\/p>\n\n\n\n<p class=\"wp-block-paragraph\">\u201cO BNDES cumpre a miss\u00e3o dada pelo governo do presidente Lula de apoiar a moderniza\u00e7\u00e3o e a expans\u00e3o da capacidade produtiva da ind\u00fastria brasileira, o que inclui importante segmento como o de celulose. Em 2024, a produ\u00e7\u00e3o alcan\u00e7ou 25,5 milh\u00f5es de toneladas, crescimento de 5,2% em rela\u00e7\u00e3o a 2023, al\u00e9m de ampliar em 33,2% as exporta\u00e7\u00f5es para mais de US$ 10 bilh\u00f5es\u201d, explica o presidente do BNDES, Aloizio Mercadante.<\/p>\n\n\n\n<p class=\"wp-block-paragraph\">\u201cA parceria com o BNDES \u00e9 fundamental para que possamos viabilizar iniciativas importantes nas frentes de redu\u00e7\u00e3o de emiss\u00f5es e aumento da circularidade no processo produtivo e confiabilidade de equipamentos. Esse conjunto de iniciativas amplia a competitividade de todas as unidades que ser\u00e3o beneficiadas com esses investimentos\u201d, afirma o vice-presidente executivo de Finan\u00e7as e Rela\u00e7\u00f5es com Investidores da Suzano, Marcos Assump\u00e7\u00e3o.<\/p>\n\n\n\n<p class=\"wp-block-paragraph\"><strong>Fundo Clima<\/strong>&nbsp;\u2013&nbsp;\u00c9 um dos instrumentos da Pol\u00edtica Nacional sobre Mudan\u00e7a do Clima e se constitui em um fundo de natureza cont\u00e1bil, vinculado ao Minist\u00e9rio do Meio Ambiente e Mudan\u00e7a do Clima (MMA), com a finalidade de garantir recursos para apoio a projetos ou estudos e financiamento de empreendimentos que tenham como objetivo a mitiga\u00e7\u00e3o das mudan\u00e7as clim\u00e1ticas. Tem como objetivo apoiar a implanta\u00e7\u00e3o de empreendimentos, a aquisi\u00e7\u00e3o de m\u00e1quinas e equipamentos e o desenvolvimento tecnol\u00f3gico relacionados \u00e0 redu\u00e7\u00e3o de emiss\u00f5es de gases do efeito estufa e \u00e0 adapta\u00e7\u00e3o \u00e0s mudan\u00e7as do clima e aos seus efeitos.<\/p>\n\n\n\n<p class=\"wp-block-paragraph\"><strong>A Suzano<\/strong>&nbsp;<\/p>\n\n\n\n<p class=\"wp-block-paragraph\">A Suzano \u00e9 a maior produtora mundial de celulose, uma das maiores fabricantes de pap\u00e9is da Am\u00e9rica Latina e l\u00edder no segmento de papel higi\u00eanico no Brasil. A companhia adota as melhores pr\u00e1ticas de inova\u00e7\u00e3o e sustentabilidade para desenvolver produtos e solu\u00e7\u00f5es a partir de mat\u00e9ria-prima renov\u00e1vel. Os produtos da Suzano est\u00e3o presentes na vida de mais de 2 bilh\u00f5es de pessoas, cerca de 25% da popula\u00e7\u00e3o mundial, e incluem celulose; itens para higiene pessoal como papel higi\u00eanico e guardanapos; pap\u00e9is para embalagens, copos e canudos; pap\u00e9is para imprimir e escrever, entre outros produtos desenvolvidos para atender \u00e0 crescente necessidade do planeta por itens mais sustent\u00e1veis. Entre suas marcas no Brasil est\u00e3o Neve\u00ae, P\u00f3len\u00ae, Suzano Report\u00ae, Mimmo\u00ae, entre outras. Com sede no Brasil e opera\u00e7\u00f5es na Am\u00e9rica Latina, Am\u00e9rica do Norte, Europa e \u00c1sia, a empresa tem mais de 100 anos de hist\u00f3ria e a\u00e7\u00f5es negociadas nas bolsas do Brasil (SUZB3) e dos Estados Unidos (SUZ). Saiba mais em:&nbsp;<a href=\"http:\/\/www.suzano.com.br\/\" target=\"_blank\" rel=\"noreferrer noopener\">suzano.com.br&nbsp;<\/a><\/p>\n","protected":false},"excerpt":{"rendered":"<p>Recursos do Finem e do Fundo Clima permitir\u00e3o ampliar a capacidade de armazenagem de res\u00edduos e reduzir consumo de g\u00e1s natural O Banco Nacional de Desenvolvimento Econ\u00f4mico e Social (BNDES) aprovou financiamento no valor de R$ 451,7 milh\u00f5es para a Suzano S.A. modernizar, revitalizar estruturas e aumentar a capacidade de armazenagem em unidades industriais em [&hellip;]<\/p>\n","protected":false},"author":2,"featured_media":50982,"comment_status":"open","ping_status":"open","sticky":false,"template":"","format":"standard","meta":{"_jetpack_newsletter_access":"","_jetpack_dont_email_post_to_subs":false,"_jetpack_newsletter_tier_id":0,"_jetpack_memberships_contains_paywalled_content":false,"_mbp_banners":[],"_jetpack_feature_clip_id":0,"_jetpack_memberships_contains_paid_content":false,"footnotes":"","jetpack_publicize_message":"","jetpack_publicize_feature_enabled":true,"jetpack_social_post_already_shared":true,"jetpack_social_options":{"image_generator_settings":{"template":"highway","default_image_id":0,"font":"","enabled":false},"version":2},"jetpack_post_was_ever_published":false},"categories":[16],"tags":[],"class_list":["post-50981","post","type-post","status-publish","format-standard","has-post-thumbnail","category-local"],"jetpack_publicize_connections":[],"jetpack-related-posts":[],"jetpack_shortlink":"https:\/\/wp.me\/p7Eq1F-dgh","jetpack_sharing_enabled":true,"jetpack_featured_media_url":"https:\/\/i0.wp.com\/guialimeira.com.br\/news\/wp-content\/uploads\/2025\/12\/Unidade-Limeira_aerea.jpg?fit=1024%2C682&ssl=1","_links":{"self":[{"href":"https:\/\/guialimeira.com.br\/news\/wp-json\/wp\/v2\/posts\/50981","targetHints":{"allow":["GET"]}}],"collection":[{"href":"https:\/\/guialimeira.com.br\/news\/wp-json\/wp\/v2\/posts"}],"about":[{"href":"https:\/\/guialimeira.com.br\/news\/wp-json\/wp\/v2\/types\/post"}],"author":[{"embeddable":true,"href":"https:\/\/guialimeira.com.br\/news\/wp-json\/wp\/v2\/users\/2"}],"replies":[{"embeddable":true,"href":"https:\/\/guialimeira.com.br\/news\/wp-json\/wp\/v2\/comments?post=50981"}],"version-history":[{"count":1,"href":"https:\/\/guialimeira.com.br\/news\/wp-json\/wp\/v2\/posts\/50981\/revisions"}],"predecessor-version":[{"id":50986,"href":"https:\/\/guialimeira.com.br\/news\/wp-json\/wp\/v2\/posts\/50981\/revisions\/50986"}],"wp:featuredmedia":[{"embeddable":true,"href":"https:\/\/guialimeira.com.br\/news\/wp-json\/wp\/v2\/media\/50982"}],"wp:attachment":[{"href":"https:\/\/guialimeira.com.br\/news\/wp-json\/wp\/v2\/media?parent=50981"}],"wp:term":[{"taxonomy":"category","embeddable":true,"href":"https:\/\/guialimeira.com.br\/news\/wp-json\/wp\/v2\/categories?post=50981"},{"taxonomy":"post_tag","embeddable":true,"href":"https:\/\/guialimeira.com.br\/news\/wp-json\/wp\/v2\/tags?post=50981"}],"curies":[{"name":"wp","href":"https:\/\/api.w.org\/{rel}","templated":true}]}}