{"id":5094,"date":"2024-05-15T10:24:45","date_gmt":"2024-05-15T13:24:45","guid":{"rendered":"https:\/\/guialimeira.com.br\/2024\/05\/15\/esta-disponivel-a-consulta-publica-da-lei-aldir-blanc\/"},"modified":"2024-05-15T10:24:45","modified_gmt":"2024-05-15T13:24:45","slug":"esta-disponivel-a-consulta-publica-da-lei-aldir-blanc","status":"publish","type":"post","link":"https:\/\/guialimeira.com.br\/news\/esta-disponivel-a-consulta-publica-da-lei-aldir-blanc\/","title":{"rendered":"Est\u00e1 dispon\u00edvel a consulta p\u00fablica da Lei Aldir Blanc"},"content":{"rendered":"<p> <br \/>\n<\/p>\n<div>\n            <main class=\"\">&#13;<br \/>\n                &#13;<br \/>\n&#13;<br \/>\n&#13;<br \/>\n&#13;<br \/>\n    <img data-recalc-dims=\"1\" decoding=\"async\" src=\"https:\/\/i0.wp.com\/ecrie.com.br\/sistema\/conteudos\/imagem\/m_137_0_1_15052024101712.png?w=696&#038;ssl=1\" alt=\"Est\u00e1 dispon\u00edvel a consulta p\u00fablica da Lei Aldir Blanc\"\/>&#13;<br \/>\n&#13;<\/p>\n<p dir=\"ltr\" style=\"text-align: justify;\">A Prefeitura de Limeira, por meio da Secretaria de Cultura, abriu consulta p\u00fablica da Lei Aldir Blanc, destinada aos interessados em participar da elabora\u00e7\u00e3o e implementa\u00e7\u00e3o da Pol\u00edtica Nacional Aldir Blanc de Fomento \u00e0 Cultura &#8211; PNAB.<\/p>\n<p>&#13;<\/p>\n<p dir=\"ltr\" style=\"text-align: justify;\">A PNAB, institu\u00edda pela Lei Federal n\u00ba 14.399, de 08 de julho de 2022, tem como objetivo fomentar a cultura nacionalmente. A popularmente conhecida Lei Aldir Blanc 2, ter\u00e1 dura\u00e7\u00e3o de 5 anos e a Uni\u00e3o entregar\u00e1 aos Estados, Distrito Federal e Munic\u00edpios em parcela \u00fanica anual o valor correspondente a R$ 3.000.000.000 (tr\u00eas bilh\u00f5es de reais).<\/p>\n<p>&#13;<\/p>\n<p dir=\"ltr\" style=\"text-align: justify;\">O Conselho Municipal de Pol\u00edtica Cultural de Limeira (CMPC) recebe propostas sobre como os mecanismos de financiamento devem ser estruturados, quais setores devem ser contemplados e seus valores, e outros aspectos considerados relevantes. As informa\u00e7\u00f5es coletadas ser\u00e3o utilizadas para elabora\u00e7\u00e3o do Plano de A\u00e7\u00e3o para Execu\u00e7\u00e3o do PNAB, que tem o recebimento do repasse anual de R$ 1.920.390,40 para Limeira.<\/p>\n<p>&#13;<\/p>\n<p dir=\"ltr\" style=\"text-align: justify;\">A consulta acontece pelo link:\u00a0<a href=\"https:\/\/forms.gle\/ESD5xAeutdpdbXpM7\" target=\"_blank\" rel=\"noopener noreferrer\" data-saferedirecturl=\"https:\/\/www.google.com\/url?q=https:\/\/forms.gle\/ESD5xAeutdpdbXpM7&amp;source=gmail&amp;ust=1715865169929000&amp;usg=AOvVaw0Ua_CzyrEh3EQHK5_sKp5L\">https:\/\/forms.gle\/ESD5xA<wbr\/>eutdpdbXpM7<\/a>\u00a0e segue at\u00e9 domingo (19).\u00a0No dia 22 de maio, em reuni\u00e3o extraordin\u00e1ria do CMPC, ser\u00e1 realizada a apresenta\u00e7\u00e3o da consulta e todos os artistas podem participar.\u00a0<\/p>\n<p>&#13;<br \/>\n&#13;<br \/>\n&#13;<br \/>\n&#13;<\/p>\n<aside class=\"list-related no-print\">&#13;<br \/>\n        &#13;<br \/>\n&#13;<\/p>\n<article class=\"list-item noticias \">&#13;<br \/>\n                    <a class=\"list-item__img\" href=\"https:\/\/limeira.sp.gov.br\/imprensa\/noticias\/cultura\/clube-do-livro-conversa-sobre-a-biblioteca-da-meia-noite-nesta-quarta-15\" tabindex=\"-1\" aria-hidden=\"true\" rel=\"noopener\">&#13;<br \/>\n                        <img data-recalc-dims=\"1\" decoding=\"async\" src=\"https:\/\/i0.wp.com\/ecrie.com.br\/sistema\/conteudos\/imagem\/m_137_0_1_13052024141333.png?w=696&#038;ssl=1\" alt=\"Clube do Livro conversa sobre \u201cA Biblioteca da Meia-Noite\u201d nesta quarta (15)\"\/>&#13;<br \/>\n                    <\/a>&#13;<br \/>\n&#13;<br \/>\n                &#13;<br \/>\n            <\/article>\n<p>&#13;<\/p>\n<article class=\"list-item noticias \">&#13;<br \/>\n                    <a class=\"list-item__img\" href=\"https:\/\/limeira.sp.gov.br\/imprensa\/noticias\/cultura\/circuito-sesc-de-artes-e-destaque-da-semana\" tabindex=\"-1\" aria-hidden=\"true\" rel=\"noopener\">&#13;<br \/>\n                        <img data-recalc-dims=\"1\" decoding=\"async\" src=\"https:\/\/i0.wp.com\/ecrie.com.br\/sistema\/conteudos\/imagem\/m_137_0_1_13052024141143.jpg?w=696&#038;ssl=1\" alt=\"Circuito Sesc de Artes \u00e9 destaque da semana\"\/>&#13;<br \/>\n                    <\/a>&#13;<br \/>\n&#13;<br \/>\n                &#13;<br \/>\n            <\/article>\n<p>&#13;<\/p>\n<article class=\"list-item noticias \">&#13;<br \/>\n                    <a class=\"list-item__img\" href=\"https:\/\/limeira.sp.gov.br\/imprensa\/noticias\/cultura\/retreta-com-corporacao-musical-arthur-giambelli-e-neste-domingo-12-1\" tabindex=\"-1\" aria-hidden=\"true\" rel=\"noopener\">&#13;<br \/>\n                        <img data-recalc-dims=\"1\" decoding=\"async\" src=\"https:\/\/i0.wp.com\/ecrie.com.br\/sistema\/conteudos\/imagem\/m_137_0_1_22062023114351.jpeg?w=696&#038;ssl=1\" alt=\"Retreta com Corpora\u00e7\u00e3o Musical Arthur Giambelli \u00e9 neste domingo (12)\"\/>&#13;<br \/>\n                    <\/a>&#13;<br \/>\n&#13;<br \/>\n                &#13;<br \/>\n            <\/article>\n<p>&#13;<br \/>\n    <\/aside>\n<p>&#13;<br \/>\n&#13;<br \/>\n            <\/main><\/p><\/div>\n<p><br \/>\n<br \/><a href=\"https:\/\/limeira.sp.gov.br\/esta-disponivel-a-consulta-publica-da-lei-aldir-blanc\" rel=\"noopener\">Informa\u00e7\u00f5es da PML <\/a><\/p>\n","protected":false},"excerpt":{"rendered":"<p>&#13; &#13; &#13; &#13; &#13; &#13; &#13; A Prefeitura de Limeira, por meio da Secretaria de Cultura, abriu consulta p\u00fablica da Lei Aldir Blanc, destinada aos interessados em participar da elabora\u00e7\u00e3o e implementa\u00e7\u00e3o da Pol\u00edtica Nacional Aldir Blanc de Fomento \u00e0 Cultura &#8211; PNAB. &#13; A PNAB, institu\u00edda pela Lei Federal n\u00ba 14.399, de 08 [&hellip;]<\/p>\n","protected":false},"author":1,"featured_media":5095,"comment_status":"open","ping_status":"open","sticky":false,"template":"","format":"standard","meta":{"_jetpack_newsletter_access":"","_jetpack_dont_email_post_to_subs":false,"_jetpack_newsletter_tier_id":0,"_jetpack_memberships_contains_paywalled_content":false,"_mbp_banners":[],"_jetpack_feature_clip_id":0,"_jetpack_memberships_contains_paid_content":false,"footnotes":"","jetpack_publicize_message":"","jetpack_publicize_feature_enabled":true,"jetpack_social_post_already_shared":true,"jetpack_social_options":{"image_generator_settings":{"template":"highway","default_image_id":0,"font":"","enabled":false},"version":2},"jetpack_post_was_ever_published":false},"categories":[16],"tags":[],"class_list":["post-5094","post","type-post","status-publish","format-standard","has-post-thumbnail","category-local"],"jetpack_publicize_connections":[],"jetpack-related-posts":[],"jetpack_shortlink":"https:\/\/wp.me\/p7Eq1F-1ka","jetpack_sharing_enabled":true,"jetpack_featured_media_url":"https:\/\/i0.wp.com\/guialimeira.com.br\/news\/wp-content\/uploads\/2024\/05\/m_137_0_1_15052024101712.png?fit=1154%2C767&ssl=1","_links":{"self":[{"href":"https:\/\/guialimeira.com.br\/news\/wp-json\/wp\/v2\/posts\/5094","targetHints":{"allow":["GET"]}}],"collection":[{"href":"https:\/\/guialimeira.com.br\/news\/wp-json\/wp\/v2\/posts"}],"about":[{"href":"https:\/\/guialimeira.com.br\/news\/wp-json\/wp\/v2\/types\/post"}],"author":[{"embeddable":true,"href":"https:\/\/guialimeira.com.br\/news\/wp-json\/wp\/v2\/users\/1"}],"replies":[{"embeddable":true,"href":"https:\/\/guialimeira.com.br\/news\/wp-json\/wp\/v2\/comments?post=5094"}],"version-history":[{"count":0,"href":"https:\/\/guialimeira.com.br\/news\/wp-json\/wp\/v2\/posts\/5094\/revisions"}],"wp:featuredmedia":[{"embeddable":true,"href":"https:\/\/guialimeira.com.br\/news\/wp-json\/wp\/v2\/media\/5095"}],"wp:attachment":[{"href":"https:\/\/guialimeira.com.br\/news\/wp-json\/wp\/v2\/media?parent=5094"}],"wp:term":[{"taxonomy":"category","embeddable":true,"href":"https:\/\/guialimeira.com.br\/news\/wp-json\/wp\/v2\/categories?post=5094"},{"taxonomy":"post_tag","embeddable":true,"href":"https:\/\/guialimeira.com.br\/news\/wp-json\/wp\/v2\/tags?post=5094"}],"curies":[{"name":"wp","href":"https:\/\/api.w.org\/{rel}","templated":true}]}}