{"id":50792,"date":"2025-12-04T11:17:25","date_gmt":"2025-12-04T14:17:25","guid":{"rendered":"https:\/\/guialimeira.com.br\/?p=50792"},"modified":"2025-12-04T11:17:25","modified_gmt":"2025-12-04T14:17:25","slug":"chegada-do-papai-noel-em-cordeiropolis-e-nesta-sexta-5-prefeitura-municipal-de-cordeiropolis","status":"publish","type":"post","link":"https:\/\/guialimeira.com.br\/news\/chegada-do-papai-noel-em-cordeiropolis-e-nesta-sexta-5-prefeitura-municipal-de-cordeiropolis\/","title":{"rendered":"Chegada do Papai Noel em Cordeir\u00f3polis \u00e9 nesta sexta (5) \u2013 Prefeitura Municipal de Cordeir\u00f3polis"},"content":{"rendered":"<p> <br \/>\n<\/p>\n<div>\n<p>O Papai Noel chega nesta sexta-feira (5) \u00e0 Pra\u00e7a Central \u201cComendador Jamil Abrah\u00e3o Saad\u201d, a partir das 19h, em Cordeir\u00f3polis. O \u201cBom Velhinho\u201d ficar\u00e1 em uma estrutura que remete a uma Esta\u00e7\u00e3o, pr\u00f3xima a igreja, para atender toda a popula\u00e7\u00e3o. A programa\u00e7\u00e3o de sexta-feira tamb\u00e9m inclui a apresenta\u00e7\u00e3o do Projeto Guri, que ser\u00e1 \u00e0s 20h.<\/p>\n<p>No s\u00e1bado (6), o Trio VCR marcar\u00e1 presen\u00e7a no palco da pra\u00e7a a partir das 20h. No domingo (7), tamb\u00e9m \u00e0s 20h, tem a apresenta\u00e7\u00e3o do Gr\u00eamio Seresteiro Rio Clarense. O Natal Iluminado segue at\u00e9 21 de dezembro com uma programa\u00e7\u00e3o diversificada na Pra\u00e7a Central. O Papai Noel atender\u00e1 a popula\u00e7\u00e3o nos dias dos eventos. A realiza\u00e7\u00e3o \u00e9 da Secretaria de Cultura, Turismo e Eventos.<\/p>\n<\/p><\/div>\n<p><br \/>\n<br \/><a href=\"https:\/\/www.cordeiropolis.sp.gov.br\/chegada-do-papai-noel-em-cordeiropolis-e-nesta-sexta-5\/\" rel=\"noopener\">Informa\u00e7\u00f5es Cordeir\u00f3polis <\/a><\/p>\n","protected":false},"excerpt":{"rendered":"<p>O Papai Noel chega nesta sexta-feira (5) \u00e0 Pra\u00e7a Central \u201cComendador Jamil Abrah\u00e3o Saad\u201d, a partir das 19h, em Cordeir\u00f3polis. O \u201cBom Velhinho\u201d ficar\u00e1 em uma estrutura que remete a uma Esta\u00e7\u00e3o, pr\u00f3xima a igreja, para atender toda a popula\u00e7\u00e3o. A programa\u00e7\u00e3o de sexta-feira tamb\u00e9m inclui a apresenta\u00e7\u00e3o do Projeto Guri, que ser\u00e1 \u00e0s 20h. [&hellip;]<\/p>\n","protected":false},"author":1,"featured_media":0,"comment_status":"open","ping_status":"open","sticky":false,"template":"","format":"standard","meta":{"_jetpack_newsletter_access":"","_jetpack_dont_email_post_to_subs":false,"_jetpack_newsletter_tier_id":0,"_jetpack_memberships_contains_paywalled_content":false,"_mbp_banners":[],"_jetpack_feature_clip_id":0,"_jetpack_memberships_contains_paid_content":false,"footnotes":"","jetpack_publicize_message":"","jetpack_publicize_feature_enabled":true,"jetpack_social_post_already_shared":true,"jetpack_social_options":{"image_generator_settings":{"template":"highway","default_image_id":0,"font":"","enabled":false},"version":2},"jetpack_post_was_ever_published":false},"categories":[20],"tags":[],"class_list":["post-50792","post","type-post","status-publish","format-standard","category-regiao"],"jetpack_publicize_connections":[],"jetpack-related-posts":[],"jetpack_shortlink":"https:\/\/wp.me\/p7Eq1F-dde","jetpack_sharing_enabled":true,"jetpack_featured_media_url":"","_links":{"self":[{"href":"https:\/\/guialimeira.com.br\/news\/wp-json\/wp\/v2\/posts\/50792","targetHints":{"allow":["GET"]}}],"collection":[{"href":"https:\/\/guialimeira.com.br\/news\/wp-json\/wp\/v2\/posts"}],"about":[{"href":"https:\/\/guialimeira.com.br\/news\/wp-json\/wp\/v2\/types\/post"}],"author":[{"embeddable":true,"href":"https:\/\/guialimeira.com.br\/news\/wp-json\/wp\/v2\/users\/1"}],"replies":[{"embeddable":true,"href":"https:\/\/guialimeira.com.br\/news\/wp-json\/wp\/v2\/comments?post=50792"}],"version-history":[{"count":1,"href":"https:\/\/guialimeira.com.br\/news\/wp-json\/wp\/v2\/posts\/50792\/revisions"}],"predecessor-version":[{"id":50793,"href":"https:\/\/guialimeira.com.br\/news\/wp-json\/wp\/v2\/posts\/50792\/revisions\/50793"}],"wp:attachment":[{"href":"https:\/\/guialimeira.com.br\/news\/wp-json\/wp\/v2\/media?parent=50792"}],"wp:term":[{"taxonomy":"category","embeddable":true,"href":"https:\/\/guialimeira.com.br\/news\/wp-json\/wp\/v2\/categories?post=50792"},{"taxonomy":"post_tag","embeddable":true,"href":"https:\/\/guialimeira.com.br\/news\/wp-json\/wp\/v2\/tags?post=50792"}],"curies":[{"name":"wp","href":"https:\/\/api.w.org\/{rel}","templated":true}]}}