{"id":50753,"date":"2025-12-03T14:51:11","date_gmt":"2025-12-03T17:51:11","guid":{"rendered":"https:\/\/guialimeira.com.br\/?p=50753"},"modified":"2025-12-03T14:51:12","modified_gmt":"2025-12-03T17:51:12","slug":"centro-infantil-milton-no-sao-francisco-e-invadido-e-vandalizado-prefeitura-municipal-de-cordeiropolis","status":"publish","type":"post","link":"https:\/\/guialimeira.com.br\/news\/centro-infantil-milton-no-sao-francisco-e-invadido-e-vandalizado-prefeitura-municipal-de-cordeiropolis\/","title":{"rendered":"Centro Infantil Milton, no S\u00e3o Francisco, \u00e9 invadido e vandalizado \u2013 Prefeitura Municipal de Cordeir\u00f3polis"},"content":{"rendered":"<p> <br \/>\n<\/p>\n<div>\n<p>O Centro de Educa\u00e7\u00e3o Infantil (CEI) Milton Antonio Vitte, no Jardim S\u00e3o Francisco, foi invadido na madrugada desta quarta-feira (3). Houve diversos danos, como vidros e janelas quebrados, al\u00e9m do furto de panela e de um velotrol dos alunos. Dois boletins de ocorr\u00eancia foram registrados.<\/p>\n<p>De acordo com a Secretaria de Educa\u00e7\u00e3o, o atendimento no CEI n\u00e3o ser\u00e1 afetado, uma vez que a creche passa por reforma do telhado e os alunos foram remanejados para outras unidades. Respons\u00e1vel pela pasta, Regiani Dias repudiou a a\u00e7\u00e3o criminosa.<\/p>\n<figure class=\"wp-block-gallery has-nested-images columns-default is-cropped wp-block-gallery-1 is-layout-flex wp-block-gallery-is-layout-flex\">\n<figure class=\"wp-block-image size-large\"><img data-recalc-dims=\"1\" loading=\"lazy\" decoding=\"async\" width=\"591\" height=\"657\" data-id=\"31826\" src=\"https:\/\/i0.wp.com\/guialimeira.com.br\/wp-content\/uploads\/2025\/12\/Centro-Infantil-Milton-no-Sao-Francisco-e-invadido-e-vandalizado.jpeg?resize=591%2C657&#038;ssl=1\" alt=\"\" class=\"wp-image-31826\" \/><\/figure>\n<figure class=\"wp-block-image size-large\"><img data-recalc-dims=\"1\" decoding=\"async\" data-attachment-id=\"31825\" data-permalink=\"https:\/\/guialimeira.com.br\/news\/conab-estima-producao-de-6634-milhoes-de-toneladas-de-cana\/cana-de-acucar-jpg-2\/\" data-orig-file=\"https:\/\/i0.wp.com\/guialimeira.com.br\/news\/wp-content\/uploads\/2025\/04\/cana-de-acucar.jpg?fit=1600%2C800&amp;ssl=1\" data-orig-size=\"1600,800\" data-comments-opened=\"1\" data-image-meta=\"{&quot;aperture&quot;:&quot;0&quot;,&quot;credit&quot;:&quot;&quot;,&quot;camera&quot;:&quot;&quot;,&quot;caption&quot;:&quot;&quot;,&quot;created_timestamp&quot;:&quot;0&quot;,&quot;copyright&quot;:&quot;&quot;,&quot;focal_length&quot;:&quot;0&quot;,&quot;iso&quot;:&quot;0&quot;,&quot;shutter_speed&quot;:&quot;0&quot;,&quot;title&quot;:&quot;&quot;,&quot;orientation&quot;:&quot;0&quot;}\" data-image-title=\"cana-de-acucar.jpg\" data-image-description=\"\" data-image-caption=\"\" data-large-file=\"https:\/\/i0.wp.com\/guialimeira.com.br\/news\/wp-content\/uploads\/2025\/04\/cana-de-acucar.jpg?fit=696%2C348&amp;ssl=1\" loading=\"lazy\" width=\"591\" height=\"731\" data-id=\"31825\" src=\"https:\/\/i0.wp.com\/guialimeira.com.br\/wp-content\/uploads\/2025\/12\/1764784271_898_Centro-Infantil-Milton-no-Sao-Francisco-e-invadido-e-vandalizado.jpeg?resize=591%2C731&#038;ssl=1\" alt=\"\" class=\"wp-image-31825\" \/><\/figure>\n<figure class=\"wp-block-image size-large\"><img data-recalc-dims=\"1\" decoding=\"async\" loading=\"lazy\" width=\"696\" height=\"860\" data-id=\"31824\" src=\"https:\/\/i0.wp.com\/guialimeira.com.br\/wp-content\/uploads\/2025\/12\/1764784271_633_Centro-Infantil-Milton-no-Sao-Francisco-e-invadido-e-vandalizado.jpeg?resize=696%2C860&#038;ssl=1\" alt=\"\" class=\"wp-image-31824\" \/><\/figure>\n<\/figure><\/div>\n<p><br \/>\n<br \/><a href=\"https:\/\/www.cordeiropolis.sp.gov.br\/centro-infantil-milton-no-sao-francisco-e-invadido-e-vandalizado\/\" rel=\"noopener\">Informa\u00e7\u00f5es Cordeir\u00f3polis <\/a><\/p>\n","protected":false},"excerpt":{"rendered":"<p>O Centro de Educa\u00e7\u00e3o Infantil (CEI) Milton Antonio Vitte, no Jardim S\u00e3o Francisco, foi invadido na madrugada desta quarta-feira (3). Houve diversos danos, como vidros e janelas quebrados, al\u00e9m do furto de panela e de um velotrol dos alunos. Dois boletins de ocorr\u00eancia foram registrados. De acordo com a Secretaria de Educa\u00e7\u00e3o, o atendimento no [&hellip;]<\/p>\n","protected":false},"author":1,"featured_media":0,"comment_status":"open","ping_status":"open","sticky":false,"template":"","format":"standard","meta":{"_jetpack_newsletter_access":"","_jetpack_dont_email_post_to_subs":false,"_jetpack_newsletter_tier_id":0,"_jetpack_memberships_contains_paywalled_content":false,"_mbp_banners":[],"_jetpack_feature_clip_id":0,"_jetpack_memberships_contains_paid_content":false,"footnotes":"","jetpack_publicize_message":"","jetpack_publicize_feature_enabled":true,"jetpack_social_post_already_shared":true,"jetpack_social_options":{"image_generator_settings":{"template":"highway","default_image_id":0,"font":"","enabled":false},"version":2},"jetpack_post_was_ever_published":false},"categories":[20],"tags":[],"class_list":["post-50753","post","type-post","status-publish","format-standard","category-regiao"],"jetpack_publicize_connections":[],"jetpack-related-posts":[],"jetpack_shortlink":"https:\/\/wp.me\/p7Eq1F-dcB","jetpack_sharing_enabled":true,"jetpack_featured_media_url":"","_links":{"self":[{"href":"https:\/\/guialimeira.com.br\/news\/wp-json\/wp\/v2\/posts\/50753","targetHints":{"allow":["GET"]}}],"collection":[{"href":"https:\/\/guialimeira.com.br\/news\/wp-json\/wp\/v2\/posts"}],"about":[{"href":"https:\/\/guialimeira.com.br\/news\/wp-json\/wp\/v2\/types\/post"}],"author":[{"embeddable":true,"href":"https:\/\/guialimeira.com.br\/news\/wp-json\/wp\/v2\/users\/1"}],"replies":[{"embeddable":true,"href":"https:\/\/guialimeira.com.br\/news\/wp-json\/wp\/v2\/comments?post=50753"}],"version-history":[{"count":1,"href":"https:\/\/guialimeira.com.br\/news\/wp-json\/wp\/v2\/posts\/50753\/revisions"}],"predecessor-version":[{"id":50754,"href":"https:\/\/guialimeira.com.br\/news\/wp-json\/wp\/v2\/posts\/50753\/revisions\/50754"}],"wp:attachment":[{"href":"https:\/\/guialimeira.com.br\/news\/wp-json\/wp\/v2\/media?parent=50753"}],"wp:term":[{"taxonomy":"category","embeddable":true,"href":"https:\/\/guialimeira.com.br\/news\/wp-json\/wp\/v2\/categories?post=50753"},{"taxonomy":"post_tag","embeddable":true,"href":"https:\/\/guialimeira.com.br\/news\/wp-json\/wp\/v2\/tags?post=50753"}],"curies":[{"name":"wp","href":"https:\/\/api.w.org\/{rel}","templated":true}]}}